{"id":14487,"date":"2025-02-25T13:46:56","date_gmt":"2025-02-25T12:46:56","guid":{"rendered":"https:\/\/kronika-futbolu.pl\/historia\/?p=14487"},"modified":"2025-02-25T14:15:34","modified_gmt":"2025-02-25T13:15:34","slug":"zbigniew-boniek-od-pilkarskiego-wirtuoza-do-wplywowego-dzialacza","status":"publish","type":"post","link":"https:\/\/kronika-futbolu.pl\/historia\/zbigniew-boniek-od-pilkarskiego-wirtuoza-do-wplywowego-dzialacza\/","title":{"rendered":"Zbigniew Boniek &#8211; od pi\u0142karskiego wirtuoza do wp\u0142ywowego dzia\u0142acza"},"content":{"rendered":"\n<p><strong>Za czas\u00f3w wyst\u0119p\u00f3w na zielonej murawie potrafi\u0142 porwa\u0107 publiczno\u015b\u0107. Jako by\u0142y prezes PZPN wzbudza skrajne emocje, ale jedno jest pewne: Zbigniew Boniek to posta\u0107 nietuzinkowa. &#8222;Zibi&#8221;, jak go nazywaj\u0105, uchodzi za jednego z najbardziej znanych i barwnych Polak\u00f3w na arenie mi\u0119dzynarodowej.<\/strong><\/p>\n\n\n\n<!--more-->\n\n\n\n<p>Z natury by\u0142 pomocnikiem, lecz sprawdza\u0142 si\u0119 r\u00f3wnie dobrze na skrzydle czy w roli napastnika. Imponowa\u0142 \u015bwietnym przyspieszeniem, nieszablonowym dryblingiem i potrafi\u0142 zaskoczy\u0107 rywala nawet wtedy, gdy nie spodziewano si\u0119 z jego strony zagro\u017cenia. Na boisku bywa\u0142 genialny, cho\u0107 momentami brakowa\u0142o mu taktycznego zdyscyplinowania. Jego znakiem rozpoznawczym jest charakterystyczny w\u0105s. Krytycy zarzucaj\u0105 mu, \u017ce &#8222;znika\u0142&#8221; podczas niekt\u00f3rych spotka\u0144, lecz zwolennicy podkre\u015blaj\u0105, i\u017c zwykle pojawia\u0142 si\u0119 w odpowiednim momencie i ratowa\u0142 wynik precyzyjnym strza\u0142em w ko\u0144c\u00f3wce. W 1982 roku zaj\u0105\u0142 trzecie miejsce w presti\u017cowym plebiscycie Z\u0142otej Pi\u0142ki.<\/p>\n\n\n\n<div id=\"ez-toc-container\" class=\"ez-toc-v2_0_75 counter-hierarchy ez-toc-counter ez-toc-grey ez-toc-container-direction\">\n<div class=\"ez-toc-title-container\">\n<p class=\"ez-toc-title\" style=\"cursor:inherit\">Table of Contents<\/p>\n<span class=\"ez-toc-title-toggle\"><a href=\"#\" class=\"ez-toc-pull-right ez-toc-btn ez-toc-btn-xs ez-toc-btn-default ez-toc-toggle\" aria-label=\"Toggle Table of Content\"><span class=\"ez-toc-js-icon-con\"><span class=\"\"><span class=\"eztoc-hide\" style=\"display:none;\">Toggle<\/span><span class=\"ez-toc-icon-toggle-span\"><svg style=\"fill: #999;color:#999\" xmlns=\"http:\/\/www.w3.org\/2000\/svg\" class=\"list-377408\" width=\"20px\" height=\"20px\" viewBox=\"0 0 24 24\" fill=\"none\"><path d=\"M6 6H4v2h2V6zm14 0H8v2h12V6zM4 11h2v2H4v-2zm16 0H8v2h12v-2zM4 16h2v2H4v-2zm16 0H8v2h12v-2z\" fill=\"currentColor\"><\/path><\/svg><svg style=\"fill: #999;color:#999\" class=\"arrow-unsorted-368013\" xmlns=\"http:\/\/www.w3.org\/2000\/svg\" width=\"10px\" height=\"10px\" viewBox=\"0 0 24 24\" version=\"1.2\" baseProfile=\"tiny\"><path d=\"M18.2 9.3l-6.2-6.3-6.2 6.3c-.2.2-.3.4-.3.7s.1.5.3.7c.2.2.4.3.7.3h11c.3 0 .5-.1.7-.3.2-.2.3-.5.3-.7s-.1-.5-.3-.7zM5.8 14.7l6.2 6.3 6.2-6.3c.2-.2.3-.5.3-.7s-.1-.5-.3-.7c-.2-.2-.4-.3-.7-.3h-11c-.3 0-.5.1-.7.3-.2.2-.3.5-.3.7s.1.5.3.7z\"\/><\/svg><\/span><\/span><\/span><\/a><\/span><\/div>\n<nav><ul class='ez-toc-list ez-toc-list-level-1 ' ><li class='ez-toc-page-1 ez-toc-heading-level-2'><a class=\"ez-toc-link ez-toc-heading-1\" href=\"https:\/\/kronika-futbolu.pl\/historia\/zbigniew-boniek-od-pilkarskiego-wirtuoza-do-wplywowego-dzialacza\/#W_barwach_Zawiszy_i_Widzewa\" >W barwach Zawiszy i Widzewa<\/a><\/li><li class='ez-toc-page-1 ez-toc-heading-level-2'><a class=\"ez-toc-link ez-toc-heading-2\" href=\"https:\/\/kronika-futbolu.pl\/historia\/zbigniew-boniek-od-pilkarskiego-wirtuoza-do-wplywowego-dzialacza\/#Wielki_Juventus_i_duet_z_Platinim\" >Wielki Juventus i duet z Platinim<\/a><\/li><li class='ez-toc-page-1 ez-toc-heading-level-2'><a class=\"ez-toc-link ez-toc-heading-3\" href=\"https:\/\/kronika-futbolu.pl\/historia\/zbigniew-boniek-od-pilkarskiego-wirtuoza-do-wplywowego-dzialacza\/#Zmierzch_w_AS_Romie\" >Zmierzch w AS Romie<\/a><\/li><li class='ez-toc-page-1 ez-toc-heading-level-2'><a class=\"ez-toc-link ez-toc-heading-4\" href=\"https:\/\/kronika-futbolu.pl\/historia\/zbigniew-boniek-od-pilkarskiego-wirtuoza-do-wplywowego-dzialacza\/#Wybitny_reprezentant_Polski\" >Wybitny reprezentant Polski<\/a><\/li><li class='ez-toc-page-1 ez-toc-heading-level-2'><a class=\"ez-toc-link ez-toc-heading-5\" href=\"https:\/\/kronika-futbolu.pl\/historia\/zbigniew-boniek-od-pilkarskiego-wirtuoza-do-wplywowego-dzialacza\/#Trener_i_dzialacz\" >Trener i dzia\u0142acz<\/a><\/li><li class='ez-toc-page-1 ez-toc-heading-level-2'><a class=\"ez-toc-link ez-toc-heading-6\" href=\"https:\/\/kronika-futbolu.pl\/historia\/zbigniew-boniek-od-pilkarskiego-wirtuoza-do-wplywowego-dzialacza\/#Zibi\" >Zibi<\/a><\/li><\/ul><\/nav><\/div>\n<h2 class=\"wp-block-heading\"><span class=\"ez-toc-section\" id=\"W_barwach_Zawiszy_i_Widzewa\"><\/span>W barwach Zawiszy i Widzewa<span class=\"ez-toc-section-end\"><\/span><\/h2>\n\n\n\n<p>Zbigniew Kazimierz Boniek przyszed\u0142 na \u015bwiat 3 marca 1956 roku w Bydgoszczy, w rodzinie ca\u0142kowicie oddanej pi\u0142ce no\u017cnej. Jego ojciec, J\u00f3zef, by\u0142 zar\u00f3wno zawodnikiem, jak i trenerem, wi\u0119c nic dziwnego, \u017ce m\u0142ody Zbyszek szybko zakocha\u0142 si\u0119 w futbolu. Pocz\u0105tkowo nie wr\u00f3\u017cono mu \u015bwiatowej s\u0142awy, jednak z czasem jego talent wzbudza\u0142 coraz wi\u0119ksze zainteresowanie. Szlify zdobywa\u0142 w Zawiszy Bydgoszcz, a potem wyst\u0119powa\u0142 w barwach Widzewa \u0141\u00f3d\u017a, gdzie sta\u0142 si\u0119 pierwszoplanow\u0105 postaci\u0105.<\/p>\n\n\n\n<p>Jego szybko\u015b\u0107, pewno\u015b\u0107 siebie i umiej\u0119tno\u015bci sprawi\u0142y, \u017ce coraz cz\u0119\u015bciej \u0142\u0105czono go z wyjazdem za granic\u0119, lecz w tamtych latach nie by\u0142a to oczywista \u015bcie\u017cka dla polskich zawodnik\u00f3w. Mimo to w 1982 roku, po dw\u00f3ch z rz\u0119du tytu\u0142ach mistrza Polski wywalczonych z Widzewem, doczeka\u0142 si\u0119 upragnionego transferu do s\u0142ynnego Juventusu.<\/p>\n\n\n\n<h2 class=\"wp-block-heading\"><span class=\"ez-toc-section\" id=\"Wielki_Juventus_i_duet_z_Platinim\"><\/span>Wielki Juventus i duet z Platinim<span class=\"ez-toc-section-end\"><\/span><\/h2>\n\n\n\n<p>Przenosiny &#8222;Zibiego&#8221; do Starej Damy by\u0142y ogromnym wydarzeniem. Ju\u017c w pierwszym sezonie na w\u0142oskiej ziemi zdoby\u0142 z dru\u017cyn\u0105 Puchar W\u0142och, wywalczy\u0142 wicemistrzostwo Serie A i zagra\u0142 w finale Pucharu Europy. Rok p\u00f3\u017aniej do\u0142o\u017cy\u0142 do tego mistrzostwo kraju oraz Puchar Zdobywc\u00f3w Puchar\u00f3w, a w zwyci\u0119skim 2:1 finale z FC Porto to w\u0142a\u015bnie on zanotowa\u0142 rozstrzygaj\u0105ce trafienie. Nied\u0142ugo potem si\u0119gn\u0105\u0142 z Juve po Superpuchar Europy, a nast\u0119pnie po najcenniejsze klubowe trofeum \u2013 Puchar Europy. Niestety fina\u0142 w Brukseli z 29 maja 1985 roku, wygrany przez Bianconerich 1:0 z Liverpoolem, zosta\u0142 przy\u0107miony tragedi\u0105 na stadionie Heysel.<\/p>\n\n\n\n<p>W barwach Juventusu Boniek stworzy\u0142 duet marze\u0144 z Michelem Platinim. Prezes ekipy z Turynu, Gianni Agnelli, nada\u0142 mu przydomek &#8222;Bello di notte&#8221;, zauwa\u017caj\u0105c \u017ce w wieczornych meczach europejskich puchar\u00f3w Polak gra\u0142 jak natchniony.<\/p>\n\n\n\n<h2 class=\"wp-block-heading\"><span class=\"ez-toc-section\" id=\"Zmierzch_w_AS_Romie\"><\/span>Zmierzch w AS Romie<span class=\"ez-toc-section-end\"><\/span><\/h2>\n\n\n\n<p>W 1985 roku &#8222;Zibi&#8221; zasili\u0142 AS Rom\u0119, z kt\u00f3r\u0105 wkr\u00f3tce si\u0119gn\u0105\u0142 po kolejne trofeum \u2013 Puchar W\u0142och. Coraz cz\u0119\u015bciej jednak my\u015bla\u0142 o zako\u0144czeniu kariery, co sta\u0142o si\u0119 faktem w 1988 roku. Gdy powoli traci\u0142 dynamik\u0119, zdarza\u0142o mu si\u0119 wyst\u0119powa\u0107 na pozycji libero, co dowodzi\u0142o, \u017ce nigdy nie brakowa\u0142o mu boiskowej inteligencji.<\/p>\n\n\n\n<h2 class=\"wp-block-heading\"><span class=\"ez-toc-section\" id=\"Wybitny_reprezentant_Polski\"><\/span>Wybitny reprezentant Polski<span class=\"ez-toc-section-end\"><\/span><\/h2>\n\n\n\n<p>Z orze\u0142kiem na piersi Zbigniew Boniek rozegra\u0142 80 spotka\u0144, strzelaj\u0105c 24 gole. Trzykrotnie wyst\u0119powa\u0142 na mistrzostwach \u015bwiata \u2013 w 1978, 1982 i 1986 roku. Najbardziej pami\u0119tny by\u0142 dla niego mundial w Hiszpanii w 1982 roku, kiedy to wydatnie przyczyni\u0142 si\u0119 do zdobycia przez Polsk\u0119 trzeciego miejsca. Zdoby\u0142 w\u00f3wczas cztery bramki, w tym hat-tricka przeciwko Belgii, i znalaz\u0142 si\u0119 w najlepszej jedenastce turnieju. Niestety nie m\u00f3g\u0142 zagra\u0107 w p\u00f3\u0142finale z powodu nadmiaru kartek, a Bia\u0142o-Czerwoni przegrali wtedy z W\u0142ochami, p\u00f3\u017aniejszymi mistrzami globu.<\/p>\n\n\n\n<h2 class=\"wp-block-heading\"><span class=\"ez-toc-section\" id=\"Trener_i_dzialacz\"><\/span>Trener i dzia\u0142acz<span class=\"ez-toc-section-end\"><\/span><\/h2>\n\n\n\n<p>Po zako\u0144czeniu kariery pi\u0142karskiej &#8222;Zibi&#8221; spr\u00f3bowa\u0142 swoich si\u0142 w roli trenera we w\u0142oskich klubach Lecce, Bari, Sambenedettese i Avellino, a w 2002 roku zosta\u0142 selekcjonerem reprezentacji Polski. Jednak jego przygoda z kadr\u0105 nie potrwa\u0142a d\u0142ugo \u2013 rozsta\u0142 si\u0119 z ni\u0105 po zaledwie pi\u0119ciu meczach i kompromituj\u0105cej pora\u017cce z \u0141otw\u0105. Nast\u0119pnie zaj\u0105\u0142 si\u0119 biznesem, pracuj\u0105c te\u017c jako ekspert i komentator telewizyjny. Cz\u0119sto plotkowano o jego rzekomej kandydaturze na urz\u0105d ministra sportu, ale wyra\u017anie dawa\u0142 do zrozumienia, \u017ce woli pozosta\u0107 przy futbolu i w\u0142asnych projektach. W 2012 roku stan\u0105\u0142 na czele Polskiego Zwi\u0105zku Pi\u0142ki No\u017cnej i pe\u0142ni\u0142 funkcj\u0119 prezesa niemal przez dekad\u0119. Obecnie jest wiceprezydentem UEFA, co plasuje go w \u015bcis\u0142ej czo\u0142\u00f3wce najbardziej wp\u0142ywowych postaci europejskiej pi\u0142ki.<\/p>\n\n\n\n<h2 class=\"wp-block-heading\"><span class=\"ez-toc-section\" id=\"Zibi\"><\/span>Zibi<span class=\"ez-toc-section-end\"><\/span><\/h2>\n\n\n\n<p>W 1976 roku Zbigniew Boniek po\u015blubi\u0142 Wies\u0142aw\u0119, romanistk\u0119, z kt\u00f3r\u0105 ma troje dzieci. Para mieszka w Rzymie, a by\u0142y pi\u0142karz podkre\u015bla, \u017ce to w\u0142a\u015bnie dzi\u0119ki \u017conie m\u00f3g\u0142 jednocze\u015bnie cieszy\u0107 si\u0119 sukcesami sportowymi oraz normaln\u0105 i stabiln\u0105 codzienno\u015bci\u0105. Z wykszta\u0142cenia jest nauczycielem wychowania fizycznego, a dyplom zdoby\u0142 jeszcze w trakcie czynnej gry.<\/p>\n\n\n\n<p>Mimo \u017ce min\u0119\u0142o ju\u017c ponad trzydzie\u015bci lat od tego jak zawiesi\u0142 buty na ko\u0142ku, &#8222;Zibi&#8221; wci\u0105\u017c cieszy si\u0119 ogromnym szacunkiem. \u00d3scar Boniek Garc\u00eda, by\u0142y reprezentant Hondurasu, otrzyma\u0142 swoje imi\u0119 na jego cze\u015b\u0107, podobnie jak Boniek Forbes z Gwinei-Bissau. Nie brakuje mu te\u017c innych dowod\u00f3w uznania, a w 2004 roku sam Pel\u00e9 uwzgl\u0119dni\u0142 go w gronie 125 najlepszych \u017cyj\u0105cych pi\u0142karzy.<\/p>\n","protected":false},"excerpt":{"rendered":"<p>Za czas\u00f3w wyst\u0119p\u00f3w na zielonej murawie potrafi\u0142 porwa\u0107 publiczno\u015b\u0107. Jako by\u0142y prezes PZPN wzbudza skrajne emocje, ale jedno jest pewne: Zbigniew Boniek to posta\u0107 nietuzinkowa. &#8222;Zibi&#8221;, jak go nazywaj\u0105, uchodzi za jednego z najbardziej znanych i barwnych Polak\u00f3w na arenie mi\u0119dzynarodowej.<\/p>\n","protected":false},"author":11,"featured_media":14491,"comment_status":"open","ping_status":"open","sticky":false,"template":"","format":"standard","meta":{"_acf_changed":false,"footnotes":""},"categories":[129,113],"tags":[395,669],"class_list":["post-14487","post","type-post","status-publish","format-standard","has-post-thumbnail","hentry","category-artykul","category-reprezentacja","tag-pilka-nozna","tag-zbigniew-boniek"],"acf":[],"_links":{"self":[{"href":"https:\/\/kronika-futbolu.pl\/historia\/wp-json\/wp\/v2\/posts\/14487","targetHints":{"allow":["GET"]}}],"collection":[{"href":"https:\/\/kronika-futbolu.pl\/historia\/wp-json\/wp\/v2\/posts"}],"about":[{"href":"https:\/\/kronika-futbolu.pl\/historia\/wp-json\/wp\/v2\/types\/post"}],"author":[{"embeddable":true,"href":"https:\/\/kronika-futbolu.pl\/historia\/wp-json\/wp\/v2\/users\/11"}],"replies":[{"embeddable":true,"href":"https:\/\/kronika-futbolu.pl\/historia\/wp-json\/wp\/v2\/comments?post=14487"}],"version-history":[{"count":8,"href":"https:\/\/kronika-futbolu.pl\/historia\/wp-json\/wp\/v2\/posts\/14487\/revisions"}],"predecessor-version":[{"id":14498,"href":"https:\/\/kronika-futbolu.pl\/historia\/wp-json\/wp\/v2\/posts\/14487\/revisions\/14498"}],"wp:featuredmedia":[{"embeddable":true,"href":"https:\/\/kronika-futbolu.pl\/historia\/wp-json\/wp\/v2\/media\/14491"}],"wp:attachment":[{"href":"https:\/\/kronika-futbolu.pl\/historia\/wp-json\/wp\/v2\/media?parent=14487"}],"wp:term":[{"taxonomy":"category","embeddable":true,"href":"https:\/\/kronika-futbolu.pl\/historia\/wp-json\/wp\/v2\/categories?post=14487"},{"taxonomy":"post_tag","embeddable":true,"href":"https:\/\/kronika-futbolu.pl\/historia\/wp-json\/wp\/v2\/tags?post=14487"}],"curies":[{"name":"wp","href":"https:\/\/api.w.org\/{rel}","templated":true}]}}