{"id":14511,"date":"2025-04-08T11:16:32","date_gmt":"2025-04-08T09:16:32","guid":{"rendered":"https:\/\/kronika-futbolu.pl\/historia\/?p=14511"},"modified":"2025-04-08T11:23:24","modified_gmt":"2025-04-08T09:23:24","slug":"grzegorz-lato-supersnajper-orlow-gorskiego","status":"publish","type":"post","link":"https:\/\/kronika-futbolu.pl\/historia\/grzegorz-lato-supersnajper-orlow-gorskiego\/","title":{"rendered":"Grzegorz Lato &#8211; supersnajper Or\u0142\u00f3w G\u00f3rskiego"},"content":{"rendered":"<p><strong>6 lipca 1974 roku. Stadion Olimpijski w Monachium sk\u0105pany jest w s\u0142o\u0144cu. Kolejnego dnia ma si\u0119 tu odby\u0107 fina\u0142 mistrzostw \u015bwiata mi\u0119dzy Niemcami a Holandi\u0105, ale dla Polski najwa\u017cniejszym wydarzeniem jest mecz o trzecie miejsce przeciwko Brazylii. To spotkanie mo\u017ce zmieni\u0107 wszystko &#8211; dla Bia\u0142o-Czerwonych i dla ca\u0142ej dru\u017cyny Kazimierza G\u00f3rskiego.<\/strong><!--more--><\/p>\n<p>76. minuta meczu. Grzegorz Lato rusza z impetem. B\u0142yskawiczny sprint, strza\u0142 i pi\u0142ka zatrzepota\u0142a w siatce Canarinhos. Polska wygrywa 1:0, staje na podium mundialu, a &#8222;Bolek&#8221; zostaje kr\u00f3lem strzelc\u00f3w turnieju z siedmioma golami na koncie. To jest moment narodzin nowej legendy polskiego futbolu.<\/p>\n<div id=\"ez-toc-container\" class=\"ez-toc-v2_0_75 counter-hierarchy ez-toc-counter ez-toc-grey ez-toc-container-direction\">\n<div class=\"ez-toc-title-container\">\n<p class=\"ez-toc-title\" style=\"cursor:inherit\">Table of Contents<\/p>\n<span class=\"ez-toc-title-toggle\"><a href=\"#\" class=\"ez-toc-pull-right ez-toc-btn ez-toc-btn-xs ez-toc-btn-default ez-toc-toggle\" aria-label=\"Toggle Table of Content\"><span class=\"ez-toc-js-icon-con\"><span class=\"\"><span class=\"eztoc-hide\" style=\"display:none;\">Toggle<\/span><span class=\"ez-toc-icon-toggle-span\"><svg style=\"fill: #999;color:#999\" xmlns=\"http:\/\/www.w3.org\/2000\/svg\" class=\"list-377408\" width=\"20px\" height=\"20px\" viewBox=\"0 0 24 24\" fill=\"none\"><path d=\"M6 6H4v2h2V6zm14 0H8v2h12V6zM4 11h2v2H4v-2zm16 0H8v2h12v-2zM4 16h2v2H4v-2zm16 0H8v2h12v-2z\" fill=\"currentColor\"><\/path><\/svg><svg style=\"fill: #999;color:#999\" class=\"arrow-unsorted-368013\" xmlns=\"http:\/\/www.w3.org\/2000\/svg\" width=\"10px\" height=\"10px\" viewBox=\"0 0 24 24\" version=\"1.2\" baseProfile=\"tiny\"><path d=\"M18.2 9.3l-6.2-6.3-6.2 6.3c-.2.2-.3.4-.3.7s.1.5.3.7c.2.2.4.3.7.3h11c.3 0 .5-.1.7-.3.2-.2.3-.5.3-.7s-.1-.5-.3-.7zM5.8 14.7l6.2 6.3 6.2-6.3c.2-.2.3-.5.3-.7s-.1-.5-.3-.7c-.2-.2-.4-.3-.7-.3h-11c-.3 0-.5.1-.7.3-.2.2-.3.5-.3.7s.1.5.3.7z\"\/><\/svg><\/span><\/span><\/span><\/a><\/span><\/div>\n<nav><ul class='ez-toc-list ez-toc-list-level-1 ' ><li class='ez-toc-page-1 ez-toc-heading-level-2'><a class=\"ez-toc-link ez-toc-heading-1\" href=\"https:\/\/kronika-futbolu.pl\/historia\/grzegorz-lato-supersnajper-orlow-gorskiego\/#Dziecinstwo_pelne_trudow\" >Dzieci\u0144stwo pe\u0142ne trud\u00f3w<\/a><\/li><li class='ez-toc-page-1 ez-toc-heading-level-2'><a class=\"ez-toc-link ez-toc-heading-2\" href=\"https:\/\/kronika-futbolu.pl\/historia\/grzegorz-lato-supersnajper-orlow-gorskiego\/#Poczatki_kariery_w_Stali_Mielec\" >Pocz\u0105tki kariery w Stali Mielec<\/a><\/li><li class='ez-toc-page-1 ez-toc-heading-level-2'><a class=\"ez-toc-link ez-toc-heading-3\" href=\"https:\/\/kronika-futbolu.pl\/historia\/grzegorz-lato-supersnajper-orlow-gorskiego\/#Droga_na_szczyt\" >Droga na szczyt<\/a><\/li><li class='ez-toc-page-1 ez-toc-heading-level-2'><a class=\"ez-toc-link ez-toc-heading-4\" href=\"https:\/\/kronika-futbolu.pl\/historia\/grzegorz-lato-supersnajper-orlow-gorskiego\/#Dojrzaly_strateg\" >Dojrza\u0142y strateg<\/a><\/li><li class='ez-toc-page-1 ez-toc-heading-level-2'><a class=\"ez-toc-link ez-toc-heading-5\" href=\"https:\/\/kronika-futbolu.pl\/historia\/grzegorz-lato-supersnajper-orlow-gorskiego\/#Zagraniczne_wyzwania\" >Zagraniczne wyzwania<\/a><\/li><li class='ez-toc-page-1 ez-toc-heading-level-2'><a class=\"ez-toc-link ez-toc-heading-6\" href=\"https:\/\/kronika-futbolu.pl\/historia\/grzegorz-lato-supersnajper-orlow-gorskiego\/#Trener_i_polityk\" >Trener i polityk<\/a><\/li><li class='ez-toc-page-1 ez-toc-heading-level-2'><a class=\"ez-toc-link ez-toc-heading-7\" href=\"https:\/\/kronika-futbolu.pl\/historia\/grzegorz-lato-supersnajper-orlow-gorskiego\/#Wieczna_legenda\" >Wieczna legenda<\/a><\/li><\/ul><\/nav><\/div>\n<h2><span class=\"ez-toc-section\" id=\"Dziecinstwo_pelne_trudow\"><\/span>Dzieci\u0144stwo pe\u0142ne trud\u00f3w<span class=\"ez-toc-section-end\"><\/span><\/h2>\n<p>\u017bycie Grzegorza Laty nigdy nie by\u0142o proste. Urodzi\u0142 si\u0119 8 kwietnia 1950 roku w Malborku, ale jego rodzina szybko przenios\u0142a si\u0119 do Mielca &#8211; robotniczego miasta na obszarze historycznej Ma\u0142opolski, gdzie ojciec dosta\u0142 prac\u0119 w zak\u0142adach lotniczych. Niestety, ch\u0142opak wcze\u015bnie straci\u0142 tat\u0119, a gdy mia\u0142 zaledwie dwadzie\u015bcia lat, odesz\u0142a r\u00f3wnie\u017c jego mama. W tych trudnych chwilach boisko sta\u0142o si\u0119 dla m\u0142odzie\u0144ca jedynym oparciem i miejscem, w kt\u00f3rym m\u00f3g\u0142 zapomnie\u0107 o b\u00f3lu i samotno\u015bci.<\/p>\n<h2><span class=\"ez-toc-section\" id=\"Poczatki_kariery_w_Stali_Mielec\"><\/span>Pocz\u0105tki kariery w Stali Mielec<span class=\"ez-toc-section-end\"><\/span><\/h2>\n<p>Przygod\u0119 z zielon\u0105 muraw\u0105 zacz\u0105\u0142 w m\u0142odzie\u017cowej dru\u017cynie Stali Mielec jako dwunastolatek. Wkr\u00f3tce zauwa\u017cono jego niezwyk\u0142y talent do gry ofensywnej. Debiut w I lidze zaliczy\u0142 w sierpniu 1970 roku w meczu przeciwko Wi\u015ble Krak\u00f3w, zdobywaj\u0105c od razu dwie bramki. Bardzo szybko sta\u0142 si\u0119 jednym z lider\u00f3w dru\u017cyny. W sezonie 1972\/1973 zdoby\u0142 z Bia\u0142o-Niebieskimi pierwsze w historii klubu mistrzostwo Polski, strzelaj\u0105c trzyna\u015bcie goli i zostaj\u0105c kr\u00f3lem strzelc\u00f3w. Trzy lata p\u00f3\u017aniej powt\u00f3rzy\u0142 z zespo\u0142em ten sukces, ponownie zgarniaj\u0105c koron\u0119 dla najlepszego snajpera rozgrywek.<\/p>\n<h2><span class=\"ez-toc-section\" id=\"Droga_na_szczyt\"><\/span>Droga na szczyt<span class=\"ez-toc-section-end\"><\/span><\/h2>\n<p>Po udanych wyst\u0119pach w krajowej lidze, Lato trafi\u0142 do reprezentacji Polski, debiutuj\u0105c w listopadzie 1971 roku w meczu z RFN. Mimo m\u0142odego wieku szybko sta\u0142 si\u0119 filarem kadry prowadzonej przez Kazimierza G\u00f3rskiego. W 1972 roku zdoby\u0142 z\u0142oty medal olimpijski w Monachium, cho\u0107 zagra\u0142 tam tylko jeden mecz. Najwi\u0119kszy sukces przyszed\u0142 dwa lata p\u00f3\u017aniej podczas pami\u0119tnych mistrzostw \u015bwiata w RFN. W\u00f3wczas wywalczy\u0142 nie tylko medal, ale zosta\u0142 r\u00f3wnie\u017c najlepszym strzelcem zmaga\u0144.<\/p>\n<p>W 1976 roku &#8222;Bolek&#8221; do swojej kolekcji dorzuci\u0142 srebrny medal olimpijski z Montrealu, gdzie strzeli\u0142 trzy gole. Dwa lata p\u00f3\u017aniej na mundial w Argentynie wyrusza\u0142 jako wielka gwiazda, lecz dru\u017cyna pod wodz\u0105 Jacka Gmocha odpad\u0142a ju\u017c w drugiej rundzie turnieju. Mimo to, Grzegorz dwukrotnie trafi\u0142 do siatki &#8211; zn\u00f3w pokonuj\u0105c mi\u0119dzy innymi golkipera Brazylii.<\/p>\n<h2><span class=\"ez-toc-section\" id=\"Dojrzaly_strateg\"><\/span>Dojrza\u0142y strateg<span class=\"ez-toc-section-end\"><\/span><\/h2>\n<p>Ostatnim wielkim turniejem Grzegorza Laty by\u0142y mistrzostwa \u015bwiata w Hiszpanii w 1982 roku. By\u0142 ju\u017c dojrza\u0142ym pi\u0142karzem, ale wci\u0105\u017c odgrywa\u0142 kluczow\u0105 rol\u0119 w reprezentacji Antoniego Piechniczka, cho\u0107 tym razem jako bardziej kreatywny pomocnik ni\u017c napastnik. Na P\u00f3\u0142wyspie Iberyjskim Polska ponownie zaj\u0119\u0142a trzecie miejsce, a on wpisa\u0142 si\u0119 na list\u0119 strzelc\u00f3w w pami\u0119tnym meczu z Peru, wygranym przez Bia\u0142o-Czerwonych a\u017c 5:1.<\/p>\n<h2><span class=\"ez-toc-section\" id=\"Zagraniczne_wyzwania\"><\/span>Zagraniczne wyzwania<span class=\"ez-toc-section-end\"><\/span><\/h2>\n<p>Po zako\u0144czeniu gry w Stali Mielec, w 1981 roku przeni\u00f3s\u0142 si\u0119 do belgijskiego KSC Lokeren, gdzie gra\u0142 u boku innej legendy polskiej pi\u0142ki &#8211; W\u0142odzimierza Luba\u0144skiego. W Belgii sp\u0119dzi\u0142 dwa sezony, zdobywaj\u0105c 12 goli w 64 meczach. Nast\u0119pnie podpisa\u0142 kontrakt z meksyka\u0144skim klubem Atlante FC, z kt\u00f3rym si\u0119gn\u0105\u0142 po presti\u017cowy Puchar Mistrz\u00f3w CONCACAF.<\/p>\n<h2><span class=\"ez-toc-section\" id=\"Trener_i_polityk\"><\/span>Trener i polityk<span class=\"ez-toc-section-end\"><\/span><\/h2>\n<p>Po zako\u0144czeniu kariery pi\u0142karskiej Grzegorz Lato pr\u00f3bowa\u0142 swoich si\u0142 jako trener, prowadz\u0105c Stal Mielec, Olimpi\u0119 Pozna\u0144, Amic\u0119 Wronki, AO Kavala i Widzew \u0141\u00f3d\u017a. Przez pewien czas mieszka\u0142 w Kanadzie, gdzie r\u00f3wnie\u017c trenowa\u0142 lokalne zespo\u0142y.<\/p>\n<p>Jego dzia\u0142alno\u015b\u0107 nie ogranicza\u0142a si\u0119 jednak tylko do futbolu. W latach 2001\u20132005 by\u0142 senatorem RP, reprezentuj\u0105c okr\u0119g rzeszowski z ramienia Sojuszu Lewicy Demokratycznej. Natomiast w latach 2008\u20132012 pe\u0142ni\u0142 funkcj\u0119 prezesa Polskiego Zwi\u0105zku Pi\u0142ki No\u017cnej, b\u0119d\u0105c jedn\u0105 z g\u0142\u00f3wnych postaci podczas organizacji Euro 2012 &#8211; najwi\u0119kszej imprezy sportowej w historii Polski.<\/p>\n<h2><span class=\"ez-toc-section\" id=\"Wieczna_legenda\"><\/span>Wieczna legenda<span class=\"ez-toc-section-end\"><\/span><\/h2>\n<p>&#8222;Lato, jesie\u0144, wiosna, zima &#8211; Grzegorz ci\u0105gle form\u0119 trzyma!&#8221; &#8211; tak skandowano na polskich stadionach. Dzi\u015b Grzegorz Lato pozostaje jednym z najwa\u017cniejszych symboli z\u0142otej ery polskiego futbolu. Cz\u0142owiekiem, kt\u00f3ry swoj\u0105 determinacj\u0105, talentem oraz niesamowit\u0105 szybko\u015bci\u0105 z pi\u0142k\u0105 przy nodze zdoby\u0142 serca milion\u00f3w Polak\u00f3w i na zawsze zapisa\u0142 si\u0119 w historii futbolu.<\/p>\n","protected":false},"excerpt":{"rendered":"<p>6 lipca 1974 roku. Stadion Olimpijski w Monachium sk\u0105pany jest w s\u0142o\u0144cu. Kolejnego dnia ma si\u0119 tu odby\u0107 fina\u0142 mistrzostw \u015bwiata mi\u0119dzy Niemcami a Holandi\u0105, ale dla Polski najwa\u017cniejszym wydarzeniem jest mecz o trzecie miejsce przeciwko Brazylii. To spotkanie mo\u017ce zmieni\u0107 wszystko &#8211; dla Bia\u0142o-Czerwonych i dla ca\u0142ej dru\u017cyny Kazimierza G\u00f3rskiego.<\/p>\n","protected":false},"author":11,"featured_media":14513,"comment_status":"open","ping_status":"open","sticky":false,"template":"","format":"standard","meta":{"_acf_changed":false,"footnotes":""},"categories":[129,113],"tags":[670,395],"class_list":["post-14511","post","type-post","status-publish","format-standard","has-post-thumbnail","hentry","category-artykul","category-reprezentacja","tag-grzegorz-lato","tag-pilka-nozna"],"acf":[],"_links":{"self":[{"href":"https:\/\/kronika-futbolu.pl\/historia\/wp-json\/wp\/v2\/posts\/14511","targetHints":{"allow":["GET"]}}],"collection":[{"href":"https:\/\/kronika-futbolu.pl\/historia\/wp-json\/wp\/v2\/posts"}],"about":[{"href":"https:\/\/kronika-futbolu.pl\/historia\/wp-json\/wp\/v2\/types\/post"}],"author":[{"embeddable":true,"href":"https:\/\/kronika-futbolu.pl\/historia\/wp-json\/wp\/v2\/users\/11"}],"replies":[{"embeddable":true,"href":"https:\/\/kronika-futbolu.pl\/historia\/wp-json\/wp\/v2\/comments?post=14511"}],"version-history":[{"count":3,"href":"https:\/\/kronika-futbolu.pl\/historia\/wp-json\/wp\/v2\/posts\/14511\/revisions"}],"predecessor-version":[{"id":14515,"href":"https:\/\/kronika-futbolu.pl\/historia\/wp-json\/wp\/v2\/posts\/14511\/revisions\/14515"}],"wp:featuredmedia":[{"embeddable":true,"href":"https:\/\/kronika-futbolu.pl\/historia\/wp-json\/wp\/v2\/media\/14513"}],"wp:attachment":[{"href":"https:\/\/kronika-futbolu.pl\/historia\/wp-json\/wp\/v2\/media?parent=14511"}],"wp:term":[{"taxonomy":"category","embeddable":true,"href":"https:\/\/kronika-futbolu.pl\/historia\/wp-json\/wp\/v2\/categories?post=14511"},{"taxonomy":"post_tag","embeddable":true,"href":"https:\/\/kronika-futbolu.pl\/historia\/wp-json\/wp\/v2\/tags?post=14511"}],"curies":[{"name":"wp","href":"https:\/\/api.w.org\/{rel}","templated":true}]}}