{"id":14529,"date":"2025-06-02T17:40:49","date_gmt":"2025-06-02T15:40:49","guid":{"rendered":"https:\/\/kronika-futbolu.pl\/historia\/?p=14529"},"modified":"2025-06-10T12:28:13","modified_gmt":"2025-06-10T10:28:13","slug":"liga-mistrzow-2024-podsumowanie","status":"publish","type":"post","link":"https:\/\/kronika-futbolu.pl\/historia\/liga-mistrzow-2024-podsumowanie\/","title":{"rendered":"Liga Mistrz\u00f3w 2024\/25: Rewolucyjny sezon pe\u0142en niespodzianek i historycznych moment\u00f3w. Podsumowanie"},"content":{"rendered":"\n<p><span style=\"font-weight: 400;\">Liga Mistrz\u00f3w UEFA 2024\/25 przejdzie do historii jako jedna z najbardziej prze\u0142omowych edycji presti\u017cowych europejskich rozgrywek. Po raz pierwszy w historii wprowadzono ca\u0142kowicie nowy format, kt\u00f3ry odmieni\u0142 oblicze Champions League, a kulminacj\u0105 by\u0142 spektakularny fina\u0142, w kt\u00f3rym Paris Saint-Germain zdoby\u0142o sw\u00f3j pierwszy w historii tytu\u0142, demoluj\u0105c Inter Mediolan wynikiem 5:0 na Allianz Arena w Monachium. Ten sezon dostarczy\u0142 fanom pi\u0142ki no\u017cnej niezapomnianych emocji, niespodzianek i rekord\u00f3w, kt\u00f3re na d\u0142ugo pozostan\u0105 w pami\u0119ci kibic\u00f3w na ca\u0142ym \u015bwiecie.<\/span><\/p>\n\n\n\n<div id=\"ez-toc-container\" class=\"ez-toc-v2_0_75 counter-hierarchy ez-toc-counter ez-toc-grey ez-toc-container-direction\">\n<div class=\"ez-toc-title-container\">\n<p class=\"ez-toc-title\" style=\"cursor:inherit\">Table of Contents<\/p>\n<span class=\"ez-toc-title-toggle\"><a href=\"#\" class=\"ez-toc-pull-right ez-toc-btn ez-toc-btn-xs ez-toc-btn-default ez-toc-toggle\" aria-label=\"Toggle Table of Content\"><span class=\"ez-toc-js-icon-con\"><span class=\"\"><span class=\"eztoc-hide\" style=\"display:none;\">Toggle<\/span><span class=\"ez-toc-icon-toggle-span\"><svg style=\"fill: #999;color:#999\" xmlns=\"http:\/\/www.w3.org\/2000\/svg\" class=\"list-377408\" width=\"20px\" height=\"20px\" viewBox=\"0 0 24 24\" fill=\"none\"><path d=\"M6 6H4v2h2V6zm14 0H8v2h12V6zM4 11h2v2H4v-2zm16 0H8v2h12v-2zM4 16h2v2H4v-2zm16 0H8v2h12v-2z\" fill=\"currentColor\"><\/path><\/svg><svg style=\"fill: #999;color:#999\" class=\"arrow-unsorted-368013\" xmlns=\"http:\/\/www.w3.org\/2000\/svg\" width=\"10px\" height=\"10px\" viewBox=\"0 0 24 24\" version=\"1.2\" baseProfile=\"tiny\"><path d=\"M18.2 9.3l-6.2-6.3-6.2 6.3c-.2.2-.3.4-.3.7s.1.5.3.7c.2.2.4.3.7.3h11c.3 0 .5-.1.7-.3.2-.2.3-.5.3-.7s-.1-.5-.3-.7zM5.8 14.7l6.2 6.3 6.2-6.3c.2-.2.3-.5.3-.7s-.1-.5-.3-.7c-.2-.2-.4-.3-.7-.3h-11c-.3 0-.5.1-.7.3-.2.2-.3.5-.3.7s.1.5.3.7z\"\/><\/svg><\/span><\/span><\/span><\/a><\/span><\/div>\n<nav><ul class='ez-toc-list ez-toc-list-level-1 ' ><li class='ez-toc-page-1 ez-toc-heading-level-2'><a class=\"ez-toc-link ez-toc-heading-1\" href=\"https:\/\/kronika-futbolu.pl\/historia\/liga-mistrzow-2024-podsumowanie\/#Rewolucyjny_format_%E2%80%93_koniec_z_faza_grupowa\" >Rewolucyjny format &#8211; koniec z faz\u0105 grupow\u0105<\/a><\/li><li class='ez-toc-page-1 ez-toc-heading-level-2'><a class=\"ez-toc-link ez-toc-heading-2\" href=\"https:\/\/kronika-futbolu.pl\/historia\/liga-mistrzow-2024-podsumowanie\/#Debiutanci_i_uczestnicy_%E2%80%93_nowe_twarze_w_elicie\" >Debiutanci i uczestnicy &#8211; nowe twarze w elicie<\/a><\/li><li class='ez-toc-page-1 ez-toc-heading-level-2'><a class=\"ez-toc-link ez-toc-heading-3\" href=\"https:\/\/kronika-futbolu.pl\/historia\/liga-mistrzow-2024-podsumowanie\/#Finansowa_potega_%E2%80%93_rekordowe_nagrody_pieniezne\" >Finansowa pot\u0119ga &#8211; rekordowe nagrody pieni\u0119\u017cne<\/a><\/li><li class='ez-toc-page-1 ez-toc-heading-level-2'><a class=\"ez-toc-link ez-toc-heading-4\" href=\"https:\/\/kronika-futbolu.pl\/historia\/liga-mistrzow-2024-podsumowanie\/#Gwiazdy_strzelcow_%E2%80%93_walka_o_korone_krola\" >Gwiazdy strzelc\u00f3w &#8211; walka o koron\u0119 kr\u00f3la<\/a><\/li><li class='ez-toc-page-1 ez-toc-heading-level-2'><a class=\"ez-toc-link ez-toc-heading-5\" href=\"https:\/\/kronika-futbolu.pl\/historia\/liga-mistrzow-2024-podsumowanie\/#Przebieg_rozgrywek_%E2%80%93_od_wrzesnia_do_maja\" >Przebieg rozgrywek &#8211; od wrze\u015bnia do maja<\/a><\/li><li class='ez-toc-page-1 ez-toc-heading-level-2'><a class=\"ez-toc-link ez-toc-heading-6\" href=\"https:\/\/kronika-futbolu.pl\/historia\/liga-mistrzow-2024-podsumowanie\/#Historyczny_final_%E2%80%93_triumf_PSG\" >Historyczny fina\u0142 &#8211; triumf PSG<\/a><\/li><li class='ez-toc-page-1 ez-toc-heading-level-2'><a class=\"ez-toc-link ez-toc-heading-7\" href=\"https:\/\/kronika-futbolu.pl\/historia\/liga-mistrzow-2024-podsumowanie\/#Podsumowanie_%E2%80%93_sezon_przelomowy\" >Podsumowanie &#8211; sezon prze\u0142omowy<\/a><\/li><\/ul><\/nav><\/div>\n<h2 class=\"wp-block-heading\"><span class=\"ez-toc-section\" id=\"Rewolucyjny_format_%E2%80%93_koniec_z_faza_grupowa\"><\/span><span style=\"font-weight: 400;\">Rewolucyjny format &#8211; koniec z faz\u0105 grupow\u0105<\/span><span class=\"ez-toc-section-end\"><\/span><\/h2>\n\n\n\n<p><span style=\"font-weight: 400;\">Najwi\u0119ksz\u0105 nowo\u015bci\u0105 sezonu 2024\/25 by\u0142o wprowadzenie ca\u0142kowicie nowego formatu rozgrywek, kt\u00f3ry zast\u0105pi\u0142 tradycyjn\u0105 faz\u0119 grupow\u0105 faz\u0105 ligow\u0105. Europejska Federacja Pi\u0142karska zdecydowa\u0142a si\u0119 na radykalne zmiany, zwi\u0119kszaj\u0105c liczb\u0119 uczestnik\u00f3w z 32 do 36 dru\u017cyn i wprowadzaj\u0105c system szwajcarski znany z turniej\u00f3w szachowych.<\/span><\/p>\n\n\n\n<p><span style=\"font-weight: 400;\">W nowej formule wszystkie zespo\u0142y zosta\u0142y umieszczone w jednej wielkiej tabeli, a ka\u017cda dru\u017cyna rozegra\u0142a osiem mecz\u00f3w z r\u00f3\u017cnymi przeciwnikami &#8211; cztery u siebie i cztery na wyje\u017adzie. System ten wyeliminowa\u0142 dotychczasowe grupy po cztery zespo\u0142y, oferuj\u0105c zamiast tego bardziej dynamiczne i nieprzewidywalne starcia mi\u0119dzy najlepszymi europejskimi klubami. Dru\u017cyny by\u0142y rozlosowywane wed\u0142ug czterech koszyk\u00f3w, przy czym ka\u017cdy zesp\u00f3\u0142 mierzy\u0142 si\u0119 z dwoma rywalami z ka\u017cdego koszyka.<\/span><\/p>\n\n\n\n<p><span style=\"font-weight: 400;\">Nowe zasady awansu r\u00f3wnie\u017c by\u0142y innowacyjne. Osiem najlepszych dru\u017cyn w tabeli ligowej awansowa\u0142o bezpo\u015brednio do 1\/8 fina\u0142u, podczas gdy zespo\u0142y z miejsc 9-24 musia\u0142y przej\u015b\u0107 przez dodatkow\u0105 rund\u0119 play-off. Ta zmiana oznacza\u0142a, \u017ce do fazy pucharowej awansowa\u0142o 24 zamiast dotychczasowych 16 dru\u017cyn, co zwi\u0119kszy\u0142o liczb\u0119 atrakcyjnych mecz\u00f3w w kolejnych rundach. Dru\u017cyny z miejsc 25-36 po prostu odpada\u0142y z rozgrywek, bez mo\u017cliwo\u015bci kontynuowania gry w Lidze Europy, jak mia\u0142o to miejsce w poprzednim formacie.<\/span><\/p>\n\n\n\n<h2 class=\"wp-block-heading\"><span class=\"ez-toc-section\" id=\"Debiutanci_i_uczestnicy_%E2%80%93_nowe_twarze_w_elicie\"><\/span><span style=\"font-weight: 400;\">Debiutanci i uczestnicy &#8211; nowe twarze w elicie<\/span><span class=\"ez-toc-section-end\"><\/span><\/h2>\n\n\n\n<p><span style=\"font-weight: 400;\">Sezon 2024\/25 przyni\u00f3s\u0142 czterech debiutant\u00f3w w rozgrywkach Ligi Mistrz\u00f3w. Aston Villa powr\u00f3ci\u0142a do europejskiej elity po latach nieobecno\u015bci, podczas gdy Bologna FC z polskimi reprezentantami Kacprem Urba\u0144skim i \u0141ukaszem Skorupskim po raz pierwszy w historii zakwalifikowa\u0142a si\u0119 do najwa\u017cniejszych klubowych rozgrywek w Europie. Francja zyska\u0142a niespodziewanego przedstawiciela w postaci Stade Brestois, kt\u00f3ry sensacyjnie wywalczy\u0142 awans, natomiast Hiszpania po raz pierwszy od wielu lat mog\u0142a pochwali\u0107 si\u0119 trzema przedstawicielami, gdy Girona FC do\u0142\u0105czy\u0142a do Realu Madryt i FC Barcelony.<\/span><\/p>\n\n\n\n<p><span style=\"font-weight: 400;\">W\u015br\u00f3d uczestnik\u00f3w znalaz\u0142o si\u0119 r\u00f3wnie\u017c wiele polskich reprezentant\u00f3w. Robert Lewandowski kontynuowa\u0142 swoj\u0105 przygod\u0119 z Barcelon\u0105, Piotr Zieli\u0144ski przeni\u00f3s\u0142 si\u0119 do Interu Mediolan, a Nicola Zalewski reprezentowa\u0142 barwy tego samego klubu. Do grona bia\u0142o-czerwonych w kadrach uczestnik\u00f3w do\u0142\u0105czyli tak\u017ce m\u0142odzi talenty: 18-letni Dariusz Stalmach z AC Milan i rok m\u0142odszy Robert Rachwa\u0142 z Celtiku.<\/span><\/p>\n\n\n\n<p><span style=\"font-weight: 400;\">Podzia\u0142 na koszyki odzwierciedla\u0142 aktualn\u0105 hierarchi\u0119 europejskiej pi\u0142ki klubowej. W pierwszym koszyku znale\u017ali si\u0119 mi\u0119dzy innymi broni\u0105cy tytu\u0142u Real Madryt, Manchester City, Bayern Monachium, Paris Saint-Germain, Liverpool i FC Barcelona. Drugi koszyk tworzyli tacy giganci jak Arsenal, Juventus, AC Milan czy Atletico Madryt, podczas gdy w ni\u017cszych koszycach znale\u017ali si\u0119 debiutanci oraz zespo\u0142y z mniejszych lig europejskich.<\/span><\/p>\n\n\n\n<h2 class=\"wp-block-heading\"><span class=\"ez-toc-section\" id=\"Finansowa_potega_%E2%80%93_rekordowe_nagrody_pieniezne\"><\/span><span style=\"font-weight: 400;\">Finansowa pot\u0119ga &#8211; rekordowe nagrody pieni\u0119\u017cne<\/span><span class=\"ez-toc-section-end\"><\/span><\/h2>\n\n\n\n<p><span style=\"font-weight: 400;\">Liga Mistrz\u00f3w 2024\/25 ustanowi\u0142a nowy rekord pod wzgl\u0119dem ca\u0142kowitej puli nagr\u00f3d, kt\u00f3ra wzros\u0142a z 2,03 miliarda euro w sezonie poprzednim do imponuj\u0105cych 2,437 miliarda euro. Zwi\u0119kszenie bud\u017cetu by\u0142o bezpo\u015brednio zwi\u0105zane z nowym formatem, kt\u00f3ry oznacza\u0142 wi\u0119cej mecz\u00f3w i wi\u0119ksze zainteresowanie medi\u00f3w oraz sponsor\u00f3w.<\/span><\/p>\n\n\n\n<p><span style=\"font-weight: 400;\">Struktura wyp\u0142at zosta\u0142a podzielona na kilka kategorii, przy czym 27,5% ca\u0142kowitej puli (670 milion\u00f3w euro) stanowi\u0142a op\u0142ata startowa, kt\u00f3r\u0105 r\u00f3wno podzielono mi\u0119dzy wszystkich 36 uczestnik\u00f3w. Pozosta\u0142e \u015brodki by\u0142y rozdzielane na podstawie wynik\u00f3w sportowych, wsp\u00f3\u0142czynnik\u00f3w historycznych oraz osi\u0105gni\u0119\u0107 w fazie ligowej i pucharowej. Zwyci\u0119zca turnieju m\u00f3g\u0142 liczy\u0107 na nagrod\u0119 w wysoko\u015bci 25 milion\u00f3w euro, podczas gdy finalista otrzymywa\u0142 18,5 miliona euro.<\/span><\/p>\n\n\n\n<p><span style=\"font-weight: 400;\">Ta finansowa rewolucja mia\u0142a ogromne znaczenie nie tylko dla europejskich gigant\u00f3w, ale szczeg\u00f3lnie dla mniejszych klub\u00f3w, kt\u00f3re dzi\u0119ki udzia\u0142owi w rozgrywkach mog\u0142y znacz\u0105co wzmocni\u0107 swoje bud\u017cety. Przyk\u0142adowo, Slovan Bratys\u0142awa, kt\u00f3ry posiada\u0142 najmniej warto\u015bciow\u0105 kadr\u0119 spo\u015br\u00f3d wszystkich uczestnik\u00f3w (11,3 miliona euro), m\u00f3g\u0142 dzi\u0119ki samemu udzia\u0142owi w fazie ligowej znacz\u0105co poprawi\u0107 swoj\u0105 sytuacj\u0119 finansow\u0105.<\/span><\/p>\n\n\n\n<h2 class=\"wp-block-heading\"><span class=\"ez-toc-section\" id=\"Gwiazdy_strzelcow_%E2%80%93_walka_o_korone_krola\"><\/span><span style=\"font-weight: 400;\">Gwiazdy strzelc\u00f3w &#8211; walka o koron\u0119 kr\u00f3la<\/span><span class=\"ez-toc-section-end\"><\/span><\/h2>\n\n\n\n<p><span style=\"font-weight: 400;\">Klasyfikacja strzelc\u00f3w sezonu 2024\/25 by\u0142a niezwykle wyr\u00f3wnana i emocjonuj\u0105ca do samego ko\u0144ca. Tytu\u0142em najskuteczniejszego gracza podzielili si\u0119 ex aequo <strong>Raphinha<\/strong> z FC Barcelony i <strong>Sehrou Guirassy<\/strong> z Borusii Dortmund, kt\u00f3rzy zdobyli po 13 bramek. Brazylijczyk z Barcelony mia\u0142 jednak przewag\u0119 w klasyfikacji asyst, notuj\u0105c dziewi\u0119\u0107 poda\u0144 na gola w por\u00f3wnaniu do czterech u niemieckiego rywala.<\/span><\/p>\n\n\n\n<p><span style=\"font-weight: 400;\">Trzeci\u0105 pozycj\u0119 w klasyfikacji zaj\u0119li <strong>Robert Lewandowski<\/strong> i <strong>Harry Kane<\/strong>, kt\u00f3rzy zdobyli po 11 bramek. Dla polskiego napastnika by\u0142 to trzeci najlepszy wynik w karierze w Lidze Mistrz\u00f3w, lepiej strzela\u0142 jedynie w sezonach 2019\/20 (15 goli) i 2021\/22 (13 goli). Kapitan reprezentacji Polski udowodni\u0142, \u017ce mimo 36 lat na karku wci\u0105\u017c nale\u017cy do \u015bwiatowej czo\u0142\u00f3wki, strzelaj\u0105c te 11 bramek w 13 spotkaniach.<\/span><\/p>\n\n\n\n<p><span style=\"font-weight: 400;\">W czo\u0142owej dziesi\u0105tce klasyfikacji znale\u017ali si\u0119 tak\u017ce Lautaro Martinez z Interu (9 goli), Ousmane Demb\u00e9l\u00e9 z PSG (8 goli), Vinicius Junior z Realu Madryt (8 goli) oraz Erling Haaland z Manchesteru City (8 goli). R\u00f3\u017cnorodno\u015b\u0107 nazwisk w klasyfikacji strzelc\u00f3w pokazywa\u0142a wyr\u00f3wnan\u0105 rywalizacj\u0119 i wysok\u0105 jako\u015b\u0107 pi\u0142karsk\u0105 ca\u0142ych rozgrywek.<\/span><\/p>\n\n\n\n<iframe loading=\"lazy\" width=\"560\" height=\"315\" src=\"https:\/\/www.youtube.com\/embed\/ZKPvWtWN18k?si=eYsUTRzYv0OvTFOd\" title=\"YouTube video player\" frameborder=\"0\" allow=\"accelerometer; autoplay; clipboard-write; encrypted-media; gyroscope; picture-in-picture; web-share\" referrerpolicy=\"strict-origin-when-cross-origin\" allowfullscreen><\/iframe>\n\n\n\n<h2 class=\"wp-block-heading\"><span class=\"ez-toc-section\" id=\"Przebieg_rozgrywek_%E2%80%93_od_wrzesnia_do_maja\"><\/span><span style=\"font-weight: 400;\">Przebieg rozgrywek &#8211; od wrze\u015bnia do maja<\/span><span class=\"ez-toc-section-end\"><\/span><\/h2>\n\n\n\n<p><span style=\"font-weight: 400;\">Faza ligowa rozpocz\u0119\u0142a si\u0119 17 wrze\u015bnia 2024 roku i trwa\u0142a do 29 stycznia 2025 roku. Ka\u017cdy zesp\u00f3\u0142 rozegra\u0142 osiem mecz\u00f3w w tej fazie, co oznacza\u0142o znacznie wi\u0119cej spotka\u0144 ni\u017c w tradycyjnej fazie grupowej, gdzie dru\u017cyny gra\u0142y jedynie sze\u015b\u0107 mecz\u00f3w. System ten zapewni\u0142 fanom wi\u0119cej atrakcyjnych star\u0107 ju\u017c na wczesnym etapie rozgrywek.<\/span><\/p>\n\n\n\n<p><span style=\"font-weight: 400;\">Faza pucharowa rozpocz\u0119\u0142a si\u0119 od play-off\u00f3w w dniach 11-12 lutego oraz 18-19 lutego 2025 roku. W tej rundzie uczestniczy\u0142y dru\u017cyny z miejsc 9-24 z fazy ligowej, kt\u00f3re walczy\u0142y o awans do 1\/8 fina\u0142u, gdzie czeka\u0142y ju\u017c na nie zespo\u0142y z pierwszej \u00f3semki. Kolejne rundy rozgrywano zgodnie z tradycyjnym harmonogramem &#8211; 1\/8 fina\u0142u w marcu, \u0107wier\u0107fina\u0142y w kwietniu, p\u00f3\u0142fina\u0142y na prze\u0142omie kwietnia i maja.<\/span><\/p>\n\n\n\n<p><span style=\"font-weight: 400;\">Fina\u0142 rozegrano tradycyjnie pod koniec maja, konkretnie 31 maja 2025 roku na Allianz Arena w Monachium. Wyb\u00f3r tego stadionu okaza\u0142 si\u0119 symboliczny, gdy\u017c arena Bayernu Monachium go\u015bci\u0142a jedno z najwa\u017cniejszych star\u0107 w historii Ligi Mistrz\u00f3w, kt\u00f3re przesz\u0142o do historii jako jeden z najbardziej jednostronnych fina\u0142\u00f3w w historii rozgrywek.<\/span><\/p>\n\n\n\n<h2 class=\"wp-block-heading\"><span class=\"ez-toc-section\" id=\"Historyczny_final_%E2%80%93_triumf_PSG\"><\/span><span style=\"font-weight: 400;\">Historyczny fina\u0142 &#8211; triumf PSG<\/span><span class=\"ez-toc-section-end\"><\/span><\/h2>\n\n\n\n<p><span style=\"font-weight: 400;\">Fina\u0142 mi\u0119dzy Paris Saint-Germain a Interem Mediolan na Allianz Arena w Monachium przejdzie do historii jako jeden z najbardziej jednostronnych w dziejach Ligi Mistrz\u00f3w. PSG, kt\u00f3re przez lata bezskutecznie \u015bciga\u0142o marzenie o pierwszym tytule w Champions League, w spektakularnym stylu pokona\u0142o w\u0142oski zesp\u00f3\u0142 5:0, ustanawiaj\u0105c nowy rekord najwy\u017cszego zwyci\u0119stwa w finale od 1994 roku.<\/span><\/p>\n\n\n\n<iframe loading=\"lazy\" width=\"560\" height=\"315\" src=\"https:\/\/www.youtube.com\/embed\/HzSzfNMdw6U?si=2DO1l1Bb3OY19_3G\" title=\"YouTube video player\" frameborder=\"0\" allow=\"accelerometer; autoplay; clipboard-write; encrypted-media; gyroscope; picture-in-picture; web-share\" referrerpolicy=\"strict-origin-when-cross-origin\" allowfullscreen><\/iframe>\n\n\n\n<p><span style=\"font-weight: 400;\">Przebieg spotkania by\u0142 szokuj\u0105cy dla wi\u0119kszo\u015bci obserwator\u00f3w. PSG obj\u0119\u0142o prowadzenie ju\u017c w 12. minucie po bramce Achrafa Hakimiego, kt\u00f3ry w ge\u015bcie sportowo\u015bci powstrzyma\u0142 si\u0119 od celebracji przeciwko swojemu by\u0142emu klubowi. Chwil\u0119 p\u00f3\u017aniej Desire Dou\u00e9 podwy\u017cszy\u0142 prowadzenie na 2:0, wykorzystuj\u0105c rykoszet po w\u0142asnym strzale. M\u0142ody Francuz zosta\u0142 bohaterem fina\u0142u, zdobywaj\u0105c dwie bramki i notuj\u0105c asyst\u0119.<\/span><\/p>\n\n\n\n<p><span style=\"font-weight: 400;\">Druga po\u0142owa przynios\u0142a jeszcze wi\u0119ksz\u0105 dominacj\u0119 pary\u017can. Khvicha Kvaratskhelia w 73. minucie ustali\u0142 wynik na 4:0, a ko\u0144cowy cios zada\u0142 Senny Mayulu, kt\u00f3ry w 87. minucie doprowadzi\u0142 do historycznego wyniku 5:0. Dla PSG by\u0142 to kulminacyjny moment wieloletnich inwestycji i symbol nowej ery klubu, kt\u00f3ry w ko\u0144cu si\u0119gn\u0105\u0142 po najwa\u017cniejsze europejskie trofeum.<\/span><\/p>\n\n\n\n<p><span style=\"font-weight: 400;\">Paradoksalnie, PSG osi\u0105gn\u0119\u0142o ten sukces ju\u017c po odej\u015bciu najwi\u0119kszych gwiazd jak Lionel Messi, Neymar czy Kylian Mbappe, co pokaza\u0142o, \u017ce czasami budowanie zespo\u0142u jest wa\u017cniejsze ni\u017c gromadzenie indywidualnych talent\u00f3w. Dla Interu by\u0142a to bolesna pora\u017cka, szczeg\u00f3lnie \u017ce polscy reprezentanci Piotr Zieli\u0144ski i Nicola Zalewski nie odegrali znacz\u0105cej roli w spotkaniu &#8211; pierwszy nawet nie wszed\u0142 na boisko, a drugi otrzyma\u0142 \u017c\u00f3\u0142t\u0105 kartk\u0119 w drugiej po\u0142owie.<\/span><\/p>\n\n\n\n<h2 class=\"wp-block-heading\"><span class=\"ez-toc-section\" id=\"Podsumowanie_%E2%80%93_sezon_przelomowy\"><\/span><span style=\"font-weight: 400;\">Podsumowanie &#8211; sezon prze\u0142omowy<\/span><span class=\"ez-toc-section-end\"><\/span><\/h2>\n\n\n\n<p><span style=\"font-weight: 400;\">Liga Mistrz\u00f3w 2024\/25 zapisa\u0142a si\u0119 w historii jako edycja prze\u0142omowa pod wieloma wzgl\u0119dami. Wprowadzenie nowego formatu zrewolucjonizowa\u0142o rozgrywki, czyni\u0105c je bardziej atrakcyjnymi i nieprzewidywalnymi. Zwi\u0119kszenie liczby uczestnik\u00f3w do 36 dru\u017cyn i zast\u0105pienie fazy grupowej faz\u0105 ligow\u0105 przynios\u0142o wi\u0119cej emocjonuj\u0105cych star\u0107 ju\u017c od pierwszych kolejek.<\/span><\/p>\n\n\n\n<p><span style=\"font-weight: 400;\">Finansowy aspekt rozgrywek r\u00f3wnie\u017c osi\u0105gn\u0105\u0142 nowy poziom, z rekordow\u0105 pul\u0105 nagr\u00f3d przekraczaj\u0105c\u0105 2,4 miliarda euro, co podkre\u015bla rosn\u0105ce znaczenie Ligi Mistrz\u00f3w w \u015bwiatowym futbolu. Obecno\u015b\u0107 polskich reprezentant\u00f3w, szczeg\u00f3lnie wyst\u0119py Roberta Lewandowskiego, kt\u00f3ry zaj\u0105\u0142 trzecie miejsce w klasyfikacji strzelc\u00f3w, pokaza\u0142a, \u017ce bia\u0142o-czerwoni wci\u0105\u017c maj\u0105 swoje miejsce w europejskiej elicie.<\/span><\/p>\n\n\n\n<p><span style=\"font-weight: 400;\">Triumf PSG w finale przeciwko Interowi by\u0142 uwie\u0144czeniem sezonu pe\u0142nego niespodzianek i emocji. Paryski klub w ko\u0144cu si\u0119gn\u0105\u0142 po wymarzony tytu\u0142, pokazuj\u0105c, \u017ce cierpliwo\u015b\u0107 i konsekwentna praca mog\u0105 przynie\u015b\u0107 upragnione rezultaty. Ten sezon udowodni\u0142, \u017ce Liga Mistrz\u00f3w pozostaje najwa\u017cniejszymi klubowymi rozgrywkami pi\u0142karskimi na \u015bwiecie, zdolnymi do dostarczania niezapomnianych emocji i tworzenia historii, kt\u00f3re na d\u0142ugo pozostan\u0105 w pami\u0119ci wszystkich mi\u0142o\u015bnik\u00f3w futbolu.<\/span><\/p>\n","protected":false},"excerpt":{"rendered":"<p>Liga Mistrz\u00f3w UEFA 2024\/25 przejdzie do historii jako jedna z najbardziej prze\u0142omowych edycji presti\u017cowych europejskich rozgrywek. Po raz pierwszy w historii wprowadzono ca\u0142kowicie nowy format, kt\u00f3ry odmieni\u0142 oblicze Champions League, a kulminacj\u0105 by\u0142 spektakularny fina\u0142, w kt\u00f3rym Paris Saint-Germain zdoby\u0142o sw\u00f3j pierwszy w historii tytu\u0142, demoluj\u0105c Inter Mediolan wynikiem 5:0 na Allianz Arena w Monachium. [&hellip;]<\/p>\n","protected":false},"author":3,"featured_media":14558,"comment_status":"closed","ping_status":"closed","sticky":false,"template":"","format":"standard","meta":{"_acf_changed":false,"footnotes":""},"categories":[129,127],"tags":[671,94],"class_list":["post-14529","post","type-post","status-publish","format-standard","has-post-thumbnail","hentry","category-artykul","category-liga-mistrzow","tag-ciekawostki","tag-liga-mistrzow"],"acf":[],"_links":{"self":[{"href":"https:\/\/kronika-futbolu.pl\/historia\/wp-json\/wp\/v2\/posts\/14529","targetHints":{"allow":["GET"]}}],"collection":[{"href":"https:\/\/kronika-futbolu.pl\/historia\/wp-json\/wp\/v2\/posts"}],"about":[{"href":"https:\/\/kronika-futbolu.pl\/historia\/wp-json\/wp\/v2\/types\/post"}],"author":[{"embeddable":true,"href":"https:\/\/kronika-futbolu.pl\/historia\/wp-json\/wp\/v2\/users\/3"}],"replies":[{"embeddable":true,"href":"https:\/\/kronika-futbolu.pl\/historia\/wp-json\/wp\/v2\/comments?post=14529"}],"version-history":[{"count":14,"href":"https:\/\/kronika-futbolu.pl\/historia\/wp-json\/wp\/v2\/posts\/14529\/revisions"}],"predecessor-version":[{"id":14688,"href":"https:\/\/kronika-futbolu.pl\/historia\/wp-json\/wp\/v2\/posts\/14529\/revisions\/14688"}],"wp:featuredmedia":[{"embeddable":true,"href":"https:\/\/kronika-futbolu.pl\/historia\/wp-json\/wp\/v2\/media\/14558"}],"wp:attachment":[{"href":"https:\/\/kronika-futbolu.pl\/historia\/wp-json\/wp\/v2\/media?parent=14529"}],"wp:term":[{"taxonomy":"category","embeddable":true,"href":"https:\/\/kronika-futbolu.pl\/historia\/wp-json\/wp\/v2\/categories?post=14529"},{"taxonomy":"post_tag","embeddable":true,"href":"https:\/\/kronika-futbolu.pl\/historia\/wp-json\/wp\/v2\/tags?post=14529"}],"curies":[{"name":"wp","href":"https:\/\/api.w.org\/{rel}","templated":true}]}}