{"id":14535,"date":"2025-04-02T17:35:00","date_gmt":"2025-04-02T15:35:00","guid":{"rendered":"https:\/\/kronika-futbolu.pl\/historia\/?p=14535"},"modified":"2025-06-05T12:29:24","modified_gmt":"2025-06-05T10:29:24","slug":"wlodzimierz-lubanski","status":"publish","type":"post","link":"https:\/\/kronika-futbolu.pl\/historia\/wlodzimierz-lubanski\/","title":{"rendered":"W\u0142odzimierz Luba\u0144ski \u2013 najm\u0142odszy strzelec w historii reprezentacji Polski"},"content":{"rendered":"\n<p>W\u0142odzimierz Luba\u0144ski, urodzony 28 marca 1947 roku w Gliwicach, to bez w\u0105tpienia jedna z najwi\u0119kszych legend polskiej pi\u0142ki no\u017cnej. Jego pi\u0119kna kariera, talent oraz wk\u0142ad w rozw\u00f3j reprezentacji Polski uczyni\u0142y go symbolem narodowego futbolu. W wieku zaledwie 16 lat i 188 dni zadebiutowa\u0142 w doros\u0142ej kadrze narodowej, a chwil\u0119 p\u00f3\u017aniej zosta\u0142 najm\u0142odszym strzelcem gola w historii bia\u0142o-czerwonych. Ten rekord pozostaje niepobity do dzi\u015b.<\/p>\n\n\n\n<div id=\"ez-toc-container\" class=\"ez-toc-v2_0_75 counter-hierarchy ez-toc-counter ez-toc-grey ez-toc-container-direction\">\n<div class=\"ez-toc-title-container\">\n<p class=\"ez-toc-title\" style=\"cursor:inherit\">Table of Contents<\/p>\n<span class=\"ez-toc-title-toggle\"><a href=\"#\" class=\"ez-toc-pull-right ez-toc-btn ez-toc-btn-xs ez-toc-btn-default ez-toc-toggle\" aria-label=\"Toggle Table of Content\"><span class=\"ez-toc-js-icon-con\"><span class=\"\"><span class=\"eztoc-hide\" style=\"display:none;\">Toggle<\/span><span class=\"ez-toc-icon-toggle-span\"><svg style=\"fill: #999;color:#999\" xmlns=\"http:\/\/www.w3.org\/2000\/svg\" class=\"list-377408\" width=\"20px\" height=\"20px\" viewBox=\"0 0 24 24\" fill=\"none\"><path d=\"M6 6H4v2h2V6zm14 0H8v2h12V6zM4 11h2v2H4v-2zm16 0H8v2h12v-2zM4 16h2v2H4v-2zm16 0H8v2h12v-2z\" fill=\"currentColor\"><\/path><\/svg><svg style=\"fill: #999;color:#999\" class=\"arrow-unsorted-368013\" xmlns=\"http:\/\/www.w3.org\/2000\/svg\" width=\"10px\" height=\"10px\" viewBox=\"0 0 24 24\" version=\"1.2\" baseProfile=\"tiny\"><path d=\"M18.2 9.3l-6.2-6.3-6.2 6.3c-.2.2-.3.4-.3.7s.1.5.3.7c.2.2.4.3.7.3h11c.3 0 .5-.1.7-.3.2-.2.3-.5.3-.7s-.1-.5-.3-.7zM5.8 14.7l6.2 6.3 6.2-6.3c.2-.2.3-.5.3-.7s-.1-.5-.3-.7c-.2-.2-.4-.3-.7-.3h-11c-.3 0-.5.1-.7.3-.2.2-.3.5-.3.7s.1.5.3.7z\"\/><\/svg><\/span><\/span><\/span><\/a><\/span><\/div>\n<nav><ul class='ez-toc-list ez-toc-list-level-1 ' ><li class='ez-toc-page-1 ez-toc-heading-level-2'><a class=\"ez-toc-link ez-toc-heading-1\" href=\"https:\/\/kronika-futbolu.pl\/historia\/wlodzimierz-lubanski\/#Droga_do_reprezentacji\" >Droga do reprezentacji<\/a><ul class='ez-toc-list-level-3' ><li class='ez-toc-heading-level-3'><a class=\"ez-toc-link ez-toc-heading-2\" href=\"https:\/\/kronika-futbolu.pl\/historia\/wlodzimierz-lubanski\/#Sukcesy_klubowe_i_reprezentacyjne\" >Sukcesy klubowe i reprezentacyjne<\/a><\/li><li class='ez-toc-page-1 ez-toc-heading-level-3'><a class=\"ez-toc-link ez-toc-heading-3\" href=\"https:\/\/kronika-futbolu.pl\/historia\/wlodzimierz-lubanski\/#Tabela_wystepow_klubowych_i_reprezentacyjnych\" >Tabela wyst\u0119p\u00f3w klubowych i reprezentacyjnych<\/a><\/li><\/ul><\/li><li class='ez-toc-page-1 ez-toc-heading-level-2'><a class=\"ez-toc-link ez-toc-heading-4\" href=\"https:\/\/kronika-futbolu.pl\/historia\/wlodzimierz-lubanski\/#Ciekawostki_z_kariery_i_zycia\" >Ciekawostki z kariery i \u017cycia<\/a><\/li><li class='ez-toc-page-1 ez-toc-heading-level-2'><a class=\"ez-toc-link ez-toc-heading-5\" href=\"https:\/\/kronika-futbolu.pl\/historia\/wlodzimierz-lubanski\/#Dzialalnosc_trenerska_i_ekspercka\" >Dzia\u0142alno\u015b\u0107 trenerska i ekspercka<\/a><\/li><li class='ez-toc-page-1 ez-toc-heading-level-2'><a class=\"ez-toc-link ez-toc-heading-6\" href=\"https:\/\/kronika-futbolu.pl\/historia\/wlodzimierz-lubanski\/#Zycie_prywatne_i_dzialalnosc_spoleczna\" >\u017bycie prywatne i dzia\u0142alno\u015b\u0107 spo\u0142eczna<\/a><\/li><\/ul><\/nav><\/div>\n<h2 class=\"wp-block-heading\"><span class=\"ez-toc-section\" id=\"Droga_do_reprezentacji\"><\/span>Droga do reprezentacji<span class=\"ez-toc-section-end\"><\/span><\/h2>\n\n\n\n<p>Luba\u0144ski ju\u017c jako dziecko wykazywa\u0142 niezwyk\u0142y talent pi\u0142karski. Wychowanek G\u00f3rnika Zabrze zadebiutowa\u0142 w ekstraklasie jako 16-latek, a jego szybko\u015b\u0107, technika i instynkt strzelecki szybko przyku\u0142y uwag\u0119 selekcjoner\u00f3w. W 1963 roku zosta\u0142 powo\u0142any do reprezentacji Polski i od razu zapisa\u0142 si\u0119 w historii, strzelaj\u0105c gola w meczu z Norwegi\u0105. Ten wyczyn sprawi\u0142, \u017ce nazwisko Luba\u0144ski sta\u0142o si\u0119 synonimem nowej ery polskiej pi\u0142ki.<\/p>\n\n\n\n<h3 class=\"wp-block-heading\"><span class=\"ez-toc-section\" id=\"Sukcesy_klubowe_i_reprezentacyjne\"><\/span>Sukcesy klubowe i reprezentacyjne<span class=\"ez-toc-section-end\"><\/span><\/h3>\n\n\n\n<p>W barwach G\u00f3rnika Zabrze Luba\u0144ski zdoby\u0142 siedem tytu\u0142\u00f3w mistrza Polski oraz czterokrotnie triumfowa\u0142 w Pucharze Polski. W 1970 roku poprowadzi\u0142 klub do fina\u0142u Pucharu Zdobywc\u00f3w Puchar\u00f3w, co by\u0142o historycznym osi\u0105gni\u0119ciem dla polskiego futbolu klubowego. Jego transfer do belgijskiego Lokeren w 1975 roku otworzy\u0142 mu drog\u0119 do mi\u0119dzynarodowej kariery, gdzie przez lata prezentowa\u0142 znakomit\u0105 form\u0119.<\/p>\n\n\n\n<p>Na szczeblu reprezentacyjnym najwi\u0119kszym osi\u0105gni\u0119ciem Luba\u0144skiego by\u0142 udzia\u0142 w eliminacjach do Mistrzostw \u015awiata w 1974 roku. Niestety kontuzja odniesiona w meczu z Angli\u0105 wykluczy\u0142a go z turnieju fina\u0142owego. Mimo to pozostaje jednym z najlepszych strzelc\u00f3w w historii reprezentacji Polski z dorobkiem 48 bramek w 75 wyst\u0119pach.<\/p>\n\n\n\n<figure class=\"wp-block-embed is-type-video is-provider-youtube wp-block-embed-youtube wp-embed-aspect-16-9 wp-has-aspect-ratio\"><div class=\"wp-block-embed__wrapper\">\n<iframe loading=\"lazy\" title=\"WALKA i KOSZMARNA KONTUZJA. Luba\u0144ski kontra Anglia \u2014 jedyne zwyci\u0119stwo Polak\u00f3w\" width=\"500\" height=\"281\" src=\"https:\/\/www.youtube.com\/embed\/5jv7pdNwmf8?feature=oembed\" frameborder=\"0\" allow=\"accelerometer; autoplay; clipboard-write; encrypted-media; gyroscope; picture-in-picture; web-share\" referrerpolicy=\"strict-origin-when-cross-origin\" allowfullscreen><\/iframe>\n<\/div><\/figure>\n\n\n\n<h3 class=\"wp-block-heading\"><span class=\"ez-toc-section\" id=\"Tabela_wystepow_klubowych_i_reprezentacyjnych\"><\/span>Tabela wyst\u0119p\u00f3w klubowych i reprezentacyjnych<span class=\"ez-toc-section-end\"><\/span><\/h3>\n\n\n\n<figure class=\"wp-block-table\"><table class=\"has-fixed-layout\"><thead><tr><th>Klub\/Reprezentacja<\/th><th>Lata gry<\/th><th>Liczba mecz\u00f3w<\/th><th>Liczba goli<\/th><\/tr><\/thead><tbody><tr><td>G\u00f3rnik Zabrze<\/td><td>1963\u20131975<\/td><td>234<\/td><td>155<\/td><\/tr><tr><td>KSC Lokeren (Belgia)<\/td><td>1975\u20131982<\/td><td>196<\/td><td>82<\/td><\/tr><tr><td>Stade Quimper (Francja)<\/td><td>1982\u20131983<\/td><td>32<\/td><td>10<\/td><\/tr><tr><td>Valenciennes (Francja)<\/td><td>1983\u20131985<\/td><td>60<\/td><td>13<\/td><\/tr><tr><td><strong>Reprezentacja Polski<\/strong><\/td><td>1963\u20131980<\/td><td>75<\/td><td>48<\/td><\/tr><\/tbody><\/table><\/figure>\n\n\n\n<h2 class=\"wp-block-heading\"><span class=\"ez-toc-section\" id=\"Ciekawostki_z_kariery_i_zycia\"><\/span>Ciekawostki z kariery i \u017cycia<span class=\"ez-toc-section-end\"><\/span><\/h2>\n\n\n\n<ul class=\"wp-block-list\">\n<li>W\u0142odzimierz Luba\u0144ski jako pierwszy Polak znalaz\u0142 si\u0119 na radarze zachodnich klub\u00f3w ju\u017c w latach 60., jednak \u00f3wczesne przepisy uniemo\u017cliwia\u0142y mu transfer.<\/li>\n\n\n\n<li>W 1972 roku zdoby\u0142 z reprezentacj\u0105 Polski z\u0142oty medal na Igrzyskach Olimpijskich w Monachium.<\/li>\n\n\n\n<li>Kontuzja, kt\u00f3rej dozna\u0142 w wieku 26 lat, by\u0142a na tyle powa\u017cna, \u017ce wielu ekspert\u00f3w uznaje j\u0105 za moment prze\u0142omowy, kt\u00f3ry przekre\u015bli\u0142 jego szans\u0119 na jeszcze wi\u0119ksz\u0105 karier\u0119 mi\u0119dzynarodow\u0105.<\/li>\n\n\n\n<li>Po zako\u0144czeniu kariery zosta\u0142 doradc\u0105 prezesa PZPN oraz ekspertem telewizyjnym.<\/li>\n\n\n\n<li>W 1997 roku zosta\u0142 odznaczony Krzy\u017cem Oficerskim Orderu Odrodzenia Polski za zas\u0142ugi dla sportu.<\/li>\n<\/ul>\n\n\n\n<figure class=\"wp-block-embed is-type-video is-provider-youtube wp-block-embed-youtube wp-embed-aspect-16-9 wp-has-aspect-ratio\"><div class=\"wp-block-embed__wrapper\">\n<iframe loading=\"lazy\" title=\"S\u0141AW\u0104 PRZEBIJA\u0141 LEWANDOWSKIEGO, MARZY\u0141 O NIM REAL\u2026 \u201eBY\u0141EM KR\u00d3LEM\u201d, ODC. 1: LUBA\u0143SKI\" width=\"500\" height=\"281\" src=\"https:\/\/www.youtube.com\/embed\/WwVVOWMGdM4?feature=oembed\" frameborder=\"0\" allow=\"accelerometer; autoplay; clipboard-write; encrypted-media; gyroscope; picture-in-picture; web-share\" referrerpolicy=\"strict-origin-when-cross-origin\" allowfullscreen><\/iframe>\n<\/div><\/figure>\n\n\n\n<h2 class=\"wp-block-heading\"><span class=\"ez-toc-section\" id=\"Dzialalnosc_trenerska_i_ekspercka\"><\/span>Dzia\u0142alno\u015b\u0107 trenerska i ekspercka<span class=\"ez-toc-section-end\"><\/span><\/h2>\n\n\n\n<p>Po zako\u0144czeniu profesjonalnej kariery pi\u0142karskiej w 1985 roku, W\u0142odzimierz Luba\u0144ski pozosta\u0142 aktywny w \u015bwiecie futbolu. W latach 1986\u20131989 pracowa\u0142 jako doradca techniczny i trener m\u0142odzie\u017cowych zespo\u0142\u00f3w w belgijskim KSC Lokeren, gdzie zako\u0144czy\u0142 karier\u0119 zawodnicz\u0105. Nast\u0119pnie w 1990 roku obj\u0105\u0142 funkcj\u0119 doradcy zarz\u0105du klubu RC Lens we Francji, gdzie wspiera\u0142 rozw\u00f3j akademii i scouting.<\/p>\n\n\n\n<p>W 1999 roku wr\u00f3ci\u0142 do Polski i zosta\u0142 doradc\u0105 prezesa Polskiego Zwi\u0105zku Pi\u0142ki No\u017cnej ds. rozwoju pi\u0142ki m\u0142odzie\u017cowej. Wsp\u00f3\u0142pracowa\u0142 z takimi postaciami jak Zbigniew Boniek i Jerzy Engel. Jego dzia\u0142ania skupia\u0142y si\u0119 na budowie systemu szkolenia m\u0142odych pi\u0142karzy, szczeg\u00f3lnie w ramach programu M\u0142ode Talenty.<\/p>\n\n\n\n<p>R\u00f3wnolegle, od pocz\u0105tku lat 90., Luba\u0144ski by\u0142 obecny w mediach jako ekspert pi\u0142karski. Komentowa\u0142 mecze reprezentacji Polski m.in. dla TVP, Polsatu i Canal+. Jego analizy cechowa\u0142a du\u017ca kultura wypowiedzi, trafno\u015b\u0107 ocen oraz dystans do \u015bwiata futbolu. W 2002 roku by\u0142 g\u0142\u00f3wnym ekspertem TVP podczas mundialu w Korei i Japonii, a tak\u017ce wsp\u00f3\u0142prowadzi\u0142 programy publicystyczne dotycz\u0105ce polskiej pi\u0142ki.<\/p>\n\n\n\n<p>W 2013 roku zosta\u0142 cz\u0142onkiem Rady Programowej ds. rozwoju pi\u0142ki no\u017cnej przy Ministerstwie Sportu i Turystyki. W tym samym okresie dzia\u0142a\u0142 jako ambasador UEFA Grassroots w Polsce, promuj\u0105c futbol w\u015br\u00f3d dzieci i m\u0142odzie\u017cy.<\/p>\n\n\n\n<p>Do dzi\u015b pozostaje aktywny jako komentator wydarze\u0144 sportowych i uczestnik paneli eksperckich. Jego wk\u0142ad w rozw\u00f3j polskiej pi\u0142ki po zako\u0144czeniu kariery zawodniczej jest nie do przecenienia i stanowi \u017cywy dow\u00f3d, \u017ce legenda boiska mo\u017ce z sukcesem kontynuowa\u0107 misj\u0119 poza muraw\u0105.<\/p>\n\n\n\n<h2 class=\"wp-block-heading\"><span class=\"ez-toc-section\" id=\"Zycie_prywatne_i_dzialalnosc_spoleczna\"><\/span>\u017bycie prywatne i dzia\u0142alno\u015b\u0107 spo\u0142eczna<span class=\"ez-toc-section-end\"><\/span><\/h2>\n\n\n\n<p>W\u0142odzimierz Luba\u0144ski przez wiele lat \u0142\u0105czy\u0142 swoje \u017cycie prywatne z dzia\u0142alno\u015bci\u0105 spo\u0142eczn\u0105. Od lat mieszka w Belgii, gdzie po\u015blubi\u0142 Barbar\u0119, z kt\u00f3r\u0105 doczeka\u0142 si\u0119 dw\u00f3jki dzieci. Pomimo \u017cycia za granic\u0105, utrzymuje silne zwi\u0105zki z Polsk\u0105 i regularnie uczestniczy w wydarzeniach sportowych i patriotycznych.<\/p>\n\n\n\n<p>Jest znany z zaanga\u017cowania w inicjatywy charytatywne i edukacyjne. Bra\u0142 udzia\u0142 w kampaniach promuj\u0105cych zdrowy styl \u017cycia oraz aktywno\u015b\u0107 fizyczn\u0105 w\u015br\u00f3d dzieci i senior\u00f3w. Wspiera\u0142 m.in. akcje Wielkiej Orkiestry \u015awi\u0105tecznej Pomocy oraz Fundacji im. Kazimierza G\u00f3rskiego. By\u0142 tak\u017ce ambasadorem programu &#8222;Stop zwolnieniom z WF-u&#8221;, zach\u0119caj\u0105c m\u0142odzie\u017c do regularnego uprawiania sportu.<\/p>\n\n\n\n<p>Luba\u0144ski uczestniczy\u0142 w licznych spotkaniach z m\u0142odzie\u017c\u0105 szkoln\u0105 oraz wydarzeniach organizowanych przez lokalne samorz\u0105dy. Jego opowie\u015bci o futbolu i \u017cyciowych warto\u015bciach przyci\u0105ga\u0142y t\u0142umy s\u0142uchaczy. Wielokrotnie podkre\u015bla\u0142 znaczenie edukacji i pracy nad sob\u0105, niezale\u017cnie od talentu.<\/p>\n\n\n\n<p>W uznaniu zas\u0142ug dla spo\u0142eczno\u015bci lokalnej otrzyma\u0142 tytu\u0142 Honorowego Obywatela Zabrza oraz Gliwic. W 2020 roku zosta\u0142 wyr\u00f3\u017cniony medalem Pro Masovia przez Marsza\u0142ka Wojew\u00f3dztwa Mazowieckiego za dzia\u0142ania promuj\u0105ce sport i kultur\u0119 fizyczn\u0105.<\/p>\n\n\n\n<p>Jego \u017cyciorys to nie tylko historia wybitnego sportowca, lecz r\u00f3wnie\u017c cz\u0142owieka zaanga\u017cowanego, odpowiedzialnego i oddanego warto\u015bciom spo\u0142ecznym. Luba\u0144ski nieprzerwanie inspiruje kolejne pokolenia nie tylko gr\u0105, ale tak\u017ce postaw\u0105 \u017cyciow\u0105.<\/p>\n\n\n\n<p><\/p>\n","protected":false},"excerpt":{"rendered":"<p>W\u0142odzimierz Luba\u0144ski, urodzony 28 marca 1947 roku w Gliwicach, to bez w\u0105tpienia jedna z najwi\u0119kszych legend polskiej pi\u0142ki no\u017cnej. Jego pi\u0119kna kariera, talent oraz wk\u0142ad w rozw\u00f3j reprezentacji Polski uczyni\u0142y go symbolem narodowego futbolu. W wieku zaledwie 16 lat i 188 dni zadebiutowa\u0142 w doros\u0142ej kadrze narodowej, a chwil\u0119 p\u00f3\u017aniej zosta\u0142 najm\u0142odszym strzelcem gola w [&hellip;]<\/p>\n","protected":false},"author":3,"featured_media":14563,"comment_status":"open","ping_status":"open","sticky":false,"template":"","format":"standard","meta":{"_acf_changed":false,"footnotes":""},"categories":[129],"tags":[37,672],"class_list":["post-14535","post","type-post","status-publish","format-standard","has-post-thumbnail","hentry","category-artykul","tag-polska","tag-wlodzimierz-lubanski"],"acf":[],"_links":{"self":[{"href":"https:\/\/kronika-futbolu.pl\/historia\/wp-json\/wp\/v2\/posts\/14535","targetHints":{"allow":["GET"]}}],"collection":[{"href":"https:\/\/kronika-futbolu.pl\/historia\/wp-json\/wp\/v2\/posts"}],"about":[{"href":"https:\/\/kronika-futbolu.pl\/historia\/wp-json\/wp\/v2\/types\/post"}],"author":[{"embeddable":true,"href":"https:\/\/kronika-futbolu.pl\/historia\/wp-json\/wp\/v2\/users\/3"}],"replies":[{"embeddable":true,"href":"https:\/\/kronika-futbolu.pl\/historia\/wp-json\/wp\/v2\/comments?post=14535"}],"version-history":[{"count":7,"href":"https:\/\/kronika-futbolu.pl\/historia\/wp-json\/wp\/v2\/posts\/14535\/revisions"}],"predecessor-version":[{"id":14564,"href":"https:\/\/kronika-futbolu.pl\/historia\/wp-json\/wp\/v2\/posts\/14535\/revisions\/14564"}],"wp:featuredmedia":[{"embeddable":true,"href":"https:\/\/kronika-futbolu.pl\/historia\/wp-json\/wp\/v2\/media\/14563"}],"wp:attachment":[{"href":"https:\/\/kronika-futbolu.pl\/historia\/wp-json\/wp\/v2\/media?parent=14535"}],"wp:term":[{"taxonomy":"category","embeddable":true,"href":"https:\/\/kronika-futbolu.pl\/historia\/wp-json\/wp\/v2\/categories?post=14535"},{"taxonomy":"post_tag","embeddable":true,"href":"https:\/\/kronika-futbolu.pl\/historia\/wp-json\/wp\/v2\/tags?post=14535"}],"curies":[{"name":"wp","href":"https:\/\/api.w.org\/{rel}","templated":true}]}}