{"id":2230,"date":"2013-05-17T20:42:56","date_gmt":"2013-05-17T18:42:56","guid":{"rendered":"https:\/\/kronika-futbolu.pl\/historia\/?p=2230"},"modified":"2013-05-17T20:42:56","modified_gmt":"2013-05-17T18:42:56","slug":"31-osobowa-kadra-wloch-na-puchar-konfederacji","status":"publish","type":"post","link":"https:\/\/kronika-futbolu.pl\/historia\/31-osobowa-kadra-wloch-na-puchar-konfederacji\/","title":{"rendered":"31-osobowa kadra W\u0142och na Puchar Konfederacji"},"content":{"rendered":"<p>Trener reprezentacji W\u0142och Cesare Prandelii poda\u0142 nazwiska 31 pi\u0142karzy kt\u00f3rzy b\u0119d\u0105 si\u0119 przygotowywa\u0107 do Pucharu Konfederacji, ostatecznie do Brazylii pojedzie 23 graczy. Przed turniejem dru\u017cyn\u0119 Azzurich czekaj\u0105 mecze<br \/>\nz <strong>San Marino<\/strong> 31.05 w Bolonii- towarzyski,<br \/>\noraz pojedynek z <strong>Czechami <\/strong>w Pradze 7.06 w ramach eliminacji Mistrzostw \u015awiata 2014.<br \/>\nPodczas rozgrywek turniejowych w fazie grupowej ekipa Prandeliiego zagra<br \/>\nz <strong>Meksykiem<\/strong>&#8211; 16.06,<br \/>\n<strong>Japoni\u0105<\/strong>&#8211; 19.06<br \/>\ni gospodarzem <strong>Brazyli\u0105<\/strong> 22.06.<br \/>\nKadra W\u0142och:<br \/>\n<strong>Bramkarze:<\/strong><br \/>\nMichael Agazzi (Cagliari)<br \/>\nGianluigi Buffon (Juventus)<br \/>\nFederico Marchetti (Lazio)<br \/>\nSalvatore Sirigu (PSG)<br \/>\n<strong>Obro\u0144cy:<\/strong><br \/>\nIgnazio Abate (Milan)<br \/>\nLuca Antonelli (Genoa)<br \/>\nDavide Astori (Cagliari)<br \/>\nAndrea Barzagli (Juventus)<br \/>\nLeonardo Bonucci (Juventus)<br \/>\nGiorgio Chiellini (Juventus)<br \/>\nMattia De Sciglio (Milan)<br \/>\nChristian Maggio (Napoli)<br \/>\nAngelo Ogbonna (Torino)<br \/>\nAndrea Ranocchia (Inter)<br \/>\n<b>Pomocnicy:<\/b><br \/>\nAlberto Aquilani (Fiorentina)<br \/>\nGiacomo Bonaventura (Atalanta)<br \/>\nAntonio Candreva (Lazio)<br \/>\nAlessio Cerci (Torino)<br \/>\nDaniele De Rossi (Roma)<br \/>\nAlessandro Diamanti (Bologna)<br \/>\nEmanuele Giaccherini (Juventus)<br \/>\nClaudio Marchisio (Juventus)<br \/>\nRiccardo Montolivo (Milan)<br \/>\nAndrea Pirlo (Juventus)<br \/>\nAndrea Poli (Sampdoria)<br \/>\n<b>Napastnicy:<\/b><br \/>\nMario Balotelli (Milan)<br \/>\nStephan El Shaarawy (Milan)<br \/>\nAlberto Gilardino (Bologna)<br \/>\nSebastian Giovinco (Juventus)<br \/>\nPablo Osvaldo (Roma)<br \/>\nMarco Sau (Cagliari)<br \/>\n\u017ar\u00f3d\u0142o: http:\/\/vivoazzurro.it<\/p>\n","protected":false},"excerpt":{"rendered":"<p>Trener reprezentacji W\u0142och Cesare Prandelii poda\u0142 nazwiska 31 pi\u0142karzy kt\u00f3rzy b\u0119d\u0105 si\u0119 przygotowywa\u0107 do Pucharu Konfederacji, ostatecznie do Brazylii pojedzie 23 graczy. Przed turniejem dru\u017cyn\u0119 Azzurich czekaj\u0105 mecze z San Marino 31.05 w Bolonii- towarzyski, oraz pojedynek z Czechami w Pradze 7.06 w ramach eliminacji Mistrzostw \u015awiata 2014. Podczas rozgrywek turniejowych w fazie grupowej ekipa [&hellip;]<\/p>\n","protected":false},"author":3,"featured_media":826,"comment_status":"open","ping_status":"open","sticky":false,"template":"","format":"standard","meta":{"_acf_changed":false,"footnotes":""},"categories":[2],"tags":[55,31],"class_list":["post-2230","post","type-post","status-publish","format-standard","has-post-thumbnail","hentry","category-bez-kategorii","tag-puchar-konfederacji-2013","tag-wlochy"],"acf":[],"_links":{"self":[{"href":"https:\/\/kronika-futbolu.pl\/historia\/wp-json\/wp\/v2\/posts\/2230","targetHints":{"allow":["GET"]}}],"collection":[{"href":"https:\/\/kronika-futbolu.pl\/historia\/wp-json\/wp\/v2\/posts"}],"about":[{"href":"https:\/\/kronika-futbolu.pl\/historia\/wp-json\/wp\/v2\/types\/post"}],"author":[{"embeddable":true,"href":"https:\/\/kronika-futbolu.pl\/historia\/wp-json\/wp\/v2\/users\/3"}],"replies":[{"embeddable":true,"href":"https:\/\/kronika-futbolu.pl\/historia\/wp-json\/wp\/v2\/comments?post=2230"}],"version-history":[{"count":0,"href":"https:\/\/kronika-futbolu.pl\/historia\/wp-json\/wp\/v2\/posts\/2230\/revisions"}],"wp:featuredmedia":[{"embeddable":true,"href":"https:\/\/kronika-futbolu.pl\/historia\/wp-json\/wp\/v2\/media\/826"}],"wp:attachment":[{"href":"https:\/\/kronika-futbolu.pl\/historia\/wp-json\/wp\/v2\/media?parent=2230"}],"wp:term":[{"taxonomy":"category","embeddable":true,"href":"https:\/\/kronika-futbolu.pl\/historia\/wp-json\/wp\/v2\/categories?post=2230"},{"taxonomy":"post_tag","embeddable":true,"href":"https:\/\/kronika-futbolu.pl\/historia\/wp-json\/wp\/v2\/tags?post=2230"}],"curies":[{"name":"wp","href":"https:\/\/api.w.org\/{rel}","templated":true}]}}