{"id":2232,"date":"2013-05-27T12:39:01","date_gmt":"2013-05-27T10:39:01","guid":{"rendered":"https:\/\/kronika-futbolu.pl\/historia\/?p=2232"},"modified":"2013-05-27T12:39:01","modified_gmt":"2013-05-27T10:39:01","slug":"kadra-hispzani-na-puchar-konfederacji-i-mecze-towarzyskie","status":"publish","type":"post","link":"https:\/\/kronika-futbolu.pl\/historia\/kadra-hispzani-na-puchar-konfederacji-i-mecze-towarzyskie\/","title":{"rendered":"Kadra Hispzani na Puchar Konfederacji i mecze towarzyskie."},"content":{"rendered":"<p>Trener reprezentacji Hiszpanii Vincente del Bosque powo\u0142a\u0142 26 zawodnik\u00f3w na mecze towarzyskie z Haiti 8 czerwca w Miami i Irlandi\u0105 11 czerwca w Nowym Jorku oraz na Puchar Konfederacji kt\u00f3ry rozpocznie si\u0119 15 czerwca i podczas kt\u00f3rego aktualni mistrzowie \u015bwiata i europy zagraj\u0105 z Urugwajem- 16.06, Tahiti- 20.06 i Nigeri\u0105 23.06.<br \/>\nZ 26-osobowej kadry do Brazylii uda si\u0119 ostatecznie 23 graczy.<br \/>\nMecze Hispzanii:<br \/>\n8.06 Haiti<br \/>\n11.06 Irlandia<br \/>\n16.06 Urugwaj<br \/>\n20.06 Tahiti<br \/>\n23.06 Nigeria<br \/>\nPowo\u0142ani pi\u0142karze<br \/>\n<strong>Bramkarze<\/strong><br \/>\nIker Casillas- Real Madryt<br \/>\nV\u00edctor Vald\u00e9s- Barcelona<br \/>\nPepe Reina- Liverpool<br \/>\n<strong>Obro\u0144cy<\/strong><br \/>\n\u00c1lvaro Arbeloaa- Real Madryt<br \/>\nGerard Piqu\u00e9- Barcelona<br \/>\nRa\u00fal Albiol- Real Madryt<br \/>\nC\u00e9sar Azpilicueta- Chelsea Londyn<br \/>\nJordi Alba- Barcelona<br \/>\nNacho Monreal- Arsenal Londyn<br \/>\nSergio Ramos- Real Madryt<br \/>\n<strong>Pomocnicy<\/strong><br \/>\nJavi Garcia- Manchester City<br \/>\nSergio Busquets- Barcelona<br \/>\nXabi Alonso- Real Madryt<br \/>\nXavi Hernandez- Barcelona<br \/>\nAndres Iniesta- Barcelona<br \/>\nJavi Martinez- Bayern Monachium<br \/>\nJesus Navas- Sevilla<br \/>\nBenat Etxebarria- Betis<br \/>\nJuan Mata- Chelsea Londyn<br \/>\nDavid Silva- Manchester City<br \/>\nSanti Cazorla- Arsenal Londyn<br \/>\nCesc Fabregas- Barcelona<br \/>\n<strong>Napastnicy<\/strong><br \/>\nDavid Villa- Barcelona<br \/>\nFernando Torres- Chelsea Londyn<br \/>\nRoberto Soldado- Valencia<br \/>\nPedro Rodriguez- Barcelona<br \/>\n\u017ar\u00f3d\u0142o:http:\/\/www.football-espana.net<\/p>\n","protected":false},"excerpt":{"rendered":"<p>Trener reprezentacji Hiszpanii Vincente del Bosque powo\u0142a\u0142 26 zawodnik\u00f3w na mecze towarzyskie z Haiti 8 czerwca w Miami i Irlandi\u0105 11 czerwca w Nowym Jorku oraz na Puchar Konfederacji kt\u00f3ry rozpocznie si\u0119 15 czerwca i podczas kt\u00f3rego aktualni mistrzowie \u015bwiata i europy zagraj\u0105 z Urugwajem- 16.06, Tahiti- 20.06 i Nigeri\u0105 23.06. Z 26-osobowej kadry do [&hellip;]<\/p>\n","protected":false},"author":3,"featured_media":2233,"comment_status":"open","ping_status":"open","sticky":false,"template":"","format":"standard","meta":{"_acf_changed":false,"footnotes":""},"categories":[2],"tags":[56,55],"class_list":["post-2232","post","type-post","status-publish","format-standard","has-post-thumbnail","hentry","category-bez-kategorii","tag-hiszpania","tag-puchar-konfederacji-2013"],"acf":[],"_links":{"self":[{"href":"https:\/\/kronika-futbolu.pl\/historia\/wp-json\/wp\/v2\/posts\/2232","targetHints":{"allow":["GET"]}}],"collection":[{"href":"https:\/\/kronika-futbolu.pl\/historia\/wp-json\/wp\/v2\/posts"}],"about":[{"href":"https:\/\/kronika-futbolu.pl\/historia\/wp-json\/wp\/v2\/types\/post"}],"author":[{"embeddable":true,"href":"https:\/\/kronika-futbolu.pl\/historia\/wp-json\/wp\/v2\/users\/3"}],"replies":[{"embeddable":true,"href":"https:\/\/kronika-futbolu.pl\/historia\/wp-json\/wp\/v2\/comments?post=2232"}],"version-history":[{"count":0,"href":"https:\/\/kronika-futbolu.pl\/historia\/wp-json\/wp\/v2\/posts\/2232\/revisions"}],"wp:featuredmedia":[{"embeddable":true,"href":"https:\/\/kronika-futbolu.pl\/historia\/wp-json\/wp\/v2\/media\/2233"}],"wp:attachment":[{"href":"https:\/\/kronika-futbolu.pl\/historia\/wp-json\/wp\/v2\/media?parent=2232"}],"wp:term":[{"taxonomy":"category","embeddable":true,"href":"https:\/\/kronika-futbolu.pl\/historia\/wp-json\/wp\/v2\/categories?post=2232"},{"taxonomy":"post_tag","embeddable":true,"href":"https:\/\/kronika-futbolu.pl\/historia\/wp-json\/wp\/v2\/tags?post=2232"}],"curies":[{"name":"wp","href":"https:\/\/api.w.org\/{rel}","templated":true}]}}