{"id":2279,"date":"2013-08-06T21:03:33","date_gmt":"2013-08-06T19:03:33","guid":{"rendered":"https:\/\/kronika-futbolu.pl\/historia\/?p=2279"},"modified":"2024-10-22T16:16:38","modified_gmt":"2024-10-22T14:16:38","slug":"konrad-kapler","status":"publish","type":"post","link":"https:\/\/kronika-futbolu.pl\/historia\/konrad-kapler\/","title":{"rendered":"Konrad Kapler- Historia polskich pi\u0142karzy za granic\u0105"},"content":{"rendered":"<p><b>Konrad Kapler<\/b> &#8211; urodzi\u0142 si\u0119 25 lutego 1925 roku w Tychach, podczas II wojny \u015bwiatowej przyby\u0142 do Wielkiej Brytanii.<br \/>\nOd 1946 roku wyst\u0119powa\u0142 (obok innych Polak\u00f3w) w szkockim klubie Forres Mechanics. 20 sierpnia 1947 r. podpisa\u0142 kontrakt z Celtikiem Glasgow. 10.09. 1947 zadebiutowa\u0142 w przegranym 1:3 meczu z Third Lanark w ramach rozgrywek Glasgow Cup (Puchar Glasgow).<br \/>\nDok\u0142adnie 58 lat po debiucie Konrada Celtic rozgrywa\u0142 spotkanie na Celtic Park przeciwko Aberdeen . By\u0142a to 20 rocznica \u015bmierci Jocka Steina (trener z kt\u00f3rym Celtic zdoby\u0142 Puchar Europy w 1967 roku) a swoja pierwsza bramk\u0119 na Celtic Park zdoby\u0142&#8230;Maciej \u017burawski ..<br \/>\nW Celticu zagra\u0142 \u0142\u0105cznie 8 meczy, w maju 1949 roku przeni\u00f3s\u0142 si\u0119 do angielskiego FC Rochdale w kt\u00f3rym rozegra\u0142 4 spotkania. W sezonie 1950\/1951 gra\u0142 w Morecambe F.C gdzie zagra\u0142 w 47 meczach ( 37 ligowych, 10 pucharowych) strzelaj\u0105c dwa gole. Nast\u0119pnie gra\u0142 w Congleton Town F.C. i od 1951 roku w Altrincham F.C. gdzie w pierwszym sezonie opu\u015bci\u0142 tylko 2 mecze i strzeli\u0142 9 bramek. W tym samym czasie w Altrincham F.C. gra\u0142 Adam Wasilewski kt\u00f3ry strzeli\u0142 jed\u0105 bramk\u0119 w 1 meczu.<br \/>\nW sezonie 1957\/1958 gra\u0142 w Stalybridge Celtic F.C.a od 1958 do 1959 w Mossley A.F.C. Karier\u0119 pi\u0142karsk\u0105 zako\u0144czy\u0142 w Ashton United gdzie gra\u0142 w sezonie 1959\/1960.<br \/>\nOsiad\u0142 w Rochdale gdzie zmar\u0142 23 pa\u017adziernika 1991 roku w wieku 66 lat. W sierpniu 2015 grupa polskich kibic\u00f3w Polishbhoys z Polska CSC No.1 wraz ze stowarzyszeniem Celtic Graves pr\u00f3bowa\u0142a odnale\u017a\u0107 gr\u00f3b pi\u0142karza, okaza\u0142o si\u0119 \u017ce cialo zostalo poddane kremacji a prochy rozsypane na terenie krematorium.<br \/>\nKariera klubowa:<br \/>\nThird Lanark (podczas wojny)<br \/>\nForres Mechanics<br \/>\nCeltic Glasgow 1947-1949 8 mecz\u00f3w 0 goli<br \/>\nRochdale AFC 1949\/1950 4 mecze 0 goli<br \/>\nMorecambe F.C. 1950-1951 47 meczy 2 gole<br \/>\nCongleton Town F.C 1951<br \/>\nAltrincham F.C. 1951-1957 258 mecz\u00f3w 34 gole:<\/p>\n<table border=\"1\">\n<tbody>\n<tr>\n<td><center>Sezon<\/center><\/td>\n<td><center>Liga<\/center><\/td>\n<td><center>FA Cup<\/center><\/td>\n<td><center>CLC<\/center><\/td>\n<td><center>CSC<\/center><\/td>\n<\/tr>\n<tr>\n<td>1951-52<\/td>\n<td>40, (9)<\/td>\n<td>1, (0)<\/td>\n<td>1, (0)<\/td>\n<td>2, (0)<\/td>\n<\/tr>\n<tr>\n<td>1952-53<\/td>\n<td>41, (3)<\/td>\n<td>4, (0)<\/td>\n<td>2, (0)<\/td>\n<td>4, (3)<\/td>\n<\/tr>\n<tr>\n<td>1953-54<\/td>\n<td>39, (4)<\/td>\n<td>2, (0)<\/td>\n<td>1, (0)<\/td>\n<td>3, (0)<\/td>\n<\/tr>\n<tr>\n<td>1955-56<\/td>\n<td>29, (4)<\/td>\n<td>2, (0)<\/td>\n<td>1, (0)<\/td>\n<td>2, (0)<\/td>\n<\/tr>\n<tr>\n<td>1956-57<\/td>\n<td>38, (5)<\/td>\n<td>2, (0)<\/td>\n<td>2, (1)<\/td>\n<td>&nbsp;<\/td>\n<\/tr>\n<\/tbody>\n<\/table>\n<p>Stalybridge Celtic F.C. 1957\/1958 22 mecze 2 gol<br \/>\nMossley A.F.C. 1958\/1959 36 meczy 3 gole<br \/>\nAshton United 1959\/1960 9 meczy 1 gol<\/p>\n<div id=\"ez-toc-container\" class=\"ez-toc-v2_0_75 counter-hierarchy ez-toc-counter ez-toc-grey ez-toc-container-direction\">\n<div class=\"ez-toc-title-container\">\n<p class=\"ez-toc-title\" style=\"cursor:inherit\">Table of Contents<\/p>\n<span class=\"ez-toc-title-toggle\"><a href=\"#\" class=\"ez-toc-pull-right ez-toc-btn ez-toc-btn-xs ez-toc-btn-default ez-toc-toggle\" aria-label=\"Toggle Table of Content\"><span class=\"ez-toc-js-icon-con\"><span class=\"\"><span class=\"eztoc-hide\" style=\"display:none;\">Toggle<\/span><span class=\"ez-toc-icon-toggle-span\"><svg style=\"fill: #999;color:#999\" xmlns=\"http:\/\/www.w3.org\/2000\/svg\" class=\"list-377408\" width=\"20px\" height=\"20px\" viewBox=\"0 0 24 24\" fill=\"none\"><path d=\"M6 6H4v2h2V6zm14 0H8v2h12V6zM4 11h2v2H4v-2zm16 0H8v2h12v-2zM4 16h2v2H4v-2zm16 0H8v2h12v-2z\" fill=\"currentColor\"><\/path><\/svg><svg style=\"fill: #999;color:#999\" class=\"arrow-unsorted-368013\" xmlns=\"http:\/\/www.w3.org\/2000\/svg\" width=\"10px\" height=\"10px\" viewBox=\"0 0 24 24\" version=\"1.2\" baseProfile=\"tiny\"><path d=\"M18.2 9.3l-6.2-6.3-6.2 6.3c-.2.2-.3.4-.3.7s.1.5.3.7c.2.2.4.3.7.3h11c.3 0 .5-.1.7-.3.2-.2.3-.5.3-.7s-.1-.5-.3-.7zM5.8 14.7l6.2 6.3 6.2-6.3c.2-.2.3-.5.3-.7s-.1-.5-.3-.7c-.2-.2-.4-.3-.7-.3h-11c-.3 0-.5.1-.7.3-.2.2-.3.5-.3.7s.1.5.3.7z\"\/><\/svg><\/span><\/span><\/span><\/a><\/span><\/div>\n<nav><ul class='ez-toc-list ez-toc-list-level-1 ' ><li class='ez-toc-page-1 ez-toc-heading-level-3'><a class=\"ez-toc-link ez-toc-heading-1\" href=\"https:\/\/kronika-futbolu.pl\/historia\/konrad-kapler\/#Oficjalny_sklad_meczu_Third_Lanark-Celtic\" >Oficjalny sk\u0142ad meczu Third Lanark-Celtic:<\/a><\/li><li class='ez-toc-page-1 ez-toc-heading-level-3'><a class=\"ez-toc-link ez-toc-heading-2\" href=\"https:\/\/kronika-futbolu.pl\/historia\/konrad-kapler\/#i\" >\u00a0<\/a><\/li><li class='ez-toc-page-1 ez-toc-heading-level-3'><a class=\"ez-toc-link ez-toc-heading-3\" href=\"https:\/\/kronika-futbolu.pl\/historia\/konrad-kapler\/#i-2\" >\u00a0<\/a><\/li><li class='ez-toc-page-1 ez-toc-heading-level-3'><a class=\"ez-toc-link ez-toc-heading-4\" href=\"https:\/\/kronika-futbolu.pl\/historia\/konrad-kapler\/#i-3\" >\u00a0<\/a><\/li><li class='ez-toc-page-1 ez-toc-heading-level-3'><a class=\"ez-toc-link ez-toc-heading-5\" href=\"https:\/\/kronika-futbolu.pl\/historia\/konrad-kapler\/#i-4\" >\u00a0<\/a><\/li><li class='ez-toc-page-1 ez-toc-heading-level-3'><a class=\"ez-toc-link ez-toc-heading-6\" href=\"https:\/\/kronika-futbolu.pl\/historia\/konrad-kapler\/#i-5\" >\u00a0<\/a><\/li><li class='ez-toc-page-1 ez-toc-heading-level-3'><a class=\"ez-toc-link ez-toc-heading-7\" href=\"https:\/\/kronika-futbolu.pl\/historia\/konrad-kapler\/#i-6\" >\u00a0<\/a><\/li><li class='ez-toc-page-1 ez-toc-heading-level-3'><a class=\"ez-toc-link ez-toc-heading-8\" href=\"https:\/\/kronika-futbolu.pl\/historia\/konrad-kapler\/#i-7\" >\u00a0<\/a><\/li><li class='ez-toc-page-1 ez-toc-heading-level-3'><a class=\"ez-toc-link ez-toc-heading-9\" href=\"https:\/\/kronika-futbolu.pl\/historia\/konrad-kapler\/#i-8\" >\u00a0<\/a><\/li><li class='ez-toc-page-1 ez-toc-heading-level-3'><a class=\"ez-toc-link ez-toc-heading-10\" href=\"https:\/\/kronika-futbolu.pl\/historia\/konrad-kapler\/#i-9\" >\u00a0<\/a><\/li><li class='ez-toc-page-1 ez-toc-heading-level-3'><a class=\"ez-toc-link ez-toc-heading-11\" href=\"https:\/\/kronika-futbolu.pl\/historia\/konrad-kapler\/#i-10\" >\u00a0<\/a><\/li><li class='ez-toc-page-1 ez-toc-heading-level-3'><a class=\"ez-toc-link ez-toc-heading-12\" href=\"https:\/\/kronika-futbolu.pl\/historia\/konrad-kapler\/#i-11\" >\u00a0<\/a><\/li><li class='ez-toc-page-1 ez-toc-heading-level-3'><a class=\"ez-toc-link ez-toc-heading-13\" href=\"https:\/\/kronika-futbolu.pl\/historia\/konrad-kapler\/#i-12\" >\u00a0<\/a><\/li><li class='ez-toc-page-1 ez-toc-heading-level-3'><a class=\"ez-toc-link ez-toc-heading-14\" href=\"https:\/\/kronika-futbolu.pl\/historia\/konrad-kapler\/#i-13\" >\u00a0<\/a><\/li><li class='ez-toc-page-1 ez-toc-heading-level-3'><a class=\"ez-toc-link ez-toc-heading-15\" href=\"https:\/\/kronika-futbolu.pl\/historia\/konrad-kapler\/#i-14\" >\u00a0<\/a><\/li><li class='ez-toc-page-1 ez-toc-heading-level-3'><a class=\"ez-toc-link ez-toc-heading-16\" href=\"https:\/\/kronika-futbolu.pl\/historia\/konrad-kapler\/#Oficjalny_program-sklad_Rangers_FC-Celtic_2009_1947\" >Oficjalny program-sk\u0142ad Rangers FC-Celtic 20.09 1947<\/a><\/li><li class='ez-toc-page-1 ez-toc-heading-level-3'><a class=\"ez-toc-link ez-toc-heading-17\" href=\"https:\/\/kronika-futbolu.pl\/historia\/konrad-kapler\/#i-15\" >\u00a0<\/a><\/li><li class='ez-toc-page-1 ez-toc-heading-level-3'><a class=\"ez-toc-link ez-toc-heading-18\" href=\"https:\/\/kronika-futbolu.pl\/historia\/konrad-kapler\/#i-16\" >\u00a0<\/a><\/li><li class='ez-toc-page-1 ez-toc-heading-level-3'><a class=\"ez-toc-link ez-toc-heading-19\" href=\"https:\/\/kronika-futbolu.pl\/historia\/konrad-kapler\/#i-17\" >\u00a0<\/a><\/li><li class='ez-toc-page-1 ez-toc-heading-level-3'><a class=\"ez-toc-link ez-toc-heading-20\" href=\"https:\/\/kronika-futbolu.pl\/historia\/konrad-kapler\/#i-18\" >\u00a0<\/a><\/li><li class='ez-toc-page-1 ez-toc-heading-level-3'><a class=\"ez-toc-link ez-toc-heading-21\" href=\"https:\/\/kronika-futbolu.pl\/historia\/konrad-kapler\/#i-19\" >\u00a0<\/a><\/li><li class='ez-toc-page-1 ez-toc-heading-level-3'><a class=\"ez-toc-link ez-toc-heading-22\" href=\"https:\/\/kronika-futbolu.pl\/historia\/konrad-kapler\/#i-20\" >\u00a0<\/a><\/li><li class='ez-toc-page-1 ez-toc-heading-level-3'><a class=\"ez-toc-link ez-toc-heading-23\" href=\"https:\/\/kronika-futbolu.pl\/historia\/konrad-kapler\/#i-21\" >\u00a0<\/a><\/li><li class='ez-toc-page-1 ez-toc-heading-level-3'><a class=\"ez-toc-link ez-toc-heading-24\" href=\"https:\/\/kronika-futbolu.pl\/historia\/konrad-kapler\/#i-22\" >\u00a0<\/a><\/li><li class='ez-toc-page-1 ez-toc-heading-level-3'><a class=\"ez-toc-link ez-toc-heading-25\" href=\"https:\/\/kronika-futbolu.pl\/historia\/konrad-kapler\/#i-23\" >\u00a0<\/a><\/li><li class='ez-toc-page-1 ez-toc-heading-level-3'><a class=\"ez-toc-link ez-toc-heading-26\" href=\"https:\/\/kronika-futbolu.pl\/historia\/konrad-kapler\/#i-24\" >\u00a0<\/a><\/li><li class='ez-toc-page-1 ez-toc-heading-level-3'><a class=\"ez-toc-link ez-toc-heading-27\" href=\"https:\/\/kronika-futbolu.pl\/historia\/konrad-kapler\/#i-25\" >\u00a0<\/a><\/li><li class='ez-toc-page-1 ez-toc-heading-level-3'><a class=\"ez-toc-link ez-toc-heading-28\" href=\"https:\/\/kronika-futbolu.pl\/historia\/konrad-kapler\/#i-26\" >\u00a0<\/a><\/li><li class='ez-toc-page-1 ez-toc-heading-level-3'><a class=\"ez-toc-link ez-toc-heading-29\" href=\"https:\/\/kronika-futbolu.pl\/historia\/konrad-kapler\/#i-27\" >\u00a0<\/a><\/li><\/ul><\/nav><\/div>\n<h3><span class=\"ez-toc-section\" id=\"Oficjalny_sklad_meczu_Third_Lanark-Celtic\"><\/span>Oficjalny sk\u0142ad meczu Third Lanark-Celtic:<span class=\"ez-toc-section-end\"><\/span><\/h3>\n<p><img loading=\"lazy\" decoding=\"async\" class=\"alignleft size-full wp-image-8248\" src=\"\/historia\/wp-content\/uploads\/2013\/08\/konrad-kapler.jpg\" alt=\"konrad kapler\" width=\"402\" height=\"608\" srcset=\"https:\/\/kronika-futbolu.pl\/historia\/wp-content\/uploads\/2013\/08\/konrad-kapler.jpg 402w, https:\/\/kronika-futbolu.pl\/historia\/wp-content\/uploads\/2013\/08\/konrad-kapler-264x400.jpg 264w\" sizes=\"auto, (max-width: 402px) 100vw, 402px\" \/><\/p>\n<h3><span class=\"ez-toc-section\" id=\"i\"><\/span>\u00a0<span class=\"ez-toc-section-end\"><\/span><\/h3>\n<h3><span class=\"ez-toc-section\" id=\"i-2\"><\/span>\u00a0<span class=\"ez-toc-section-end\"><\/span><\/h3>\n<h3><span class=\"ez-toc-section\" id=\"i-3\"><\/span>\u00a0<span class=\"ez-toc-section-end\"><\/span><\/h3>\n<h3><span class=\"ez-toc-section\" id=\"i-4\"><\/span>\u00a0<span class=\"ez-toc-section-end\"><\/span><\/h3>\n<h3><span class=\"ez-toc-section\" id=\"i-5\"><\/span>\u00a0<span class=\"ez-toc-section-end\"><\/span><\/h3>\n<h3><span class=\"ez-toc-section\" id=\"i-6\"><\/span>\u00a0<span class=\"ez-toc-section-end\"><\/span><\/h3>\n<h3><span class=\"ez-toc-section\" id=\"i-7\"><\/span>\u00a0<span class=\"ez-toc-section-end\"><\/span><\/h3>\n<h3><span class=\"ez-toc-section\" id=\"i-8\"><\/span>\u00a0<span class=\"ez-toc-section-end\"><\/span><\/h3>\n<h3><span class=\"ez-toc-section\" id=\"i-9\"><\/span>\u00a0<span class=\"ez-toc-section-end\"><\/span><\/h3>\n<h3><span class=\"ez-toc-section\" id=\"i-10\"><\/span>\u00a0<span class=\"ez-toc-section-end\"><\/span><\/h3>\n<h3><span class=\"ez-toc-section\" id=\"i-11\"><\/span>\u00a0<span class=\"ez-toc-section-end\"><\/span><\/h3>\n<h3><span class=\"ez-toc-section\" id=\"i-12\"><\/span>\u00a0<span class=\"ez-toc-section-end\"><\/span><\/h3>\n<h3><span class=\"ez-toc-section\" id=\"i-13\"><\/span>\u00a0<span class=\"ez-toc-section-end\"><\/span><\/h3>\n<h3><span class=\"ez-toc-section\" id=\"i-14\"><\/span>\u00a0<span class=\"ez-toc-section-end\"><\/span><\/h3>\n<h3><span class=\"ez-toc-section\" id=\"Oficjalny_program-sklad_Rangers_FC-Celtic_2009_1947\"><\/span>Oficjalny program-sk\u0142ad Rangers FC-Celtic 20.09 1947<span class=\"ez-toc-section-end\"><\/span><\/h3>\n<p><img loading=\"lazy\" decoding=\"async\" class=\"alignleft size-full wp-image-8254\" src=\"\/historia\/wp-content\/uploads\/2013\/08\/konrad-kapler-taptalk.jpg\" alt=\"konrad kapler\" width=\"398\" height=\"621\" srcset=\"https:\/\/kronika-futbolu.pl\/historia\/wp-content\/uploads\/2013\/08\/konrad-kapler-taptalk.jpg 398w, https:\/\/kronika-futbolu.pl\/historia\/wp-content\/uploads\/2013\/08\/konrad-kapler-taptalk-256x400.jpg 256w\" sizes=\"auto, (max-width: 398px) 100vw, 398px\" \/><\/p>\n<p><strong>Konrad Kapler na ok\u0142adce oficjalnego programu. Mecz Celtic-Aberdeen 10.01. 1948 (1-0 dla Celticu)<\/strong><br \/>\n<img loading=\"lazy\" decoding=\"async\" class=\"alignleft size-full wp-image-8251\" src=\"\/historia\/wp-content\/uploads\/2013\/08\/konrad_kapler.jpg\" alt=\"konrad kapler\" width=\"405\" height=\"613\" srcset=\"https:\/\/kronika-futbolu.pl\/historia\/wp-content\/uploads\/2013\/08\/konrad_kapler.jpg 405w, https:\/\/kronika-futbolu.pl\/historia\/wp-content\/uploads\/2013\/08\/konrad_kapler-264x400.jpg 264w\" sizes=\"auto, (max-width: 405px) 100vw, 405px\" \/><\/p>\n<h3><span class=\"ez-toc-section\" id=\"i-15\"><\/span>\u00a0<span class=\"ez-toc-section-end\"><\/span><\/h3>\n<h3><span class=\"ez-toc-section\" id=\"i-16\"><\/span>\u00a0<span class=\"ez-toc-section-end\"><\/span><\/h3>\n<h3><span class=\"ez-toc-section\" id=\"i-17\"><\/span>\u00a0<span class=\"ez-toc-section-end\"><\/span><\/h3>\n<h3><span class=\"ez-toc-section\" id=\"i-18\"><\/span>\u00a0<span class=\"ez-toc-section-end\"><\/span><\/h3>\n<h3><span class=\"ez-toc-section\" id=\"i-19\"><\/span>\u00a0<span class=\"ez-toc-section-end\"><\/span><\/h3>\n<h3><span class=\"ez-toc-section\" id=\"i-20\"><\/span>\u00a0<span class=\"ez-toc-section-end\"><\/span><\/h3>\n<h3><span class=\"ez-toc-section\" id=\"i-21\"><\/span>\u00a0<span class=\"ez-toc-section-end\"><\/span><\/h3>\n<h3><span class=\"ez-toc-section\" id=\"i-22\"><\/span>\u00a0<span class=\"ez-toc-section-end\"><\/span><\/h3>\n<h3><span class=\"ez-toc-section\" id=\"i-23\"><\/span>\u00a0<span class=\"ez-toc-section-end\"><\/span><\/h3>\n<h3><span class=\"ez-toc-section\" id=\"i-24\"><\/span>\u00a0<span class=\"ez-toc-section-end\"><\/span><\/h3>\n<h3><span class=\"ez-toc-section\" id=\"i-25\"><\/span>\u00a0<span class=\"ez-toc-section-end\"><\/span><\/h3>\n<h3><span class=\"ez-toc-section\" id=\"i-26\"><\/span>\u00a0<span class=\"ez-toc-section-end\"><\/span><\/h3>\n<h3><span class=\"ez-toc-section\" id=\"i-27\"><\/span>\u00a0<span class=\"ez-toc-section-end\"><\/span><\/h3>\n<p><strong>Zdj\u0119cie dru\u017cyny Altrincham Konrad Kapler drugi od prawej u g\u00f3ry.<\/strong><br \/>\n<img loading=\"lazy\" decoding=\"async\" class=\"size-full wp-image-8257 aligncenter\" src=\"\/historia\/wp-content\/uploads\/2013\/08\/konrad-kapler323.jpg\" alt=\"konrad kapler\" width=\"800\" height=\"582\" srcset=\"https:\/\/kronika-futbolu.pl\/historia\/wp-content\/uploads\/2013\/08\/konrad-kapler323.jpg 800w, https:\/\/kronika-futbolu.pl\/historia\/wp-content\/uploads\/2013\/08\/konrad-kapler323-550x400.jpg 550w, https:\/\/kronika-futbolu.pl\/historia\/wp-content\/uploads\/2013\/08\/konrad-kapler323-768x559.jpg 768w\" sizes=\"auto, (max-width: 800px) 100vw, 800px\" \/><\/p>\n<div>\u00a0<\/div>\n<div>\u00a0<\/div>\n<div>\u00a0<\/div>\n<div>\u00a0<\/div>\n<div>\u00a0<\/div>\n<div>\u00a0<\/div>\n<div>\u00a0<\/div>\n<div>\u00a0<\/div>\n<div>\u00a0<\/div>\n<div>\u00a0<\/div>\n<div>\u00a0<\/div>\n<div>\u00a0<\/div>\n<div>\u00a0<\/div>\n<div>\u00a0<\/div>\n<div>Inne ciekawe artyku\u0142u na kronika-futbolu.pl:<\/div>\n<div><a href=\"\/historia\/artykuly-2\/\"> \/historia\/artykuly-2\/<\/a><\/div>\n<p>\u0179r\u00f3d\u0142a:<\/p>\n<div>http:\/\/celticgraves.com\/topic\/8349338\/1\/<\/div>\n<div>\u00a0<\/div>\n<div>http:\/\/pl.wikipedia.org\/wiki\/Konrad_Kapler<\/div>\n<div>\u00a0<\/div>\n<div>http:\/\/www.thecelticwiki.com\/page\/Kapler%2C+Konrad?t=anon<\/div>\n<div>\u00a0<\/div>\n<div>http:\/\/www.jlaidlar.webspace.virginmedia.com\/legend28.htm<\/div>\n<div>\u00a0<\/div>\n","protected":false},"excerpt":{"rendered":"<p>Konrad Kapler &#8211; urodzi\u0142 si\u0119 25 lutego 1925 roku w Tychach, podczas II wojny \u015bwiatowej przyby\u0142 do Wielkiej Brytanii. Od 1946 roku wyst\u0119powa\u0142 (obok innych Polak\u00f3w) w szkockim klubie Forres Mechanics. 20 sierpnia 1947 r. podpisa\u0142 kontrakt z Celtikiem Glasgow. 10.09. 1947 zadebiutowa\u0142 w przegranym 1:3 meczu z Third Lanark w ramach rozgrywek Glasgow Cup [&hellip;]<\/p>\n","protected":false},"author":3,"featured_media":1684,"comment_status":"open","ping_status":"open","sticky":false,"template":"","format":"standard","meta":{"_acf_changed":false,"footnotes":""},"categories":[2],"tags":[81,82,83,84,85],"class_list":["post-2279","post","type-post","status-publish","format-standard","has-post-thumbnail","hentry","category-bez-kategorii","tag-biogram","tag-celtic","tag-konrad-kapler","tag-polacy-za-granica","tag-polishbhoys"],"acf":[],"_links":{"self":[{"href":"https:\/\/kronika-futbolu.pl\/historia\/wp-json\/wp\/v2\/posts\/2279","targetHints":{"allow":["GET"]}}],"collection":[{"href":"https:\/\/kronika-futbolu.pl\/historia\/wp-json\/wp\/v2\/posts"}],"about":[{"href":"https:\/\/kronika-futbolu.pl\/historia\/wp-json\/wp\/v2\/types\/post"}],"author":[{"embeddable":true,"href":"https:\/\/kronika-futbolu.pl\/historia\/wp-json\/wp\/v2\/users\/3"}],"replies":[{"embeddable":true,"href":"https:\/\/kronika-futbolu.pl\/historia\/wp-json\/wp\/v2\/comments?post=2279"}],"version-history":[{"count":1,"href":"https:\/\/kronika-futbolu.pl\/historia\/wp-json\/wp\/v2\/posts\/2279\/revisions"}],"predecessor-version":[{"id":13978,"href":"https:\/\/kronika-futbolu.pl\/historia\/wp-json\/wp\/v2\/posts\/2279\/revisions\/13978"}],"wp:featuredmedia":[{"embeddable":true,"href":"https:\/\/kronika-futbolu.pl\/historia\/wp-json\/wp\/v2\/media\/1684"}],"wp:attachment":[{"href":"https:\/\/kronika-futbolu.pl\/historia\/wp-json\/wp\/v2\/media?parent=2279"}],"wp:term":[{"taxonomy":"category","embeddable":true,"href":"https:\/\/kronika-futbolu.pl\/historia\/wp-json\/wp\/v2\/categories?post=2279"},{"taxonomy":"post_tag","embeddable":true,"href":"https:\/\/kronika-futbolu.pl\/historia\/wp-json\/wp\/v2\/tags?post=2279"}],"curies":[{"name":"wp","href":"https:\/\/api.w.org\/{rel}","templated":true}]}}