{"id":2302,"date":"2013-08-26T16:44:11","date_gmt":"2013-08-26T14:44:11","guid":{"rendered":"https:\/\/kronika-futbolu.pl\/historia\/?p=2302"},"modified":"2013-08-26T16:44:11","modified_gmt":"2013-08-26T14:44:11","slug":"kadra-czarnogory-na-mecz-z-polska","status":"publish","type":"post","link":"https:\/\/kronika-futbolu.pl\/historia\/kadra-czarnogory-na-mecz-z-polska\/","title":{"rendered":"Kadra Czarnog\u00f3ry na mecz z Polsk\u0105"},"content":{"rendered":"<p>Trener reprezentacji Czarnog\u00f3ry Branko Brnovi\u0107 og\u0142osi\u0142 25-osobow\u0105 kadr\u0119 na mecz eliminacji mistrzostw \u015bwiata kt\u00f3ry odb\u0119dzie sie 6 wrze\u015bnia o 20.45 na Stadionie Narodowym<br \/>\nw Warszawie.<br \/>\nW\u015br\u00f3d powo\u0142anych jest tylko jeden zawodnik z ligi Czarnog\u00f3rskiej- bramkarz Ivan Janusjevi\u0107, oraz jeden debiutant z Crveny Zvezdy Belgrad- Marko Vesovi\u0107.<\/p>\n<table class=\" cke_show_border\" border=\"0\" width=\"475\" cellspacing=\"1\" cellpadding=\"1\" align=\"center\">\n<tbody>\n<tr>\n<td><strong>zawodnik<\/strong><\/td>\n<td><strong>klub<\/strong><\/td>\n<td><strong>data urodzenia<\/strong><\/td>\n<td><strong>meczy<\/strong><\/td>\n<td><strong>bramki<\/strong><\/td>\n<\/tr>\n<tr>\n<td colspan=\"5\"><strong>Bramkarze<\/strong><\/td>\n<\/tr>\n<tr>\n<td>Mladen Bozovi\u0107<\/td>\n<td>Tom Tomsk (Rosja)<\/td>\n<td>1.08.1984<\/td>\n<td>32<\/td>\n<td>0<\/td>\n<\/tr>\n<tr>\n<td>Vukasin Poleksi\u0107<\/td>\n<td>Debrecin (W\u0119gry)<\/td>\n<td>30.08.1982<\/td>\n<td>24<\/td>\n<td>0<\/td>\n<\/tr>\n<tr>\n<td>Ivan Janusjevi\u0107<\/td>\n<td>Sutjeska<\/td>\n<td>5.11.1986<\/td>\n<td>1<\/td>\n<td>0<\/td>\n<\/tr>\n<tr>\n<td colspan=\"5\"><strong>Obro\u0144cy<\/strong><\/td>\n<\/tr>\n<tr>\n<td>Vladimir Bozovi\u0107<\/td>\n<td>Mordowija Sara\u0144sk (Rosja)<\/td>\n<td>13.11.1981<\/td>\n<td>34<\/td>\n<td>0<\/td>\n<\/tr>\n<tr>\n<td>Marko Basa<\/td>\n<td>Lille (Francja)<\/td>\n<td>29.12.1982<\/td>\n<td>27<\/td>\n<td>1<\/td>\n<\/tr>\n<tr>\n<td>Stefan Savi\u0107<\/td>\n<td>Fiorentina (W\u0142ochy)<\/td>\n<td>8.01.1991<\/td>\n<td>22<\/td>\n<td>2<\/td>\n<\/tr>\n<tr>\n<td>Ivan Kecojevi\u0107<\/td>\n<td>Gaziantep (Turcja)<\/td>\n<td>10.04.1982<\/td>\n<td>3<\/td>\n<td>0<\/td>\n<\/tr>\n<tr>\n<td>Blazo Igumanovi\u0107<\/td>\n<td>Astana (Kazachstan)<\/td>\n<td>19.01.1986<\/td>\n<td>1<\/td>\n<td>0<\/td>\n<\/tr>\n<tr>\n<td>Marko Vesovi\u0107<\/td>\n<td>Crvena Zvezda (Serbia)<\/td>\n<td>29.08.1991<\/td>\n<td>0<\/td>\n<td>0<\/td>\n<\/tr>\n<tr>\n<td>Miodrag D\u017cudovi\u0107<\/td>\n<td>Spartak Nalczyk (Rosja)<\/td>\n<td>6.09.1979<\/td>\n<td>25<\/td>\n<td>1<\/td>\n<\/tr>\n<tr>\n<td>Marko Simi\u0107<\/td>\n<td>Kayserizpor (Turcja)<\/td>\n<td>16.06.1987<\/td>\n<td>1<\/td>\n<td>0<\/td>\n<\/tr>\n<tr>\n<td colspan=\"5\"><strong>Pomocnicy<\/strong><\/td>\n<\/tr>\n<tr>\n<td>Branko Bozkovi\u0107<\/td>\n<td>Rapid Wiede\u0144 (Austria)<\/td>\n<td>21.06.1980<\/td>\n<td>24<\/td>\n<td>1<\/td>\n<\/tr>\n<tr>\n<td>Elsad Zveroti\u0107<\/td>\n<td>Young Boys (Szwajcaria)<\/td>\n<td>31.10.1986<\/td>\n<td>38<\/td>\n<td>4<\/td>\n<\/tr>\n<tr>\n<td>Milorad Pekovi\u0107<\/td>\n<td>Hansa Rostock (Niemcy)<\/td>\n<td>5.08.1977<\/td>\n<td>34<\/td>\n<td>0<\/td>\n<\/tr>\n<tr>\n<td>Nikola Drin\u0107i\u0107<\/td>\n<td>Krasnodar (Rosja)<\/td>\n<td>7.09.1984<\/td>\n<td>29<\/td>\n<td>3<\/td>\n<\/tr>\n<tr>\n<td>Mitar Novakovi\u0107<\/td>\n<td>Amkar Perm (Rosja)<\/td>\n<td>27.09.1981<\/td>\n<td>22<\/td>\n<td>0<\/td>\n<\/tr>\n<tr>\n<td>Marko Baki\u0107<\/td>\n<td>Fiorentina<\/td>\n<td>1.11.1993<\/td>\n<td>2<\/td>\n<td>0<\/td>\n<\/tr>\n<tr>\n<td>Simon Vuk\u0107evi\u0107<\/td>\n<td>Vojvodina (Serbia)<\/td>\n<td>29.01.1986<\/td>\n<td>41<\/td>\n<td>2<\/td>\n<\/tr>\n<tr>\n<td>Milan Krkoti\u0107<\/td>\n<td>Dacia Kiszyn\u00f3w (Mo\u0142dawia)<\/td>\n<td>29.09.1987<\/td>\n<td>2<\/td>\n<td>0<\/td>\n<\/tr>\n<tr>\n<td colspan=\"5\"><strong>Napastnicy<\/strong><\/td>\n<\/tr>\n<tr>\n<td>Stefan Joveti\u0107<\/td>\n<td>Manchester City (Anglia)<\/td>\n<td>2.11.1989<\/td>\n<td>28<\/td>\n<td>10<\/td>\n<\/tr>\n<tr>\n<td>Mirko Vu\u0107ini\u0107<\/td>\n<td>Juventus Turyn (W\u0142ochy)<\/td>\n<td>1.10.1983<\/td>\n<td>36<\/td>\n<td>15<\/td>\n<\/tr>\n<tr>\n<td>Fatos Be\u0107iraj<\/td>\n<td>Dinamo Zagrzeb (Chorwacja)<\/td>\n<td>5.05.1988<\/td>\n<td>21<\/td>\n<td>3<\/td>\n<\/tr>\n<tr>\n<td>Demjan Damjanovi\u0107<\/td>\n<td>Seul (Korea Po\u0142udniowa)<\/td>\n<td>27.07.1981<\/td>\n<td>18<\/td>\n<td>4<\/td>\n<\/tr>\n<tr>\n<td>Luka Dordevi\u0107<\/td>\n<td>Twente (Holandia)<\/td>\n<td>9.07.1994<\/td>\n<td>2<\/td>\n<td>1<\/td>\n<\/tr>\n<tr>\n<td>Filip Kasalica<\/td>\n<td>Crvena Zvezda (Serbia)<\/td>\n<td>17.12.1988<\/td>\n<td>7<\/td>\n<td>1<\/td>\n<\/tr>\n<\/tbody>\n<\/table>\n<p>\u017ar\u00f3d\u0142o: fscg.co.me<br \/>\nlogo:easylogo.cn<\/p>\n","protected":false},"excerpt":{"rendered":"<p>Trener reprezentacji Czarnog\u00f3ry Branko Brnovi\u0107 og\u0142osi\u0142 25-osobow\u0105 kadr\u0119 na mecz eliminacji mistrzostw \u015bwiata kt\u00f3ry odb\u0119dzie sie 6 wrze\u015bnia o 20.45 na Stadionie Narodowym w Warszawie. W\u015br\u00f3d powo\u0142anych jest tylko jeden zawodnik z ligi Czarnog\u00f3rskiej- bramkarz Ivan Janusjevi\u0107, oraz jeden debiutant z Crveny Zvezdy Belgrad- Marko Vesovi\u0107. zawodnik klub data urodzenia meczy bramki Bramkarze Mladen Bozovi\u0107 [&hellip;]<\/p>\n","protected":false},"author":3,"featured_media":2303,"comment_status":"open","ping_status":"open","sticky":false,"template":"","format":"standard","meta":{"_acf_changed":false,"footnotes":""},"categories":[2],"tags":[103,39,40,37],"class_list":["post-2302","post","type-post","status-publish","format-standard","has-post-thumbnail","hentry","category-bez-kategorii","tag-czarnogora","tag-eliminacje","tag-mundial-2014","tag-polska"],"acf":[],"_links":{"self":[{"href":"https:\/\/kronika-futbolu.pl\/historia\/wp-json\/wp\/v2\/posts\/2302","targetHints":{"allow":["GET"]}}],"collection":[{"href":"https:\/\/kronika-futbolu.pl\/historia\/wp-json\/wp\/v2\/posts"}],"about":[{"href":"https:\/\/kronika-futbolu.pl\/historia\/wp-json\/wp\/v2\/types\/post"}],"author":[{"embeddable":true,"href":"https:\/\/kronika-futbolu.pl\/historia\/wp-json\/wp\/v2\/users\/3"}],"replies":[{"embeddable":true,"href":"https:\/\/kronika-futbolu.pl\/historia\/wp-json\/wp\/v2\/comments?post=2302"}],"version-history":[{"count":0,"href":"https:\/\/kronika-futbolu.pl\/historia\/wp-json\/wp\/v2\/posts\/2302\/revisions"}],"wp:featuredmedia":[{"embeddable":true,"href":"https:\/\/kronika-futbolu.pl\/historia\/wp-json\/wp\/v2\/media\/2303"}],"wp:attachment":[{"href":"https:\/\/kronika-futbolu.pl\/historia\/wp-json\/wp\/v2\/media?parent=2302"}],"wp:term":[{"taxonomy":"category","embeddable":true,"href":"https:\/\/kronika-futbolu.pl\/historia\/wp-json\/wp\/v2\/categories?post=2302"},{"taxonomy":"post_tag","embeddable":true,"href":"https:\/\/kronika-futbolu.pl\/historia\/wp-json\/wp\/v2\/tags?post=2302"}],"curies":[{"name":"wp","href":"https:\/\/api.w.org\/{rel}","templated":true}]}}