{"id":2408,"date":"2013-10-15T16:40:09","date_gmt":"2013-10-15T14:40:09","guid":{"rendered":"https:\/\/kronika-futbolu.pl\/historia\/?p=2408"},"modified":"2013-10-15T16:40:09","modified_gmt":"2013-10-15T14:40:09","slug":"sklad-polski-na-mecz-z-anglia","status":"publish","type":"post","link":"https:\/\/kronika-futbolu.pl\/historia\/sklad-polski-na-mecz-z-anglia\/","title":{"rendered":"Sk\u0142ad Polski na mecz z Angli\u0105"},"content":{"rendered":"<p>Waldemar Fornalik poda\u0142 wyj\u015bciowy sk\u0142ad reprezentacji Polski na mecz z Angli\u0105 kt\u00f3ry rozpocznie si\u0119 dzisiaj o 21.00 w Londynie na Wembley.<br \/>\nSk\u0142ad Polski na mecz z Ukrain\u0105: (w nawiasie mecze i gole<br \/>\nw kadrze)<br \/>\nWojciech Szcz\u0119sny(14\/0) &#8211; Piotr Celeban(8\/0), Artur J\u0119drzejczyk(9\/1),<br \/>\nKamil Glik(21\/2), Grzegorz Wojtkowiak(21\/0) &#8211; Grzegorz Krychowiak(14\/0),<br \/>\nMariusz Lewandowski(65\/6)- Jakub B\u0142aszczykowski(65\/14), Adrian Mierzejewski(40\/3),<br \/>\nWaldemar Sobota(9\/4) &#8211; Robert Lewandowski(57\/18).<\/p>\n","protected":false},"excerpt":{"rendered":"<p>Waldemar Fornalik poda\u0142 wyj\u015bciowy sk\u0142ad reprezentacji Polski na mecz z Angli\u0105 kt\u00f3ry rozpocznie si\u0119 dzisiaj o 21.00 w Londynie na Wembley. Sk\u0142ad Polski na mecz z Ukrain\u0105: (w nawiasie mecze i gole w kadrze) Wojciech Szcz\u0119sny(14\/0) &#8211; Piotr Celeban(8\/0), Artur J\u0119drzejczyk(9\/1), Kamil Glik(21\/2), Grzegorz Wojtkowiak(21\/0) &#8211; Grzegorz Krychowiak(14\/0), Mariusz Lewandowski(65\/6)- Jakub B\u0142aszczykowski(65\/14), Adrian Mierzejewski(40\/3), Waldemar [&hellip;]<\/p>\n","protected":false},"author":3,"featured_media":1665,"comment_status":"open","ping_status":"open","sticky":false,"template":"","format":"standard","meta":{"_acf_changed":false,"footnotes":""},"categories":[113],"tags":[97,37],"class_list":["post-2408","post","type-post","status-publish","format-standard","has-post-thumbnail","hentry","category-reprezentacja","tag-anglia","tag-polska"],"acf":[],"_links":{"self":[{"href":"https:\/\/kronika-futbolu.pl\/historia\/wp-json\/wp\/v2\/posts\/2408","targetHints":{"allow":["GET"]}}],"collection":[{"href":"https:\/\/kronika-futbolu.pl\/historia\/wp-json\/wp\/v2\/posts"}],"about":[{"href":"https:\/\/kronika-futbolu.pl\/historia\/wp-json\/wp\/v2\/types\/post"}],"author":[{"embeddable":true,"href":"https:\/\/kronika-futbolu.pl\/historia\/wp-json\/wp\/v2\/users\/3"}],"replies":[{"embeddable":true,"href":"https:\/\/kronika-futbolu.pl\/historia\/wp-json\/wp\/v2\/comments?post=2408"}],"version-history":[{"count":0,"href":"https:\/\/kronika-futbolu.pl\/historia\/wp-json\/wp\/v2\/posts\/2408\/revisions"}],"wp:featuredmedia":[{"embeddable":true,"href":"https:\/\/kronika-futbolu.pl\/historia\/wp-json\/wp\/v2\/media\/1665"}],"wp:attachment":[{"href":"https:\/\/kronika-futbolu.pl\/historia\/wp-json\/wp\/v2\/media?parent=2408"}],"wp:term":[{"taxonomy":"category","embeddable":true,"href":"https:\/\/kronika-futbolu.pl\/historia\/wp-json\/wp\/v2\/categories?post=2408"},{"taxonomy":"post_tag","embeddable":true,"href":"https:\/\/kronika-futbolu.pl\/historia\/wp-json\/wp\/v2\/tags?post=2408"}],"curies":[{"name":"wp","href":"https:\/\/api.w.org\/{rel}","templated":true}]}}