{"id":2427,"date":"2013-10-26T18:58:46","date_gmt":"2013-10-26T16:58:46","guid":{"rendered":"https:\/\/kronika-futbolu.pl\/historia\/?p=2427"},"modified":"2022-10-14T09:32:15","modified_gmt":"2022-10-14T07:32:15","slug":"adam-nawalka-59-trenerem-reprezentacji-polski","status":"publish","type":"post","link":"https:\/\/kronika-futbolu.pl\/historia\/adam-nawalka-59-trenerem-reprezentacji-polski\/","title":{"rendered":"Adam Nawa\u0142ka 59 trenerem reprezentacji Polski"},"content":{"rendered":"<p>Polski Zwi\u0105zek Pi\u0142ki No\u017cnej poinformowa\u0142 \u017ce nowym trenerem reprezentacji Polski b\u0119dzie Adam Nawa\u0142ka. Zast\u0105pi on na tym stanowisku Waldemara Fornalika. Obecnie Adam Nawa\u0142ka jest szkoleniowcem G\u00f3rnika Zabrze, obowi\u0105zki trenerskie kadry przejmie przejmie 1 listopada.<br \/>\nZadaniem nowego trenerea jest awans naszej reprezentacji do Mistrzostw Europy w 2016 roku kt\u00f3re zostan\u0105 rozegrane we Francji.<br \/>\nAdama Nawa\u0142ka jest 59 trenerem reprezentacji Polski w historii ( do 1966 roku za prowadzenie kadry odpowiedzialne by\u0142y zespo\u0142y w kt\u00f3rych jedna osoba zajmowa\u0142a sie trenowaniem dru\u017cyny). Najd\u0142u\u017cej trenerem kadry by\u0142 J\u00f3zef Ka\u0142u\u017ca w latach 1932-1939<br \/>\nAdam Nawa\u0142ka- 56 lat- urodzony 23.10.1957 w Krakowie, jako pi\u0142karz gra\u0142 na pozycji pomocnika, uczestnik Mistrzostw \u015awiata 1978 w Argentynie. W latach 1975-1985 zawodnik Wis\u0142y Krak\u00f3w, mistrz Polski w 1978, w I lidze 190 mecz\u00f3w, 9 bramek. Od 1985 do 1988 zawodnikPolish-American Eagles w Yonkers w stanie Nowy Jork gdzie stawia\u0142 tak\u017ce<br \/>\npierwsze kroki trenerskie. 34 mecze i 1 gol w reprezentacji Polski.<br \/>\nTrener \u015awit Krzeszowice, Wis\u0142a Krak\u00f3w, Zag\u0142\u0119bie Lubin, Sandecja Nowy S\u0105cz, Jagiellonia Bia\u0142ystok, GKS Katowice, G\u00f3rnik Zabrze.<br \/>\n\u015awit Krzeszowice 1996-1998<br \/>\nWis\u0142a Krak\u00f3w 2000-2001 Mistrzostwo Polski i Puchar Ligi<br \/>\nZag\u0142\u0119bie Lubin 2002<br \/>\nSandecja Nowy S\u0105cz 2003-2004<br \/>\nJagiellonia Bia\u0142ystok 2004-2006<br \/>\nWis\u0142a Krak\u00f3w 2006-2007<br \/>\nGKS Katowice 2008-2009<br \/>\nG\u00f3rnik Zabrze 2010-2013<\/p>\n","protected":false},"excerpt":{"rendered":"<p>Polski Zwi\u0105zek Pi\u0142ki No\u017cnej poinformowa\u0142 \u017ce nowym trenerem reprezentacji Polski b\u0119dzie Adam Nawa\u0142ka. Zast\u0105pi on na tym stanowisku Waldemara Fornalika. Obecnie Adam Nawa\u0142ka jest szkoleniowcem G\u00f3rnika Zabrze, obowi\u0105zki trenerskie kadry przejmie przejmie 1 listopada. Zadaniem nowego trenerea jest awans naszej reprezentacji do Mistrzostw Europy w 2016 roku kt\u00f3re zostan\u0105 rozegrane we Francji. Adama Nawa\u0142ka jest [&hellip;]<\/p>\n","protected":false},"author":3,"featured_media":12858,"comment_status":"open","ping_status":"open","sticky":false,"template":"","format":"standard","meta":{"_acf_changed":false,"footnotes":""},"categories":[113],"tags":[139,37],"class_list":["post-2427","post","type-post","status-publish","format-standard","has-post-thumbnail","hentry","category-reprezentacja","tag-adam-nawalka","tag-polska"],"acf":[],"_links":{"self":[{"href":"https:\/\/kronika-futbolu.pl\/historia\/wp-json\/wp\/v2\/posts\/2427","targetHints":{"allow":["GET"]}}],"collection":[{"href":"https:\/\/kronika-futbolu.pl\/historia\/wp-json\/wp\/v2\/posts"}],"about":[{"href":"https:\/\/kronika-futbolu.pl\/historia\/wp-json\/wp\/v2\/types\/post"}],"author":[{"embeddable":true,"href":"https:\/\/kronika-futbolu.pl\/historia\/wp-json\/wp\/v2\/users\/3"}],"replies":[{"embeddable":true,"href":"https:\/\/kronika-futbolu.pl\/historia\/wp-json\/wp\/v2\/comments?post=2427"}],"version-history":[{"count":1,"href":"https:\/\/kronika-futbolu.pl\/historia\/wp-json\/wp\/v2\/posts\/2427\/revisions"}],"predecessor-version":[{"id":12859,"href":"https:\/\/kronika-futbolu.pl\/historia\/wp-json\/wp\/v2\/posts\/2427\/revisions\/12859"}],"wp:featuredmedia":[{"embeddable":true,"href":"https:\/\/kronika-futbolu.pl\/historia\/wp-json\/wp\/v2\/media\/12858"}],"wp:attachment":[{"href":"https:\/\/kronika-futbolu.pl\/historia\/wp-json\/wp\/v2\/media?parent=2427"}],"wp:term":[{"taxonomy":"category","embeddable":true,"href":"https:\/\/kronika-futbolu.pl\/historia\/wp-json\/wp\/v2\/categories?post=2427"},{"taxonomy":"post_tag","embeddable":true,"href":"https:\/\/kronika-futbolu.pl\/historia\/wp-json\/wp\/v2\/tags?post=2427"}],"curies":[{"name":"wp","href":"https:\/\/api.w.org\/{rel}","templated":true}]}}