{"id":2435,"date":"2013-11-06T11:57:29","date_gmt":"2013-11-06T10:57:29","guid":{"rendered":"https:\/\/kronika-futbolu.pl\/historia\/?p=2435"},"modified":"2013-11-06T11:57:29","modified_gmt":"2013-11-06T10:57:29","slug":"kadra-polski-na-mecze-ze-slowacja-i-irlandia","status":"publish","type":"post","link":"https:\/\/kronika-futbolu.pl\/historia\/kadra-polski-na-mecze-ze-slowacja-i-irlandia\/","title":{"rendered":"Kadra Polski na mecze ze S\u0142owacj\u0105 i Irlandi\u0105"},"content":{"rendered":"<p>Znamy wszystkich pi\u0142karzy powo\u0142anych przez nowego selekcjonera reprezentacji Polski Adama Nawa\u0142k\u0119 na towarzyskie mecze ze S\u0142owacj\u0105 15 listopada we Wroc\u0142awiu i z Irlandi\u0105 19 listopada w Poznaniu. W\u015br\u00f3d powo\u0142anych jest 11 zawodnik\u00f3w graj\u0105cych w Polsce.<br \/>\nKadra Polski na mecze z Ukraina i Angli\u0105:<br \/>\n<strong>Bramkarze: <\/strong><br \/>\nArtur Boruc (FC SOUTHAMPTON, Anglia); 55\/0<br \/>\nWojciech Szcz\u0119sny (ARSENAL LONDYN, Anglia); 15\/0<br \/>\nPrzemys\u0142aw Tyto\u0144(PSV Eindhoven, Holandia) 13\/0<br \/>\nRafa\u0142 Leszczy\u0144ski (Dolcan Z\u0105bki) 0\/0<br \/>\n<strong>Obro\u0144cy:<\/strong><br \/>\nPiotr Celeban (FC VASLUI, Rumunia); 9\/0<br \/>\nMarcin Kowalczyk (Wo\u0142ga Ni\u017cni Nowogr\u00f3d, Rosja; 20\/2<br \/>\nArtur J\u0119drzejczyk (FK KRASNODAR, Rosja); 10\/1<br \/>\n\u0141ukasz Szuka\u0142a (STEAUA BUKARESZT, Rumunia); 3\/0<br \/>\nTomasz Brzyski, (Legia Warszawa) 2\/0<br \/>\nTomasz Jod\u0142owiec, (Legia Warszawa) 27\/0<br \/>\nRafa\u0142 Kosznik (G\u00f3rnik Zabrze), 0\/0<br \/>\nMarcin Kami\u0144ski (Lech Pozna\u0144), 3\/0<br \/>\nAdam Marciniak (Cracovia), 0\/0<br \/>\nMicha\u0142 Pazdan (Jagiellonia Bia\u0142ystok) 5\/0<br \/>\n<strong>Pomocnicy:<\/strong><br \/>\nJakub B\u0142aszczykowski (BORUSSIA DORTMUND, Niemcy); 66\/14<br \/>\nPiotr \u0106wielong (Bochum, Niemcy); 0\/0<br \/>\nMateusz Klich (PEC ZWOLLE, Holandia); 6\/1<br \/>\nGrzegorz Krychowiak (STADE DE REIMS, Francja); 15\/0<br \/>\nAdrian Mierzejewski (TRABZONSPOR, Turcja); 41\/3<br \/>\nWaldemar Sobota (FC BRUGGE, Belgia); 10\/4<br \/>\nPawe\u0142 Olkowski (G\u00f3rnik Zabrze); 0\/0<br \/>\nTomasz Ho\u0142ota (\u015al\u0105sk Wroc\u0142aw,) 0\/0<br \/>\n<strong>Napastnicy:<\/strong><br \/>\nRobert Lewandowski (BORUSSIA DORTMUND, Niemcy); 58\/18<br \/>\nArtur Sobiech (HANNOVER 96, Niemcy); 11\/2<br \/>\n\u0141ukasz Teodorczyk (Lech Pozna\u0144) 3\/3<br \/>\nDawid Nowak (Cracovia), 0\/0<\/p>\n","protected":false},"excerpt":{"rendered":"<p>Znamy wszystkich pi\u0142karzy powo\u0142anych przez nowego selekcjonera reprezentacji Polski Adama Nawa\u0142k\u0119 na towarzyskie mecze ze S\u0142owacj\u0105 15 listopada we Wroc\u0142awiu i z Irlandi\u0105 19 listopada w Poznaniu. W\u015br\u00f3d powo\u0142anych jest 11 zawodnik\u00f3w graj\u0105cych w Polsce. Kadra Polski na mecze z Ukraina i Angli\u0105: Bramkarze: Artur Boruc (FC SOUTHAMPTON, Anglia); 55\/0 Wojciech Szcz\u0119sny (ARSENAL LONDYN, Anglia); [&hellip;]<\/p>\n","protected":false},"author":3,"featured_media":1665,"comment_status":"open","ping_status":"open","sticky":false,"template":"","format":"standard","meta":{"_acf_changed":false,"footnotes":""},"categories":[113],"tags":[142,37,141],"class_list":["post-2435","post","type-post","status-publish","format-standard","has-post-thumbnail","hentry","category-reprezentacja","tag-irlandia","tag-polska","tag-slowacja"],"acf":[],"_links":{"self":[{"href":"https:\/\/kronika-futbolu.pl\/historia\/wp-json\/wp\/v2\/posts\/2435","targetHints":{"allow":["GET"]}}],"collection":[{"href":"https:\/\/kronika-futbolu.pl\/historia\/wp-json\/wp\/v2\/posts"}],"about":[{"href":"https:\/\/kronika-futbolu.pl\/historia\/wp-json\/wp\/v2\/types\/post"}],"author":[{"embeddable":true,"href":"https:\/\/kronika-futbolu.pl\/historia\/wp-json\/wp\/v2\/users\/3"}],"replies":[{"embeddable":true,"href":"https:\/\/kronika-futbolu.pl\/historia\/wp-json\/wp\/v2\/comments?post=2435"}],"version-history":[{"count":0,"href":"https:\/\/kronika-futbolu.pl\/historia\/wp-json\/wp\/v2\/posts\/2435\/revisions"}],"wp:featuredmedia":[{"embeddable":true,"href":"https:\/\/kronika-futbolu.pl\/historia\/wp-json\/wp\/v2\/media\/1665"}],"wp:attachment":[{"href":"https:\/\/kronika-futbolu.pl\/historia\/wp-json\/wp\/v2\/media?parent=2435"}],"wp:term":[{"taxonomy":"category","embeddable":true,"href":"https:\/\/kronika-futbolu.pl\/historia\/wp-json\/wp\/v2\/categories?post=2435"},{"taxonomy":"post_tag","embeddable":true,"href":"https:\/\/kronika-futbolu.pl\/historia\/wp-json\/wp\/v2\/tags?post=2435"}],"curies":[{"name":"wp","href":"https:\/\/api.w.org\/{rel}","templated":true}]}}