{"id":2578,"date":"2014-01-12T09:36:44","date_gmt":"2014-01-12T08:36:44","guid":{"rendered":"https:\/\/kronika-futbolu.pl\/historia\/?p=2578"},"modified":"2014-01-12T09:36:44","modified_gmt":"2014-01-12T08:36:44","slug":"kartka-z-kalendarza-13-19-01","status":"publish","type":"post","link":"https:\/\/kronika-futbolu.pl\/historia\/kartka-z-kalendarza-13-19-01\/","title":{"rendered":"Kartka z kalendarza 13-19.01"},"content":{"rendered":"<div>Ju\u017c jutro 75 lat sko\u0144czy <strong>Jacek Gmoch<\/strong>&#8211; wszystkim znany wybitny pi\u0142karz i trener. Tak\u017ce jutro urodziny obchodzi <strong>Antoni Szymanowski<\/strong> mistrz olimpijski 1972 i br\u0105zowy medalista mundialu 1974.<\/div>\n<div><\/div>\n<div>W najbli\u017cszych dniach urodziny b\u0119d\u0105 obchodzi\u0107 min. <strong>Victor Valdes<\/strong>, <strong>Josep Guardiola, Miroslav Radovi\u0107, <\/strong> <strong>Seydou Keita.<\/strong><\/div>\n<div><\/div>\n<div><\/div>\n<div><\/div>\n<div>\n<div><strong>13<\/strong> <strong>stycznia<\/strong><\/div>\n<div><\/div>\n<div><\/div>\n<div>1939.01.13 Urodzi\u0142 si\u0119<strong> Jacek Gmoch<\/strong>, polski pi\u0142karz, trener pi\u0142karski. W latach 1960-1969 zawodnik Legii Warszawa w kt\u00f3rej zagra\u0142 ponad 200 mecz\u00f3w, wcze\u015bniej gra\u0142 w Zniczu Pruszk\u00f3w. W reprezentacji Polski 31 mecz\u00f3w. Wsp\u00f3\u0142pracownik Kazimierza G\u00f3rskiego w reprezentacji Polski od 1971 (z\u0142oto olimpijskie 1972, 3 miejsce mistrzostw \u015bwiata 1974). Od 1976 do 1978 trener reprezentacji Polski. Pracowa\u0142 w klubach greckich: PAS Giannina, AE Larisa, Panathinaikos, AEK Ateny, Olympiakos i cypryjski APOEL Nikozja.<\/div>\n<div><\/div>\n<div>1951.01.13 Urodzi\u0142 si\u0119 <strong>Antoni Szymanowski<\/strong>, polski pi\u0142karz, mistrz olimpijski 1972 i wicemistrz 1976, 3 miejsce mistrzostw \u015bwiata 1974, mistrz Polski z Wis\u0142\u0105 Krak\u00f3w 1978<\/div>\n<div><\/div>\n<div><\/div>\n<div><\/div>\n<div><\/div>\n<div><strong>14<\/strong> <strong>stycznia<\/strong><\/div>\n<div><\/div>\n<div>1971.01.14 Urodzi\u0142 si\u0119 <strong>Andonios Nikopolidis<\/strong>, grecki bramkarz mistrz Europy 2004<\/div>\n<div><\/div>\n<div>1982.01.14 Urodzi\u0142 si\u0119 <strong>V\u00edctor Vald\u00e9s<\/strong>, hiszpa\u0144ski bramkarz, zdobywca Ligi Mistrz\u00f3w 2006,2009,2011 z Barcelon\u0105<\/div>\n<div><\/div>\n<div>1925.01.14 Urodzi\u0142 si\u0119 <strong>Ernst Stojaspal<\/strong>, austriacki napastnik, 3 miejsce mistrzostw \u015bwiata 1954 (zm. 2002)<\/div>\n<div><\/div>\n<div>1955.01.14 Urodzi\u0142 si\u0119 <strong>Dominique Rocheteau <\/strong>francuski napastnik, mistrz Europy 1984<\/div>\n<div><\/div>\n<div><\/div>\n<div><\/div>\n<div><\/div>\n<div><strong>15 stycznia<\/strong><\/div>\n<div><\/div>\n<div>1919.01.15 Za\u0142o\u017cono tunezyjski klub pi\u0142karski <strong>Esp\u00e9rance Sportive de Tunis<\/strong>.<\/div>\n<div><\/div>\n<div>1972.01.15 Urodzi\u0142 si\u0119 <strong>Maciej Stolarczyk<\/strong>, obro\u0144ca, mistrz Polski 2003,2004,2005 z Wis\u0142\u0105 Krak\u00f3w<\/div>\n<div><\/div>\n<div>1974.01.15 Urodzi\u0142 si\u0119 <strong> Adam Ledwo\u0144<\/strong>, polski obro\u0144ca\/pomocnik (zm. 2008)<\/div>\n<div><\/div>\n<div>1956.01.15 Urodzi\u0142 si\u0119 <strong>Miros\u0142aw Sowi\u0144ski<\/strong>, bramkarz, w latach 1977-1991 zawodnik Jagiellonii Bia\u0142ystok, wcze\u015bniej zwi\u0105zany z Szombierki Bytom. (zm. 2008)<\/div>\n<div><\/div>\n<div><\/div>\n<div>1984-01-15 <strong>Polska &#8211; Chiny<\/strong> 1-0 Kalkuta MT<\/div>\n<div><\/div>\n<div><\/div>\n<div><\/div>\n<div><\/div>\n<div><strong>16 <\/strong><strong>stycznia<\/strong><\/div>\n<div><\/div>\n<div><\/div>\n<div>1914.01.16 W tureckim Izmirze za\u0142o\u017cono klub pi\u0142karski<strong> Altay SK<\/strong>.<\/div>\n<div><\/div>\n<div>1935.01.16 Urodzi\u0142 si\u0119 <strong>Udo Lattek<\/strong>, niemiecki pi\u0142karz, jako trener zdobywca Ligi Mistrz\u00f3w z Bayernem 1974<\/div>\n<div><\/div>\n<div>1958.01.16 Urodzi\u0142 si\u0119 <strong>Andrij Bal,<\/strong> reprezentant Zwi\u0105zku Radzieckiego, zdobywca Pucharu Zdobywc\u00f3w Puchar\u00f3w w 1986 z Dynamem Kij\u00f3w<\/div>\n<div><\/div>\n<div>1980.01.16 Urodzi\u0142 si\u0119 <strong>Seydou Keita<\/strong>, malijski pomocnik<\/div>\n<div><\/div>\n<div>1984.01.16 Urodzi\u0142 si\u0119 <strong>Miroslav Radovi\u0107<\/strong>, serbski pomocnik, zawodnik Legii W-wa, mistrz Polski 2013<\/div>\n<div><\/div>\n<div><\/div>\n<div><\/div>\n<div><\/div>\n<div><strong>17 <\/strong><strong>stycznia<\/strong><\/div>\n<div><\/div>\n<div>1934.01.17 Urodzi\u0142 si\u0119 <strong>Zlatko Papec<\/strong>, chorwacki napastnik, srebrny medalista Igrzysk 1956 z Jugos\u0142awi\u0105 (zm. 2013)<\/div>\n<div><\/div>\n<div>1983.01.17 Urodzi\u0142 si\u0119 <strong>\u00c1lvaro Arbeloa<\/strong>, hiszpa\u0144ski obro\u0144ca<\/div>\n<div><\/div>\n<div><\/div>\n<div><\/div>\n<div>1984-01-17<strong> Polska &#8211; Argentyna<\/strong> 1-1 Kalkuta MT<\/div>\n<div><\/div>\n<div><\/div>\n<div>2010-01-17 <strong>Polska-Dania<\/strong> 1-3 Nakhon Ratczasima MT<\/div>\n<div><\/div>\n<div><\/div>\n<div><\/div>\n<div><\/div>\n<div><strong>18<\/strong> <strong>stycznia<\/strong><\/div>\n<div><\/div>\n<div>1963.01.18 Za\u0142o\u017cono ukrai\u0144ski klub pi\u0142karski <strong>Karpaty Lw\u00f3w<\/strong>.<\/div>\n<div><\/div>\n<div>1971.01.18 Urodzi\u0142 si\u0119 <strong>Josep Guardiola<\/strong>, hiszpa\u0144ski pi\u0142karz, trener, mistrz olimpijski 1992, zdobywca Pucharu Europy 1992 i jako trener 2009,2011<\/div>\n<div><\/div>\n<div><\/div>\n<div><\/div>\n<div><\/div>\n<div><strong>19 stycznia<\/strong><\/div>\n<div><\/div>\n<div>1955.01.19 Urodzi\u0142 si\u0119 <strong>Uwe Reinders<\/strong>, niemiecki napastnik, zawodnik min w latach 1977-1985 Werderu Brema<\/div>\n<div><\/div>\n<div>1960.01.19 Urodzi\u0142 si\u0119 <strong>Mauro Tassotti<\/strong>, w\u0142oski obro\u0144ca, trener, zdobywca Pucharu Europy 1989,1990,1994 z AC Milan<\/div>\n<div><\/div>\n<div>1969.01.19 Urodzi\u0142 si\u0119 <strong>Steve Staunto<\/strong>, irlandzki obro\u0144ca, zawodnik min. Liverpoolu, Aston Villi, Coventry<\/div>\n<div><\/div>\n<div>1972.01.19 Urodzi\u0142 si\u0119 <strong>Mariusz Pawlak<\/strong>, polski obro\u0144ca, mistrz Polski 2000 z Poloni\u0105 W-wa<\/div>\n<div><\/div>\n<div><\/div>\n<div><\/div>\n<div><\/div>\n<\/div>\n","protected":false},"excerpt":{"rendered":"<p>Ju\u017c jutro 75 lat sko\u0144czy Jacek Gmoch&#8211; wszystkim znany wybitny pi\u0142karz i trener. Tak\u017ce jutro urodziny obchodzi Antoni Szymanowski mistrz olimpijski 1972 i br\u0105zowy medalista mundialu 1974. W najbli\u017cszych dniach urodziny b\u0119d\u0105 obchodzi\u0107 min. Victor Valdes, Josep Guardiola, Miroslav Radovi\u0107, Seydou Keita. 13 stycznia 1939.01.13 Urodzi\u0142 si\u0119 Jacek Gmoch, polski pi\u0142karz, trener pi\u0142karski. W latach [&hellip;]<\/p>\n","protected":false},"author":3,"featured_media":0,"comment_status":"open","ping_status":"open","sticky":false,"template":"","format":"standard","meta":{"_acf_changed":false,"footnotes":""},"categories":[144],"tags":[143],"class_list":["post-2578","post","type-post","status-publish","format-standard","hentry","category-kartka-z-kalendarza","tag-kalendarium"],"acf":[],"_links":{"self":[{"href":"https:\/\/kronika-futbolu.pl\/historia\/wp-json\/wp\/v2\/posts\/2578","targetHints":{"allow":["GET"]}}],"collection":[{"href":"https:\/\/kronika-futbolu.pl\/historia\/wp-json\/wp\/v2\/posts"}],"about":[{"href":"https:\/\/kronika-futbolu.pl\/historia\/wp-json\/wp\/v2\/types\/post"}],"author":[{"embeddable":true,"href":"https:\/\/kronika-futbolu.pl\/historia\/wp-json\/wp\/v2\/users\/3"}],"replies":[{"embeddable":true,"href":"https:\/\/kronika-futbolu.pl\/historia\/wp-json\/wp\/v2\/comments?post=2578"}],"version-history":[{"count":0,"href":"https:\/\/kronika-futbolu.pl\/historia\/wp-json\/wp\/v2\/posts\/2578\/revisions"}],"wp:attachment":[{"href":"https:\/\/kronika-futbolu.pl\/historia\/wp-json\/wp\/v2\/media?parent=2578"}],"wp:term":[{"taxonomy":"category","embeddable":true,"href":"https:\/\/kronika-futbolu.pl\/historia\/wp-json\/wp\/v2\/categories?post=2578"},{"taxonomy":"post_tag","embeddable":true,"href":"https:\/\/kronika-futbolu.pl\/historia\/wp-json\/wp\/v2\/tags?post=2578"}],"curies":[{"name":"wp","href":"https:\/\/api.w.org\/{rel}","templated":true}]}}