{"id":2610,"date":"2013-02-01T17:54:44","date_gmt":"2013-02-01T16:54:44","guid":{"rendered":"https:\/\/kronika-futbolu.pl\/historia\/?p=2610"},"modified":"2013-02-01T17:54:44","modified_gmt":"2013-02-01T16:54:44","slug":"kartka-z-kalendarza-3-9-lutego","status":"publish","type":"post","link":"https:\/\/kronika-futbolu.pl\/historia\/kartka-z-kalendarza-3-9-lutego\/","title":{"rendered":"Kartka z kalendarza 3-9 lutego"},"content":{"rendered":"<p>W pierwszym tygodniu lutego urodziny obchodzi\u0107 b\u0119d\u0105 min. Joachim L\u00f6w, Carlos Tevez, Cristiano Ronaldo, Neymar, Marek Ko\u017ami\u0144ski, Gyula Grosics.<br \/>\nWe czwartek minie 56 lat od katastrofy samolotu pasa\u017cerskiego na lotnisku w Monachium, w kt\u00f3rej zgin\u0119\u0142y 23 osoby, w tym 8 pi\u0142karzy zespo\u0142u Manchester United.<br \/>\n<strong>3 lutego<\/strong><br \/>\n1947.02.03 Urodzi\u0142 si\u0119 <strong>Christo Bonew<\/strong>, bu\u0142garski napastnik, jeden z najlepszych bu\u0142garskich pi\u0142karzy<br \/>\nw historii, najwi\u0119ksze sukcesy odnosi\u0142 z Lokomotiwem P\u0142odiw, jako trener awansowa\u0142 z reprezentacj\u0105 Bu\u0142garii<br \/>\ndo mistrzostw \u015bwiata 1998<br \/>\n1960.02.03 Urodzi\u0142 si\u0119 <strong>Joachim L\u00f6w,<\/strong> niemiecki pi\u0142karz, trener, obecny szkoleniowiec reprezentacji Niemiec z kt\u00f3r\u0105 w 2008 zdoby\u0142 wicemistrzostwo Europy a w 2010 zaj\u0105\u0142 3 miejsce na mistrzostwach \u015bwiata<br \/>\n1972.02.03 Urodzi\u0142 si\u0119 <strong>Mart Poom<\/strong> esto\u0144ski bramkarz, 120 mecz\u00f3w w reprezentacji, kilkukrotnie wybierany pi\u0142karzem roku w Estonii<br \/>\n1993-02-03 Tel Awiw <strong>Izrael &#8211; Polska<\/strong> 0-0 MT<br \/>\n1999-02-03 Rabat <strong>Malta &#8211; Polska<\/strong> 0-1 MT<br \/>\n2007-02-03 Hiszpania <strong>Polska &#8211; Estonia<\/strong> 4-0 MT<br \/>\n<strong>4 lutego<\/strong><br \/>\n1899.02.04 Za\u0142o\u017cono niemiecki klub pi\u0142karski <strong>Werder Brema<\/strong> 4-krotny mistrz Niemiec 1965,1988,1993,2004<br \/>\n1922.02.04 Urodzi\u0142 si\u0119 <strong>Marian Jab\u0142o\u0144ski<\/strong>, polski pomocnik, mistrz Polski 1948 z Cracovi\u0105 (zm. 2004)<br \/>\n1926.02.04 Urodzi\u0142 si\u0119 <strong>Gyula Grosics<\/strong>, w\u0119gierski bramkarz, mistrz olimpijski 1952<br \/>\n1929.02.04 Urodzi\u0142 si\u0119 <strong>Reino B\u00f6rjesson<\/strong>, szwedzki pi\u0142karz, wicemistrz \u015bwiata 1958<br \/>\n1970.02.04 Urodzi\u0142 si\u0119 <strong>Miros\u0142aw Walig\u00f3ra<\/strong> kr\u00f3l strzelc\u00f3w ligi polskiej 1992, srebrny medalista olimpijski 1992<br \/>\n1990-02-04 Teheran <strong>Iran &#8211; Polska<\/strong> 0-1 MT<br \/>\n<strong>5 lutego<\/strong><br \/>\n1910-02-05 Urodzi\u0142 si\u0119 <strong>Francisco Varallo<\/strong>, argenty\u0144ski napastnik, wicemistrz \u015bwiata 1930, najd\u0142u\u017cej \u017cyj\u0105cy uczestnik mundialu 1930 (zm. 2010)<br \/>\n1948-02-05 Urodzi\u0142 si\u0119 <strong>Sven-G\u00f6ran Eriksson<\/strong>, szwedzki trener pi\u0142karski, prowadzi\u0142 min. Angli\u0119, WKS, Meksyk,<br \/>\n1965-02-05 Urodzi\u0142 si\u0119 <strong>Gheorghe Hagi<\/strong>, rumu\u0144ski pomocnik, trener, uznawany za najlepszego rumu\u0144skiego pi\u0142karza, ponad 100 mecz\u00f3w w reprezentacji, tytu\u0142y mistrza kraju, sukcecy z Realem Madryt, Barcelon\u0105,Galatasaray Stambu\u0142<br \/>\n1982-02-05 Urodzi\u0142 si\u0119 <strong>Rodrigo Palacio<\/strong>, argenty\u0144ski napastnik, kilkukrotny mistrz Argentyny, II miejsce w Copa America 2007<br \/>\n1984-02-05 Urodzi\u0142 si\u0119 <strong>Carlos Tevez<\/strong> argenty\u0144ski napastnik, mistrz i kr\u00f3l strzelc\u00f3w igrzysk limpijskich 2004, zdobywca pucharu konfederacji 2005, ligi mistrz\u00f3w 2007, klubowy mistrz \u015bwiata 2008<br \/>\n1985-02-05 Urodzi\u0142 si\u0119 <strong>Cristiano Ronaldo<\/strong>, portugalski napastnik, wicemistrz Europy 2004, nagrodzony wieloma indywidualnymi nagrodami, zdobywca Z\u0142otej Pi\u0142ki 2013, 2008<br \/>\n1992-02-05 Urodzi\u0142 si\u0119 <strong>Neymar,<\/strong> wicemistrz olimpijski 2012, zdobywca pucharu konfederacji 2013<br \/>\n1985-02-05 Queretaro <strong>Meksyk &#8211; Polska<\/strong> 5-0 MT<br \/>\n1991-02-05 Belfast <strong> Irlandia P\u00f3\u0142nocna &#8211; Polska <\/strong> 3-1 MT<br \/>\n<strong>6 lutego<\/strong><br \/>\n1958-02-06 Katastrofa samolotu pasa\u017cerskiego na lotnisku w Monachium, w kt\u00f3rej zgin\u0119\u0142y 23 osoby, w tym 8 pi\u0142karzy zespo\u0142u <strong>Manchester United<\/strong>.<br \/>\n1985-02-06 Queretaro <strong> Polska &#8211; Bu\u0142garia<\/strong> 2-2 MT<br \/>\n1988-02-06 Hajfa <strong>Polska &#8211; Rumunia<\/strong> 2-2 MT<br \/>\n2011-02-06 Vila Real de Santo Ant\u00f3nio(Por.) <strong>Polska-Mo\u0142dawia <\/strong> 1-0 MT<br \/>\n2013-02-06 Dublin <strong> Irlandia-Polska <\/strong> 2-0 MT<br \/>\n<strong>7 lutego<\/strong><br \/>\n1903-02-07 Za\u0142o\u017cono holenderski klub pi\u0142karski <strong>VVV Venlo<\/strong>.<br \/>\n1971-02-07 Urodzi\u0142 si\u0119 <strong>Marek Ko\u017ami\u0144ski,<\/strong> polski obro\u0144ca, wicemistrz olimpijski 1992<br \/>\n2007-02-07 Hiszpania <strong>Polska &#8211; S\u0142owacja <\/strong> 2-2 MT<br \/>\n2009-02-07 Faro (Portugalia) <strong>Polska &#8211; Litwa<\/strong> 1-1 MT<br \/>\n<strong>8 lutego<\/strong><br \/>\n1929-02-08 Urodzi\u0142 si\u0119 <strong>Karl Koller<\/strong>, austriacki pomocnik, zdobywca 3 miejsca na mistrzostwach \u015bwiata 1954 (zm. 2009)<br \/>\n1932-02-08 Urodzi\u0142 si\u0119 <strong>Horst Eckel<\/strong>, niemiecki napastnik, mistrz \u015bwiata 1954<br \/>\n1989-02-08 San Jose <strong>Kostaryka &#8211; Polska<\/strong> 2-4 MT<br \/>\n1998-02-08 Asunicon <strong> Paragwaj &#8211; Polska<\/strong> 4-0 MT<br \/>\n<strong>9 lutego<\/strong><br \/>\n1928-02-09 Urodzi\u0142 si\u0119 <strong>Rinus Michels<\/strong>, holenderski napastnik, trener pi\u0142karski (zm. 2005)<br \/>\n1931-02-09 Urodzi\u0142 si\u0119 <strong>Josef Masopust<\/strong>, czeski obro\u0144ca\/pomocnik, wicemistrz \u015bwiata 1958<br \/>\n1957-02-09 Urodzi\u0142 si\u0119 <strong>Gordon Strachan<\/strong>, szkocki pi\u0142karz, trener pi\u0142karski, obecnie prowadzi reprezentacj\u0119 Szkocji<br \/>\n1980-02-09 Urodzi\u0142 si\u0119 <strong>Angelos Charisteas<\/strong>, grecki napastnik, mistrz Europy 2004<br \/>\n1994-02-09 Santa Cruz <strong>Hiszpania &#8211; Polska<\/strong> 1-1 MT<br \/>\n2005-02-09 Grodzisk Wielkopolski <strong>Polska &#8211; Bia\u0142oru\u015b<\/strong> 1-3 MT<br \/>\n2011-02-09 Faro (Portugalia) <strong>Polska-Norwegia<\/strong> 1-0 MT<\/p>\n","protected":false},"excerpt":{"rendered":"<p>W pierwszym tygodniu lutego urodziny obchodzi\u0107 b\u0119d\u0105 min. Joachim L\u00f6w, Carlos Tevez, Cristiano Ronaldo, Neymar, Marek Ko\u017ami\u0144ski, Gyula Grosics. We czwartek minie 56 lat od katastrofy samolotu pasa\u017cerskiego na lotnisku w Monachium, w kt\u00f3rej zgin\u0119\u0142y 23 osoby, w tym 8 pi\u0142karzy zespo\u0142u Manchester United. 3 lutego 1947.02.03 Urodzi\u0142 si\u0119 Christo Bonew, bu\u0142garski napastnik, jeden z [&hellip;]<\/p>\n","protected":false},"author":3,"featured_media":0,"comment_status":"open","ping_status":"open","sticky":false,"template":"","format":"standard","meta":{"_acf_changed":false,"footnotes":""},"categories":[144],"tags":[143],"class_list":["post-2610","post","type-post","status-publish","format-standard","hentry","category-kartka-z-kalendarza","tag-kalendarium"],"acf":[],"_links":{"self":[{"href":"https:\/\/kronika-futbolu.pl\/historia\/wp-json\/wp\/v2\/posts\/2610","targetHints":{"allow":["GET"]}}],"collection":[{"href":"https:\/\/kronika-futbolu.pl\/historia\/wp-json\/wp\/v2\/posts"}],"about":[{"href":"https:\/\/kronika-futbolu.pl\/historia\/wp-json\/wp\/v2\/types\/post"}],"author":[{"embeddable":true,"href":"https:\/\/kronika-futbolu.pl\/historia\/wp-json\/wp\/v2\/users\/3"}],"replies":[{"embeddable":true,"href":"https:\/\/kronika-futbolu.pl\/historia\/wp-json\/wp\/v2\/comments?post=2610"}],"version-history":[{"count":0,"href":"https:\/\/kronika-futbolu.pl\/historia\/wp-json\/wp\/v2\/posts\/2610\/revisions"}],"wp:attachment":[{"href":"https:\/\/kronika-futbolu.pl\/historia\/wp-json\/wp\/v2\/media?parent=2610"}],"wp:term":[{"taxonomy":"category","embeddable":true,"href":"https:\/\/kronika-futbolu.pl\/historia\/wp-json\/wp\/v2\/categories?post=2610"},{"taxonomy":"post_tag","embeddable":true,"href":"https:\/\/kronika-futbolu.pl\/historia\/wp-json\/wp\/v2\/tags?post=2610"}],"curies":[{"name":"wp","href":"https:\/\/api.w.org\/{rel}","templated":true}]}}