{"id":2622,"date":"2020-02-06T10:05:48","date_gmt":"2020-02-06T09:05:48","guid":{"rendered":"https:\/\/kronika-futbolu.pl\/historia\/?p=2622"},"modified":"2022-10-17T09:25:05","modified_gmt":"2022-10-17T07:25:05","slug":"56-lat-po-katastrofie-lotniczej-w-monachium","status":"publish","type":"post","link":"https:\/\/kronika-futbolu.pl\/historia\/56-lat-po-katastrofie-lotniczej-w-monachium\/","title":{"rendered":"62 lata po katastrofie lotniczej w Monachium"},"content":{"rendered":"<div id=\"ez-toc-container\" class=\"ez-toc-v2_0_75 counter-hierarchy ez-toc-counter ez-toc-grey ez-toc-container-direction\">\n<div class=\"ez-toc-title-container\">\n<p class=\"ez-toc-title\" style=\"cursor:inherit\">Table of Contents<\/p>\n<span class=\"ez-toc-title-toggle\"><a href=\"#\" class=\"ez-toc-pull-right ez-toc-btn ez-toc-btn-xs ez-toc-btn-default ez-toc-toggle\" aria-label=\"Toggle Table of Content\"><span class=\"ez-toc-js-icon-con\"><span class=\"\"><span class=\"eztoc-hide\" style=\"display:none;\">Toggle<\/span><span class=\"ez-toc-icon-toggle-span\"><svg style=\"fill: #999;color:#999\" xmlns=\"http:\/\/www.w3.org\/2000\/svg\" class=\"list-377408\" width=\"20px\" height=\"20px\" viewBox=\"0 0 24 24\" fill=\"none\"><path d=\"M6 6H4v2h2V6zm14 0H8v2h12V6zM4 11h2v2H4v-2zm16 0H8v2h12v-2zM4 16h2v2H4v-2zm16 0H8v2h12v-2z\" fill=\"currentColor\"><\/path><\/svg><svg style=\"fill: #999;color:#999\" class=\"arrow-unsorted-368013\" xmlns=\"http:\/\/www.w3.org\/2000\/svg\" width=\"10px\" height=\"10px\" viewBox=\"0 0 24 24\" version=\"1.2\" baseProfile=\"tiny\"><path d=\"M18.2 9.3l-6.2-6.3-6.2 6.3c-.2.2-.3.4-.3.7s.1.5.3.7c.2.2.4.3.7.3h11c.3 0 .5-.1.7-.3.2-.2.3-.5.3-.7s-.1-.5-.3-.7zM5.8 14.7l6.2 6.3 6.2-6.3c.2-.2.3-.5.3-.7s-.1-.5-.3-.7c-.2-.2-.4-.3-.7-.3h-11c-.3 0-.5.1-.7.3-.2.2-.3.5-.3.7s.1.5.3.7z\"\/><\/svg><\/span><\/span><\/span><\/a><\/span><\/div>\n<nav><ul class='ez-toc-list ez-toc-list-level-1 ' ><ul class='ez-toc-list-level-4' ><li class='ez-toc-heading-level-4'><a class=\"ez-toc-link ez-toc-heading-1\" href=\"https:\/\/kronika-futbolu.pl\/historia\/56-lat-po-katastrofie-lotniczej-w-monachium\/#62_lat_po_katastrofie_lotniczej_w_Monachium\" >62 lat po katastrofie lotniczej w Monachium<\/a><\/li><\/ul><\/li><li class='ez-toc-page-1 ez-toc-heading-level-3'><a class=\"ez-toc-link ez-toc-heading-2\" href=\"https:\/\/kronika-futbolu.pl\/historia\/56-lat-po-katastrofie-lotniczej-w-monachium\/#20_osob_przezylo_katastrofe\" >20 os\u00f3b prze\u017cy\u0142o katastrof\u0119:<\/a><\/li><\/ul><\/nav><\/div>\n<h4 style=\"text-align: center;\"><span class=\"ez-toc-section\" id=\"62_lat_po_katastrofie_lotniczej_w_Monachium\"><\/span>62 lat po katastrofie lotniczej w Monachium<span class=\"ez-toc-section-end\"><\/span><\/h4>\n<p>&#8222;P\u00f3\u0142 wieku temu, 6 lutego 1958 roku, na o\u015bnie\u017conym lotnisku w Monachium dosz\u0142o do tragicznej kraksy brytyjskiego samolotu linii BEA &#8222;Elizabethan&#8221;.<\/p>\n<p>Wracaj\u0105cy z Jugos\u0142awii dwusilnikowy turbo\u015bmig\u0142owiec mia\u0142 mi\u0119dzyl\u0105dowanie dla nabrania paliwa- w stolicy Bawarii, a gdy po kilkugodzinnym postoju i dw\u00f3ch nieudanych startach, za\u0142oga postanowi\u0142a podj\u0105\u0107 jeszcze jedn\u0105 pr\u00f3b\u0119, rozp\u0119dzony kolos wbi\u0142 si\u0119 w jeden z pobliskich budynk\u00f3w i stan\u0105\u0142 w p\u0142omieniach. Zgin\u0119\u0142o 21 os\u00f3b; niekt\u00f3re od razu w momencie zderzenia, inne- w tym dwaj piloci- w szpitalu, kilka nawet kilkana\u015bcie dni po wypadku.<br \/>\nSamolot linii BEA &#8222;Elizabethan&#8221; wi\u00f3z\u0142 z Belgradu na Wysp\u0119 dru\u017cyn\u0119 pi\u0142karsk\u0105 Manchesteru United i towarzysz\u0105cych jej trener\u00f3w, dzia\u0142aczy, dziennikarzy przedstawicieli biura podr\u00f3\u017cy, tak\u017ce kibic\u00f3w. Bowiem dzie\u0144 wcze\u015bniej Czerwone Diab\u0142y na stadionie Crvenej Zvezdy remisuj\u0105c 3-3 zapewni\u0142y sobie awans do p\u00f3\u0142fina\u0142u Pucharu Europejskich Mistrz\u00f3w Krajowych, czyli najwa\u017cniejszych rozgrywek klubowych na Kontynencie, dzisiaj znanych jako Champions League. Dwa gole zdoby\u0142 21-letni w\u00f3wczas Bobby Charlton, nie maj\u0105c jeszcze sta\u0142ego miejsca w podstawowym sk\u0142adzie. Akurat on szcz\u0119\u015bliwie uratowa\u0142 si\u0119 z kraksy, natomiast szcz\u0119\u015bcie opu\u015bci\u0142o a\u017c o\u015bmiu zawodnik\u00f3w: Tomy&#8217;ego Taylora, Roge Byrne&#8217;a, Ediego Colmana, Davida Pegga, Goeffrey&#8217;a Benta, Marka Jonesa, Billa Whelana.<\/p>\n<p>\n<strong>Miejsce katastrofy<\/strong><br \/>\nDo czarnej listy trzeba by\u0142o dopisa\u0107 kilkadziesi\u0105t godzin po tragedii, r\u00f3wnie\u017c Duncana Edwardsa- urodzonego 1 sierpnia 1936 roku nominalnego obro\u0144c\u0119, jednak r\u00f3wnie skutecznego w ataku, czyli pi\u0142karza kompletnego, wielk\u0105 nadziej\u0119 angielskiego futbolu, przez wielu fachowc\u00f3w uwa\u017canego- mimo m\u0142odego wieku &#8211; za najlepszego wtedy gracza w Europie.<\/p>\n<p>W reprezentacji Albionu debiutowa\u0142 w wieku osiemnastu lat i niemal do ko\u0144ca XX wieku by\u0142 najm\u0142odszym zawodnikiem kiedykolwiek powo\u0142anym do kadry narodowej. Do dnia \u015bmierci zd\u0105\u017cy\u0142 rozegra\u0107 18 mecz\u00f3w w reprezentacji Anglii i wlanie przyczyni\u0142 si\u0119 do dw\u00f3ch tytu\u0142\u00f3w mistrzowskich MU w latach 1956-1957. Wiele wskazywa\u0142o r\u00f3wnie\u017c na to, \u017ce dzi\u0119ki niemu Czerwone Diab\u0142y jako pierwsi zdob\u0119d\u0105 dla Wyspy Klubowy Puchar Europy. Ale pozosta\u0142a tylko legenda i pomnik jaki wystawiono mu w centrum Manchesteru.<\/p>\n<p>&nbsp;<\/p>\n<p>Drug\u0105 &#8211; obok startuj\u0105cego dopiero do wielkiej kariery Charltona- niezwykle wa\u017cn\u0105 postaci\u0105 kt\u00f3rej cudem uda\u0142o si\u0119 unikn\u0105\u0107 \u015bmierci w katastrofie, by\u0142 mened\u017cer i trener dru\u017cyny &#8211; Szkot Matt Busby , chocia\u017c dozna\u0142 ci\u0119\u017ckich obra\u017ce\u0144 i lekarze nie dawali mu wielu szans na prze\u017cycie. On jednak ju\u017c po niewielu tygodniach wr\u00f3ci\u0142 do klubu i zabra\u0142 si\u0119 za mozolne odbudowywanie \u015bwietno\u015bci dru\u017cyny, cho\u0107 ma\u0142o kto wr\u00f3\u017cy\u0142 mu powodzenie.<\/p>\n<p>Po monachijskiej tragedii pi\u0142karska Europa dozna\u0142a szoku. Angielska federacja futbolu , \u0142ami\u0105c obowi\u0105zuj\u0105ce przepisy, pozwoli\u0142a na wzmocnienia MU w trakcie sezonu zawodnikami innych klub\u00f3w. a p\u00f3\u0142fina\u0142owy rywal w Pucharze Europu &#8211; AC Milan na mecz wyjazdowy \u015bwiadomie wys\u0142a\u0142 do Manchesteru rezerwowy sk\u0142ad, aby bole\u015bnie okaleczone Czerwone Diab\u0142y mog\u0142y odnie\u015b\u0107 symboliczne zwyci\u0119stwo 2:1. W rewan\u017cu nie mog\u0142o by\u0107 ju\u017c jednak mowy o gestach wsp\u00f3\u0142czucia i w\u0142oska dru\u017cyna wygra\u0142a a\u017c 4:0. Jednak w meczu o trofeum niemal r\u00f3wnie wysoko , bo 0:3 uleg\u0142a wielkiemu Realowi Madryt.<\/p>\n<p>Na Old Trafford nikt nie my\u015bla\u0142 wtedy o wielkim futbolu, tylko o tym, jak znale\u017a\u0107 godnych nast\u0119pc\u00f3w dla tragicznie zmar\u0142ych graczy. Na szcz\u0119\u015bcie, ju\u017c w najbli\u017cszych sezonach pi\u0119knie rozkwit\u0142 talent Bobby&#8217;ego Charltona, kt\u00f3ry mia\u0142 go doprowadzi\u0107 najpierw do mistrzostw \u015bwiata z reprezentacj\u0105 Anglii w 1966 roku, do Z\u0142otej Pi\u0142ki &#8222;France Football&#8221; w tym samym czasie oraz tytu\u0142u szlacheckiego, a wreszcie po dziesi\u0119ciu latach do sp\u00f3\u017anionego triumfu w Klubowym Pucharze Europy.<\/p>\n<p>Jednak nie by\u0142oby tych wszystkich sukces\u00f3w, gdyby nie geniusz te\u017c pasowanego przez kr\u00f3low\u0105 El\u017cbiet\u0119 II na szlachcica, sir Matta Busby&#8217;ego; kt\u00f3ry od podstaw stworzy\u0142 nowatorski system szkolenia \u015bci\u0105ganej do Manchesteru utalentowanej pi\u0142karsko m\u0142odzie\u017cy. Tak trafi\u0142 do zespo\u0142u niesforny George Best i po znakomitym sezonie 1967-68 zosta\u0142 r\u00f3wnie\u017c nagrodzony tytu\u0142em Pi\u0142karza Roku w Europie, w plebiscycie &#8222;FF&#8221;. Ale boiskowych s\u0142aw sir Matt zdo\u0142a\u0142 zgromadzi\u0107 wi\u0119cej, a pierwszym z jego podopiecznych, kt\u00f3ry zosta\u0142 Pi\u0142karzem Roku w 1964, by\u0142 szkocki rodak, Dennis Law. W klubowej jedenastce natomiast brylowa\u0142 w linii pomocy inny z mistrz\u00f3w \u015bwiata &#8217;66- agresywny Nobby Stiles.<\/p>\n<p>Z takimi pi\u0142karzami, r\u00f3wnie\u017c z innym uratowanym z wypadku na monachijskim lotnisku &#8211; stoperem Billem Foulkessem, wczesn\u0105 wiosn\u0105 1968 roku w \u0107wier\u0107finale XIII PEMK mia\u0142 si\u0119 zmierzy\u0107 niepokonany w polskiej lidze G\u00f3rnik Zabrze. W Manchetserze gospodarze wygrali 2:0 &#8211; po samob\u00f3ju Stefana Florenskiego i celnym strzale Briana Kidda, ale w rewan\u017cu zapachnia\u0142o sensacj\u0105.<\/p>\n<p>13-tego marca, w \u015brod\u0119 na murawie Stadionu \u015al\u0105skiego le\u017ca\u0142 \u015bnieg, a w ca\u0142ej Polsce trwa\u0142y demonstracje student\u00f3w, kilka dni wcze\u015bniej brutalnie rozp\u0119dzonych przez milicj\u0119 po protestacyjnym wiecu na Uniwersytecie Warszawskim. Mimo to na trybunach chorzowskiego stutysi\u0119cznika stawi\u0142 si\u0119 nadkomplet widz\u00f3w, kt\u00f3rzy stali si\u0119 \u015bwiadkami wspania\u0142ego widowiska. Po strzale W\u0142odka Luba\u0144skiego w 72 minucie prowadzenie obj\u0119li zabrzanie, a p\u00f3\u017aniej mieli jeszcze dwie okazje do wyr\u00f3wnania strat. Zabrak\u0142o czasu, ale i tak G\u00f3rnik by\u0142 jedynym w rozgrywkach pucharowych rywalem MU, kt\u00f3ry zdo\u0142a\u0142 odnie\u015b\u0107 zwyci\u0119stwo.<\/p>\n<p>Tak to sprawiedliwo\u015bci wreszcie po up\u0142ywie dekady, sta\u0142o si\u0119 zado\u015b\u0107. Czerwone Diab\u0142y zdoby\u0142y tytu\u0142 najlepszej klubowej dru\u017cyny Kontynentu, na Wembley odprawiaj\u0105c Benfik\u0119 Lizbona 4:1. Sir Matt Busby zewsz\u0105d zbiera\u0142 nale\u017cne ho\u0142dy, ale trofeum zadedykowa\u0142 tym wszystkim, kt\u00f3rych na raty \u015bmier\u0107 zabra\u0142a w tragicznym miesi\u0105cu lutym dziesi\u0119\u0107 lat wcze\u015bniej.&#8221;<\/p>\n<p><strong>Artyku\u0142 pochodzi z tygodnika &#8222;Pi\u0142ka No\u017cna&#8221; z dnia 12.02.2008 nr 7 (1808) autor tekstu: Janusz Atlas<\/strong><\/p>\n<p><span id=\"intertext1\">23 z 43 pasa\u017cer\u00f3w samolotu G-ALZU linii Elizabethan zgin\u0119\u0142o w katastrofie w Monachium 6 lutego 1958 r.:<\/span><\/p>\n<p><span id=\"intertext1\"><strong>Billy Whelan<\/strong><\/span><\/p>\n<p><strong>David Pegg<\/strong><\/p>\n<p><strong>Duncan Edwards<\/strong><\/p>\n<p><strong>Mark Jones<\/strong><\/p>\n<p><strong>Roger Byrne<\/strong><\/p>\n<p><strong>Eddie Colman<\/strong><\/p>\n<p><strong>Geoff Bent<\/strong><\/p>\n<p><strong>Tommy Taylor<\/strong><\/p>\n<p><span id=\"intertext1\">Walter Crickmer &#8211; sekretarz klubu<br \/>\nBert Whalley &#8211; g\u0142\u00f3wny trener. Od 25 lat w United<br \/>\nTom Curry &#8211; trener. Do\u0142\u0105czy\u0142 do United w po\u0142owie lat trzydziestych<br \/>\nAlf Clarke &#8211; dziennikarz<br \/>\nDon Davies &#8211; dziennikarz<br \/>\nGeorge Follows &#8211; dziennikarz<br \/>\nTom Jackson &#8211; dziennikarz<br \/>\nArchie Ledbrooke &#8211; dziennikarz<br \/>\nHenry Rose &#8211; dziennikarz<br \/>\nEric Thompson &#8211; dziennikarz<br \/>\nFrank Swift &#8211; dziennikarz. Frank by\u0142 r\u00f3wnie\u017c jednym z najlepszych graczy w historii Manchester City<br \/>\nKapitan Kenneth Rayment &#8211; pilot<br \/>\nBela Miklos &#8211; agent biura turystycznego<br \/>\nWillie Satinoff &#8211; kibic<br \/>\nTom Cable &#8211; pasa\u017cer<\/span><\/p>\n<h3><span class=\"ez-toc-section\" id=\"20_osob_przezylo_katastrofe\"><\/span><b>20 os\u00f3b prze\u017cy\u0142o katastrof\u0119:<\/b><span class=\"ez-toc-section-end\"><\/span><\/h3>\n<p>Matt Busby (Manager), Johnny Berry, Jackie Blanchflower, Bobby Charlton, Bill Foulkes, Harry Gregg, Ken Morgans, Albert Scanlon, Dennis Viollet, Ray Wood (pi\u0142karze), Frank Taylor (dziennikarz), Peter Howard, Ted Ellyard (fotografowie), Mrs Vera Lukic i c\u00f3reczka uratowani przez Harry&#8217;ego Gregga (pasa\u017cerowie), Mrs Miklos (\u017cona agenta biura turystycznego, kt\u00f3re zorganizowa\u0142o lot), Mr N Tomasevic (pasa\u017cer), James Thain (kapitan-pilot). Prze\u017cy\u0142y r\u00f3wnie\u017c dwie stewardessy &#8211; Rosemary Cheverton i Margaret Bellis.<\/p>\n<p>\u017ar\u00f3d\u0142o www.devilpage.pl<\/p>\n","protected":false},"excerpt":{"rendered":"<p>62 lat po katastrofie lotniczej w Monachium &#8222;P\u00f3\u0142 wieku temu, 6 lutego 1958 roku, na o\u015bnie\u017conym lotnisku w Monachium dosz\u0142o do tragicznej kraksy brytyjskiego samolotu linii BEA &#8222;Elizabethan&#8221;. Wracaj\u0105cy z Jugos\u0142awii dwusilnikowy turbo\u015bmig\u0142owiec mia\u0142 mi\u0119dzyl\u0105dowanie dla nabrania paliwa- w stolicy Bawarii, a gdy po kilkugodzinnym postoju i dw\u00f3ch nieudanych startach, za\u0142oga postanowi\u0142a podj\u0105\u0107 jeszcze jedn\u0105 [&hellip;]<\/p>\n","protected":false},"author":3,"featured_media":0,"comment_status":"open","ping_status":"open","sticky":false,"template":"","format":"standard","meta":{"_acf_changed":false,"footnotes":""},"categories":[129],"tags":[388,463,30],"class_list":["post-2622","post","type-post","status-publish","format-standard","hentry","category-artykul","tag-manchester","tag-monachium","tag-rocznica"],"acf":[],"_links":{"self":[{"href":"https:\/\/kronika-futbolu.pl\/historia\/wp-json\/wp\/v2\/posts\/2622","targetHints":{"allow":["GET"]}}],"collection":[{"href":"https:\/\/kronika-futbolu.pl\/historia\/wp-json\/wp\/v2\/posts"}],"about":[{"href":"https:\/\/kronika-futbolu.pl\/historia\/wp-json\/wp\/v2\/types\/post"}],"author":[{"embeddable":true,"href":"https:\/\/kronika-futbolu.pl\/historia\/wp-json\/wp\/v2\/users\/3"}],"replies":[{"embeddable":true,"href":"https:\/\/kronika-futbolu.pl\/historia\/wp-json\/wp\/v2\/comments?post=2622"}],"version-history":[{"count":2,"href":"https:\/\/kronika-futbolu.pl\/historia\/wp-json\/wp\/v2\/posts\/2622\/revisions"}],"predecessor-version":[{"id":13257,"href":"https:\/\/kronika-futbolu.pl\/historia\/wp-json\/wp\/v2\/posts\/2622\/revisions\/13257"}],"wp:attachment":[{"href":"https:\/\/kronika-futbolu.pl\/historia\/wp-json\/wp\/v2\/media?parent=2622"}],"wp:term":[{"taxonomy":"category","embeddable":true,"href":"https:\/\/kronika-futbolu.pl\/historia\/wp-json\/wp\/v2\/categories?post=2622"},{"taxonomy":"post_tag","embeddable":true,"href":"https:\/\/kronika-futbolu.pl\/historia\/wp-json\/wp\/v2\/tags?post=2622"}],"curies":[{"name":"wp","href":"https:\/\/api.w.org\/{rel}","templated":true}]}}