{"id":3190,"date":"2015-01-05T15:32:18","date_gmt":"2015-01-05T14:32:18","guid":{"rendered":"https:\/\/kronika-futbolu.pl\/historia\/?p=3190"},"modified":"2015-01-05T15:32:18","modified_gmt":"2015-01-05T14:32:18","slug":"finalisci-pucharu-narodow-afryki-2015-zielony-przyladek","status":"publish","type":"post","link":"https:\/\/kronika-futbolu.pl\/historia\/finalisci-pucharu-narodow-afryki-2015-zielony-przyladek\/","title":{"rendered":"Finali\u015bci Pucharu Narod\u00f3w Afryki 2015: Zielony Przyl\u0105dek"},"content":{"rendered":"<div>\n<div>Republika Zielonego Przyl\u0105dka to ma\u0142e wyspiarskie pa\u0144stwo na zach\u00f3d od Afryki. W 1975 roku Portugalia zgodzi\u0142a si\u0119 na przyznanie niepodleg\u0142o\u015bci temu krajowi. Federacja Pi\u0142karska Zielonego Przyl\u0105dka powsta\u0142a w 1982 roku a od 1986 jest cz\u0142onkiem FIFA i CAF. Pierwszym meczem by\u0142o przegrane 0-2 spotkanie z Sierra Leone 8 lutego 1984. Pierwszy nieoficjalny mecz odby\u0142y si\u0119 w 1978 z Angol\u0105 (pora\u017cka 0-1), w niekt\u00f3rych \u017ar\u00f3d\u0142ach mo\u017cemy przeczyta\u0107 o meczu z 20 grudnia 1959 z Gambi\u0105 (przegrana 2-3).<\/div>\n<div><\/div>\n<div>Reprezentacja Cape Verde nigdy nie wyst\u0105pi\u0142a na mistrzostwach \u015bwiata a na Pucharze Narod\u00f3w Afryki zagra\u0142a po raz pierwszy w 2013 roku kiedy dosz\u0142a do 1\/4 fina\u0142u. W rankingu FIFA Zielony Przyl\u0105dek zajmuje 40 miejsce tu\u017c przed Polsk\u0105- 7 najwy\u017cej sklasyfikowana dru\u017cyna w Afryce. W eliminacjach do PNA 2015 Tubar\u00f5es Azuis wygrali grup\u0119 F przed Zambi\u0105, Mozambikiem i Nigrem- 4 wygrane i 2 pora\u017cki. Kadr\u0119 prowadzi duet trener\u00f3w Felisberto Cardoso i Men Ramires.<\/div>\n<div><\/div>\n<div>\nEliminacje PNA 2015 <a href=\"\/turnieje\/pna2015\/eliminacje.php\" data-cke-saved-href=\"\/turnieje\/pna2015\/eliminacje.php\">TUTAJ<\/a><\/div>\n<div><\/div>\n<div>Wi\u0119kszo\u015b\u0107 zawodnik\u00f3w Zielonego Przyl\u0105dka urodzi\u0142o si\u0119 i pierwsze kroki pi\u0142karskie stawia\u0142o w Europie. Jest to zwi\u0105zane z emigracj\u0105 mieszka\u0144c\u00f3w wysp w poszukiwaniu lepszych warunk\u00f3w \u017cycia. Pi\u0142karze urodzeni w Portugalii, czy Francji w latach 70 i 80 XXw. stanowi\u0105 si\u0142\u0119 obecnej reprezentacji kt\u00f3ra obecnie prze\u017cywa najlepszy okres w swej historii. Wyr\u00f3\u017cniaj\u0105cy si\u0119 pi\u0142karze Zielonego Przyl\u0105dka to min. Fernando Varela (Steaua), Platini(CSKA Sofia), Toni Varela (Excelsior), H\u00e9ldon(Sporting).<\/div>\n<\/div>\n<div>\n<div><\/div>\n<div>\n<table class=\" cke_show_border\" border=\"0\" cellspacing=\"1\" cellpadding=\"1\">\n<tbody>\n<tr>\n<td colspan=\"4\" rowspan=\"1\"><strong>5 ostatnich mecz\u00f3w:<\/strong><\/td>\n<td><\/td>\n<\/tr>\n<tr>\n<td>10.09.2014<\/td>\n<td>Praia<\/td>\n<td>Zielony Przyl\u0105dek<\/td>\n<td> Zambia<\/td>\n<td>2-1<\/td>\n<\/tr>\n<tr>\n<td>11.10.2014<\/td>\n<td>Maputo<\/td>\n<td> Mozambik<\/td>\n<td>\n<table class=\" cke_show_border\" border=\"0\" cellspacing=\"1\" cellpadding=\"1\">\n<tbody>\n<tr>\n<td>Zielony Przyl\u0105dek<\/td>\n<\/tr>\n<\/tbody>\n<\/table>\n<\/td>\n<td>2-0<\/td>\n<\/tr>\n<tr>\n<td>15.10.2014<\/td>\n<td>Praia<\/td>\n<td> Zielony Przyl\u0105dek<\/td>\n<td>Mozambik<\/td>\n<td>1-0<\/td>\n<\/tr>\n<tr>\n<td>15.11.2014<\/td>\n<td>\n<table class=\" cke_show_border\" border=\"0\" cellspacing=\"1\" cellpadding=\"1\">\n<tbody>\n<tr>\n<td>Praia<\/td>\n<\/tr>\n<\/tbody>\n<\/table>\n<\/td>\n<td>Zielony Przyl\u0105dek<\/td>\n<td>\n<table class=\" cke_show_border\" border=\"0\" cellspacing=\"1\" cellpadding=\"1\">\n<tbody>\n<tr>\n<td> Niger<\/td>\n<\/tr>\n<\/tbody>\n<\/table>\n<\/td>\n<td>3-1<\/td>\n<\/tr>\n<tr>\n<td>19.11.2014<\/td>\n<td>Ndola<\/td>\n<td> Zambia<\/td>\n<td>Zielony Przyl\u0105dek<\/td>\n<td>1-0<\/td>\n<\/tr>\n<tr>\n<td><\/td>\n<td><\/td>\n<td><\/td>\n<td><\/td>\n<td><\/td>\n<\/tr>\n<tr>\n<td colspan=\"2\" rowspan=\"1\"><strong>Mecze zaplanowane:<\/strong><\/td>\n<td><\/td>\n<td><\/td>\n<td><\/td>\n<\/tr>\n<tr>\n<td>10.01.2015<\/td>\n<td>Dakar<\/td>\n<td>Zielony Przyl\u0105dek<\/td>\n<td>Kongo<\/td>\n<td><\/td>\n<\/tr>\n<tr>\n<td><\/td>\n<td><\/td>\n<td><\/td>\n<td>\n<table class=\" cke_show_border\" border=\"0\" cellspacing=\"1\" cellpadding=\"1\">\n<tbody>\n<tr>\n<td><\/td>\n<\/tr>\n<\/tbody>\n<\/table>\n<\/td>\n<td><\/td>\n<\/tr>\n<tr>\n<td colspan=\"4\" rowspan=\"1\"><strong>mecze w grupie B PNA 2015:<\/strong><\/td>\n<td><\/td>\n<\/tr>\n<tr>\n<td>18.01.2015<\/td>\n<td>Ebebiyin<\/td>\n<td>\n<table class=\" cke_show_border\" border=\"0\" cellspacing=\"1\" cellpadding=\"1\">\n<tbody>\n<tr>\n<td>Zielony Przyl\u0105dek<\/td>\n<\/tr>\n<\/tbody>\n<\/table>\n<\/td>\n<td>\n<table class=\" cke_show_border\" border=\"0\" cellspacing=\"1\" cellpadding=\"1\">\n<tbody>\n<tr>\n<td>Tunezja<\/td>\n<\/tr>\n<\/tbody>\n<\/table>\n<\/td>\n<td><\/td>\n<\/tr>\n<tr>\n<td>22.01.2015<\/td>\n<td>Ebebiyin<\/td>\n<td>DR Kongo<\/td>\n<td>Zielony Przyl\u0105dek<\/td>\n<td><\/td>\n<\/tr>\n<tr>\n<td>26.01.2015<\/td>\n<td>Ebebiyin<\/td>\n<td>Zambia<\/td>\n<td>Zielony Przyl\u0105dek<\/td>\n<td><\/td>\n<\/tr>\n<\/tbody>\n<\/table>\n<table class=\" cke_show_border\" border=\"0\" cellspacing=\"1\" cellpadding=\"1\">\n<tbody>\n<tr>\n<td colspan=\"2\"><strong>Wyst\u0119py na PNA:<\/strong><\/td>\n<\/tr>\n<tr>\n<td>1957-2012<\/td>\n<td>Zielony Przyl\u0105dek nie wyst\u0105pi\u0142 na PNA<\/td>\n<\/tr>\n<tr>\n<td>2013<\/td>\n<td><strong>\u0107wier\u0107fina\u0142<\/strong><\/td>\n<\/tr>\n<\/tbody>\n<\/table>\n<\/div>\n<table class=\" cke_show_border\" border=\"0\" cellspacing=\"1\" cellpadding=\"1\">\n<tbody>\n<tr>\n<td><strong>Kadra RZP na PNA 2015:<\/strong><\/td>\n<td>klub:<\/td>\n<\/tr>\n<tr>\n<td><\/td>\n<td><\/td>\n<\/tr>\n<tr>\n<td><strong>bramkarze:<\/strong><\/td>\n<td><\/td>\n<\/tr>\n<tr>\n<td>Ivan Cruz<\/td>\n<td>Gil Vicente<\/td>\n<\/tr>\n<tr>\n<td>Kevin Sousa<\/td>\n<td>Nacional Funchal<\/td>\n<\/tr>\n<tr>\n<td>Vozinha<\/td>\n<td>Progresso Sambizanga<\/td>\n<\/tr>\n<tr>\n<td><\/td>\n<td><\/td>\n<\/tr>\n<tr>\n<td><strong>obro\u0144cy:<\/strong><\/td>\n<td><\/td>\n<\/tr>\n<tr>\n<td>Carlitos<\/td>\n<td>A\u00c9L Limassol<\/td>\n<\/tr>\n<tr>\n<td>Jeffrey Fortes<\/td>\n<td>FC Dordrecht<\/td>\n<\/tr>\n<tr>\n<td>Geg\u00e9<\/td>\n<td>Mar\u00edtimo<\/td>\n<\/tr>\n<tr>\n<td>Kay<\/td>\n<td>Universitatea Craiova<\/td>\n<\/tr>\n<tr>\n<td>Nivaldo<\/td>\n<td>FK Teplice<\/td>\n<\/tr>\n<tr>\n<td>Stopira<\/td>\n<td>Videoton<\/td>\n<\/tr>\n<tr>\n<td>Fernando Varela<\/td>\n<td>Steaua Bukareszt<\/td>\n<\/tr>\n<tr>\n<td><\/td>\n<td><\/td>\n<\/tr>\n<tr>\n<td><strong>pomocnicy:<\/strong><\/td>\n<td><\/td>\n<\/tr>\n<tr>\n<td>Babanco<\/td>\n<td>Estoril<\/td>\n<\/tr>\n<tr>\n<td>Cal\u00fa<\/td>\n<td>Progresso<\/td>\n<\/tr>\n<tr>\n<td>Oda\u00efr Fortes<\/td>\n<td>Reims<\/td>\n<\/tr>\n<tr>\n<td>Platini<\/td>\n<td>CSKA Sofia<\/td>\n<\/tr>\n<tr>\n<td>Nuno Rocha<\/td>\n<td>Universitatea Craiova<\/td>\n<\/tr>\n<tr>\n<td>Garry Rodrigues<\/td>\n<td>Elche<\/td>\n<\/tr>\n<tr>\n<td>S\u00e9rgio Semedo<\/td>\n<td>Olhanense<\/td>\n<\/tr>\n<tr>\n<td>Toni Varela<\/td>\n<td>Excelsior Rotterdam<\/td>\n<\/tr>\n<tr>\n<td><\/td>\n<td><\/td>\n<\/tr>\n<tr>\n<td><strong>napastnicy:<\/strong><\/td>\n<td><\/td>\n<\/tr>\n<tr>\n<td>Djaniny<\/td>\n<td>Santos Laguna<\/td>\n<\/tr>\n<tr>\n<td>H\u00e9ldon<\/td>\n<td>Sporting Lizbona<\/td>\n<\/tr>\n<tr>\n<td>Kuca<\/td>\n<td>Estoril<\/td>\n<\/tr>\n<tr>\n<td>Ryan Mendes<\/td>\n<td>Lille<\/td>\n<\/tr>\n<tr>\n<td>J\u00falio Tavares<\/td>\n<td>Dijon<\/td>\n<\/tr>\n<tr>\n<td><\/td>\n<td><\/td>\n<\/tr>\n<tr>\n<td><\/td>\n<td><\/td>\n<\/tr>\n<tr>\n<td><\/td>\n<td><\/td>\n<\/tr>\n<tr>\n<td><\/td>\n<td><\/td>\n<\/tr>\n<\/tbody>\n<\/table>\n<\/div>\n","protected":false},"excerpt":{"rendered":"<p>Republika Zielonego Przyl\u0105dka to ma\u0142e wyspiarskie pa\u0144stwo na zach\u00f3d od Afryki. W 1975 roku Portugalia zgodzi\u0142a si\u0119 na przyznanie niepodleg\u0142o\u015bci temu krajowi. Federacja Pi\u0142karska Zielonego Przyl\u0105dka powsta\u0142a w 1982 roku a od 1986 jest cz\u0142onkiem FIFA i CAF. Pierwszym meczem by\u0142o przegrane 0-2 spotkanie z Sierra Leone 8 lutego 1984. Pierwszy nieoficjalny mecz odby\u0142y si\u0119 [&hellip;]<\/p>\n","protected":false},"author":3,"featured_media":3191,"comment_status":"open","ping_status":"open","sticky":false,"template":"","format":"standard","meta":{"_acf_changed":false,"footnotes":""},"categories":[169],"tags":[170,17],"class_list":["post-3190","post","type-post","status-publish","format-standard","has-post-thumbnail","hentry","category-puchar-narodow-afryki","tag-puchar-narodow-afryki-2015","tag-zielony-przyladek"],"acf":[],"_links":{"self":[{"href":"https:\/\/kronika-futbolu.pl\/historia\/wp-json\/wp\/v2\/posts\/3190","targetHints":{"allow":["GET"]}}],"collection":[{"href":"https:\/\/kronika-futbolu.pl\/historia\/wp-json\/wp\/v2\/posts"}],"about":[{"href":"https:\/\/kronika-futbolu.pl\/historia\/wp-json\/wp\/v2\/types\/post"}],"author":[{"embeddable":true,"href":"https:\/\/kronika-futbolu.pl\/historia\/wp-json\/wp\/v2\/users\/3"}],"replies":[{"embeddable":true,"href":"https:\/\/kronika-futbolu.pl\/historia\/wp-json\/wp\/v2\/comments?post=3190"}],"version-history":[{"count":0,"href":"https:\/\/kronika-futbolu.pl\/historia\/wp-json\/wp\/v2\/posts\/3190\/revisions"}],"wp:featuredmedia":[{"embeddable":true,"href":"https:\/\/kronika-futbolu.pl\/historia\/wp-json\/wp\/v2\/media\/3191"}],"wp:attachment":[{"href":"https:\/\/kronika-futbolu.pl\/historia\/wp-json\/wp\/v2\/media?parent=3190"}],"wp:term":[{"taxonomy":"category","embeddable":true,"href":"https:\/\/kronika-futbolu.pl\/historia\/wp-json\/wp\/v2\/categories?post=3190"},{"taxonomy":"post_tag","embeddable":true,"href":"https:\/\/kronika-futbolu.pl\/historia\/wp-json\/wp\/v2\/tags?post=3190"}],"curies":[{"name":"wp","href":"https:\/\/api.w.org\/{rel}","templated":true}]}}