{"id":3312,"date":"2015-02-01T12:05:06","date_gmt":"2015-02-01T11:05:06","guid":{"rendered":"https:\/\/kronika-futbolu.pl\/historia\/?p=3312"},"modified":"2015-02-01T12:05:06","modified_gmt":"2015-02-01T11:05:06","slug":"kartka-z-kalendarza-2-8-lutego","status":"publish","type":"post","link":"https:\/\/kronika-futbolu.pl\/historia\/kartka-z-kalendarza-2-8-lutego\/","title":{"rendered":"Kartka z kalendarza 2-8 lutego"},"content":{"rendered":"<p>W pierwszym tygodniu lutego urodziny obchodzi\u0107 b\u0119d\u0105 min. Joachim L\u00f6w, Carlos Tevez, Cristiano Ronaldo, Neymar, Marek Ko\u017ami\u0144ski, Gyula Grosics.<\/p>\n<p>W pi\u0105tek minie 56 lat od katastrofy samolotu pasa\u017cerskiego na lotnisku w Monachium, w kt\u00f3rej zgin\u0119\u0142y 23 osoby, w tym 8 pi\u0142karzy zespo\u0142u<strong> <\/strong>Manchester United.<\/p>\n<p><strong>2 lutego<\/strong><\/p>\n<p>1922.02.02 Urodzi\u0142 si\u0119 <strong>Rui Campos<\/strong>, brazylijski pomocnik, wicemistrz \u015bwiata 1950 (zm. 2002)<\/p>\n<p>1961.02.02 Urodzi\u0142 si\u0119 <strong>Lars Olsen<\/strong>, du\u0144ski obro\u0144ca, mistrz Europy 1992, trener<\/p>\n<p>1974.02.02 Urodzi\u0142 si\u0119 <strong>Rados\u0142aw Ka\u0142u\u017cny<\/strong>, obro\u0144ca, reprezentant Polski, mistrz Polski z Wis\u0142\u0105 Krak\u00f3w 1999,2001<\/p>\n<p>1980.02.02 Urodzi\u0142 si\u0119 <strong>Oleguer Presas<\/strong>, hiszpa\u0144ski obro\u0144ca, zdobywca Ligi Mistrz\u00f3w z Barcelon\u0105<\/p>\n<p>1987.02.02 Urodzi\u0142 si\u0119 <strong>Gerard Piqu\u00e9<\/strong>, hiszpa\u0144ski obro\u0144ca, mistrz \u015bwiata 2010, mistrz Europy 2012, zdobywca Ligi Mistrz\u00f3w z Manchesterem 2008, Barcelon\u0105 2009,2011<\/p>\n<p>1990-02-02 <strong>Iran &#8211; Polska <\/strong>0-2 Teheran  MT bramki: Jacek Ziober 19&#8242;-k, 56&#8242;<\/p>\n<p>2008-02-02 <strong>Polska &#8211; Finlandia<\/strong> 1-0 Pafos MT gol: Adam Kokoszka 42&#8242;<\/p>\n<p>2013-02-02 <strong>Polska-Rumunia<\/strong> 4-1 Malaga (Hiszpania) MT bramki: Szymon Paw\u0142owski 15&#8242;, \u0141ukasz Teodorczyk 24&#8242;, 27&#8242;, Daniel \u0141ukasik 33&#8242; &#8211; Gheorghe Grozav 41&#8242;<\/p>\n<p><strong>3 lutego<\/strong><\/p>\n<p>1947.02.03 Urodzi\u0142 si\u0119 <strong>Christo Bonew<\/strong>, bu\u0142garski napastnik, jeden z najlepszych bu\u0142garskich pi\u0142karzy<br \/>\nw historii, najwi\u0119ksze sukcesy odnosi\u0142 z Lokomotiwem P\u0142odiw, jako trener awansowa\u0142 z reprezentacj\u0105 Bu\u0142garii<br \/>\ndo mistrzostw \u015bwiata 1998<\/p>\n<p>1960.02.03 Urodzi\u0142 si\u0119 <strong>Joachim L\u00f6w,<\/strong> niemiecki pi\u0142karz, trener, obecny szkoleniowiec reprezentacji Niemiec z kt\u00f3r\u0105 w 2008 zdoby\u0142 wicemistrzostwo Europy a w 2010 zaj\u0105\u0142 3 miejsce na mistrzostwach \u015bwiata<\/p>\n<p>1972.02.03 Urodzi\u0142 si\u0119 <strong>Mart Poom<\/strong> esto\u0144ski bramkarz, 120 mecz\u00f3w w reprezentacji, kilkukrotnie wybierany pi\u0142karzem roku w Estonii<\/p>\n<p>1993-02-03 <strong>Izrael &#8211; Polska<\/strong> 0-0 MT Tel Awiw<\/p>\n<p>1999-02-03 <strong>Malta &#8211; Polska<\/strong> 0-1 MT Ta&#8217; Qali, gol: Tomasz K\u0142os 90&#8242;<\/p>\n<p>2007-02-03 <strong>Polska &#8211; Estonia<\/strong> 4-0 MT Hiszpania bramki: Dariusz Dudka 25&#8242;, Adam Kokoszka 32&#8242;, Maciej Iwa\u0144ski 70&#8242;, Pawe\u0142 Gola\u0144ski 76&#8242;<\/p>\n<p><strong>4 lutego<\/strong><\/p>\n<p>1899.02.04 Za\u0142o\u017cono niemiecki klub pi\u0142karski <strong>Werder Brema<\/strong> 4-krotny mistrz Niemiec 1965,1988,1993,2004<\/p>\n<p>1922.02.04 Urodzi\u0142 si\u0119 <strong>Marian Jab\u0142o\u0144ski<\/strong>, polski pomocnik, mistrz Polski 1948 z Cracovi\u0105 (zm. 2004)<\/p>\n<p>1926.02.04 Urodzi\u0142 si\u0119 <strong>Gyula Grosics<\/strong>, w\u0119gierski bramkarz, mistrz olimpijski 1952<\/p>\n<p>1929.02.04 Urodzi\u0142 si\u0119 <strong>Reino B\u00f6rjesson<\/strong>, szwedzki pi\u0142karz, wicemistrz \u015bwiata 1958<\/p>\n<p>1970.02.04 Urodzi\u0142 si\u0119 <strong>Miros\u0142aw Walig\u00f3ra<\/strong> kr\u00f3l strzelc\u00f3w ligi polskiej 1992, srebrny medalista olimpijski 1992<br \/>\n1990-02-04 Teheran <strong>Iran &#8211; Polska<\/strong> 0-1 MT gol: Roman Szewczyk 60&#8242;<\/p>\n<p><strong>5 lutego<\/strong><\/p>\n<p>1910-02-05 Urodzi\u0142 si\u0119 <strong>Francisco Varallo<\/strong>, argenty\u0144ski napastnik, wicemistrz \u015bwiata 1930, najd\u0142u\u017cej \u017cyj\u0105cy uczestnik mundialu 1930 (zm. 2010)<\/p>\n<p>1948-02-05 Urodzi\u0142 si\u0119 <strong>Sven-G\u00f6ran Eriksson<\/strong>, szwedzki trener pi\u0142karski, prowadzi\u0142 min. Angli\u0119, WKS, Meksyk,<\/p>\n<p>1965-02-05 Urodzi\u0142 si\u0119 <strong>Gheorghe Hagi<\/strong>, rumu\u0144ski pomocnik, trener, uznawany za najlepszego rumu\u0144skiego pi\u0142karza, ponad 100 mecz\u00f3w w reprezentacji, tytu\u0142y mistrza kraju, sukcecy z Realem Madryt, Barcelon\u0105,Galatasaray Stambu\u0142<\/p>\n<p>1982-02-05 Urodzi\u0142 si\u0119 <strong>Rodrigo Palacio<\/strong>, argenty\u0144ski napastnik, kilkukrotny mistrz Argentyny, II miejsce w Copa America 2007<\/p>\n<p>1984-02-05 Urodzi\u0142 si\u0119 <strong>Carlos Tevez<\/strong> argenty\u0144ski napastnik, mistrz i kr\u00f3l strzelc\u00f3w igrzysk limpijskich 2004, zdobywca pucharu konfederacji 2005, ligi mistrz\u00f3w 2007, klubowy mistrz \u015bwiata 2008<\/p>\n<p>1985-02-05 Urodzi\u0142 si\u0119 <strong>Cristiano Ronaldo<\/strong>, portugalski napastnik, wicemistrz Europy 2004, nagrodzony wieloma indywidualnymi nagrodami, zdobywca Z\u0142otej Pi\u0142ki 2013, 2008<\/p>\n<p>1992-02-05 Urodzi\u0142 si\u0119 <strong>Neymar,<\/strong> wicemistrz olimpijski 2012, zdobywca pucharu konfederacji 2013<br \/>\n1985-02-05 <strong>Meksyk &#8211; Polska<\/strong> 5-0 MT Queretaro bramki:Tomas Juan Boy 8&#8242;, Manuel Negrete Arias 13&#8242;, Felix Cruz Barbosa 28&#8242;, Igancio Flores Ocaranza 61&#8242;, Manuel Negrete Arias 70&#8242;<\/p>\n<p>1991-02-05 <strong>Irlandia P\u00f3\u0142nocna &#8211; Polska <\/strong> 3-1 MT Belfast <strong> <\/strong>bramki: Gerry Taggart 44&#8242;, 62&#8242;,  Jim Magilton 51&#8242;-k-  Robert Warzycha 17&#8242;<\/p>\n<p><strong>6 lutego<\/strong><\/p>\n<p>1958-02-06 Katastrofa samolotu pasa\u017cerskiego na lotnisku w Monachium, w kt\u00f3rej zgin\u0119\u0142y 23 osoby, w tym 8 pi\u0142karzy zespo\u0142u <strong>Manchester United<\/strong>.<\/p>\n<p>1985-02-06 <strong>Polska &#8211; Bu\u0142garia<\/strong> 2-2 MT Queretaro bramki: Georgi Dimitrov 19&#8242;, Radoslav Zdravkov 45&#8242;-k- Dariusz Dziekanowski 35&#8242;, Waldemar Prusik 38&#8242;<\/p>\n<p>1988-02-06 <strong>Polska &#8211; Rumunia<\/strong> 2-2 MT Hajfa bramki: Marcel Cora\u015f 37&#8242;, Ioan Sab\u0103u 48&#8242;- Wies\u0142aw Cisek 42&#8242;, 85&#8242;<\/p>\n<p>2008-02-06 <strong> Czechy-Polska<\/strong> 0-2 Larnaka bramki: Wojciech \u0141obodzi\u0144ski 6&#8242;, Mariusz Lewandowski 29&#8242;<\/p>\n<p>2011-02-06  <strong>Polska-Mo\u0142dawia <\/strong> 1-0 MT Vila Real de Santo Ant\u00f3nio(Por.) gol: Dawid Plizga 15&#8242;<\/p>\n<p>2013-02-06 <strong>Irlandia-Polska <\/strong> 2-0 Dublin MT bramki: Ciaran Clark 35&#8242;, Wes Hoolahan 76&#8242;<\/p>\n<p><strong>7 lutego<\/strong><\/p>\n<p>1903-02-07 Za\u0142o\u017cono holenderski klub pi\u0142karski <strong>VVV Venlo<\/strong>.<\/p>\n<p>1971-02-07 Urodzi\u0142 si\u0119 <strong>Marek Ko\u017ami\u0144ski,<\/strong> polski obro\u0144ca, wicemistrz olimpijski 1992<br \/>\n2007-02-07 <strong>Polska &#8211; S\u0142owacja <\/strong> 2-2 MT Hiszpania bramki: Martin Jakubko 1&#8242; , Martin \u0160krtel 45&#8242; &#8211; Micha\u0142 \u017bew\u0142akow 48&#8242;-k, Rados\u0142aw Matusiak 79&#8242;<\/p>\n<p>2009-02-07 <strong>Polska &#8211; Litwa<\/strong> 1-1 MT Faro (Portugalia) bramki: Ar\u016bnas Klimavi\u010dius 26&#8242;- Pawe\u0142 Bro\u017cek 11&#8242;<\/p>\n<p><strong>8 lutego<\/strong><\/p>\n<p>1929-02-08 Urodzi\u0142 si\u0119 <strong>Karl Koller<\/strong>, austriacki pomocnik, zdobywca 3 miejsca na mistrzostwach \u015bwiata 1954 (zm. 2009)<\/p>\n<p>1932-02-08 Urodzi\u0142 si\u0119 <strong>Horst Eckel<\/strong>, niemiecki napastnik, mistrz \u015bwiata 1954<br \/>\n1989-02-08 <strong>Kostaryka &#8211; Polska<\/strong> 2-4 MT San Jose bramki: Alexandre Borge Guimaraes 11&#8242;, Luis Claudio Jara 68&#8242; &#8211; Krzysztof Warzycha 8&#8242;,30&#8242;, Roman Kosecki 15&#8242;, Jan Urban 66&#8242;<\/p>\n<p>1998-02-08 <strong>Paragwaj &#8211; Polska<\/strong> 4-0 MT Asunicon bramki: Miguel Benitez 25&#8242;, Francisco Arce 27&#8242;, Celso Ayala 74&#8242;, Oscar Ferreira 82&#8242;<\/p>\n","protected":false},"excerpt":{"rendered":"<p>W pierwszym tygodniu lutego urodziny obchodzi\u0107 b\u0119d\u0105 min. Joachim L\u00f6w, Carlos Tevez, Cristiano Ronaldo, Neymar, Marek Ko\u017ami\u0144ski, Gyula Grosics. W pi\u0105tek minie 56 lat od katastrofy samolotu pasa\u017cerskiego na lotnisku w Monachium, w kt\u00f3rej zgin\u0119\u0142y 23 osoby, w tym 8 pi\u0142karzy zespo\u0142u Manchester United. 2 lutego 1922.02.02 Urodzi\u0142 si\u0119 Rui Campos, brazylijski pomocnik, wicemistrz \u015bwiata [&hellip;]<\/p>\n","protected":false},"author":3,"featured_media":0,"comment_status":"open","ping_status":"open","sticky":false,"template":"","format":"standard","meta":{"_acf_changed":false,"footnotes":""},"categories":[144],"tags":[143],"class_list":["post-3312","post","type-post","status-publish","format-standard","hentry","category-kartka-z-kalendarza","tag-kalendarium"],"acf":[],"_links":{"self":[{"href":"https:\/\/kronika-futbolu.pl\/historia\/wp-json\/wp\/v2\/posts\/3312","targetHints":{"allow":["GET"]}}],"collection":[{"href":"https:\/\/kronika-futbolu.pl\/historia\/wp-json\/wp\/v2\/posts"}],"about":[{"href":"https:\/\/kronika-futbolu.pl\/historia\/wp-json\/wp\/v2\/types\/post"}],"author":[{"embeddable":true,"href":"https:\/\/kronika-futbolu.pl\/historia\/wp-json\/wp\/v2\/users\/3"}],"replies":[{"embeddable":true,"href":"https:\/\/kronika-futbolu.pl\/historia\/wp-json\/wp\/v2\/comments?post=3312"}],"version-history":[{"count":0,"href":"https:\/\/kronika-futbolu.pl\/historia\/wp-json\/wp\/v2\/posts\/3312\/revisions"}],"wp:attachment":[{"href":"https:\/\/kronika-futbolu.pl\/historia\/wp-json\/wp\/v2\/media?parent=3312"}],"wp:term":[{"taxonomy":"category","embeddable":true,"href":"https:\/\/kronika-futbolu.pl\/historia\/wp-json\/wp\/v2\/categories?post=3312"},{"taxonomy":"post_tag","embeddable":true,"href":"https:\/\/kronika-futbolu.pl\/historia\/wp-json\/wp\/v2\/tags?post=3312"}],"curies":[{"name":"wp","href":"https:\/\/api.w.org\/{rel}","templated":true}]}}