{"id":3359,"date":"2015-03-02T17:45:37","date_gmt":"2015-03-02T16:45:37","guid":{"rendered":"https:\/\/kronika-futbolu.pl\/historia\/?p=3359"},"modified":"2015-03-02T17:45:37","modified_gmt":"2015-03-02T16:45:37","slug":"walter-rozitsky-czyli-przedwojenny-ronaldo-byl-polakiem","status":"publish","type":"post","link":"https:\/\/kronika-futbolu.pl\/historia\/walter-rozitsky-czyli-przedwojenny-ronaldo-byl-polakiem\/","title":{"rendered":"Walter Rozitsky- czyli przedwojenny Ronaldo by\u0142 Polakiem"},"content":{"rendered":"<div>\n<div>Losy Polak\u00f3w przez wieki by\u0142y bardzo burzliwe, cz\u0119sto musieli ucieka\u0107 z ojczyzny i szuka\u0107 nowego lepszego miejsca do \u017cycia lub w innych okoliczno\u015bciach migrowali do r\u00f3\u017cnych zak\u0105tk\u00f3w globu. I tak w wielu pa\u0144stwach \u015bwiata w dziejach historii postacie znane, wybitne ale te\u017c kontrowersyjne i okrutne maj\u0105 polskie korzenie. W\u015br\u00f3d nich byli oczywi\u015bcie pi\u0142karze a jeden z nich by\u0142 gwiazd\u0105 FC Barcelona jak i Realu Madryt ot taki polski Ronaldo na pocz\u0105tku XX wieku.<\/div>\n<div> <\/div>\n<div>Mowa oczywi\u015bcie o Walterze Rozitskim o nim oraz o innych polakach kt\u00f3rzy zapisali si\u0119 na kartach historii \u015bwiata lecz o ich pochodzeniu cz\u0119sto si\u0119 zapomina mog\u0105 Pa\u0144stwo przeczyta\u0107 w ksi\u0105\u017cce <strong>Adama W\u0119g\u0142owskiego pt. &#8222;Bardzo polska historia wszystkiego&#8221;.<\/strong> Autor pisz\u0105c o Rozitskim korzysta\u0142 z wiedzy hiszpa\u0144skich i francuskich znawc\u00f3w historii futbolu, dotar\u0142 do artyku\u0142\u00f3w prasowych z opisami gry Waltera. Odkry\u0142 nowe fakty z \u017cyciorysu oraz zdementowa\u0142 kr\u0105\u017c\u0105ce po internecie nieprawdziwe informacje o najlepszym- jak podawa\u0142y kroniki w 1911 roku pi\u0142karzu FC Barcelona. Niestety nadal nie wiemy dok\u0142adnie o pochodzeniu i o losach naszego bohatera po 1914 roku.<\/div>\n<div> <\/div>\n<div>\n<div>Walter Rozitsky jest postaci\u0105 przy kt\u00f3rej widnieje wiele znak\u00f3w zapytania, nie wiemy sk\u0105d dok\u0142adnie pochodzi\u0142, gdzie i kiedy si\u0119 urodzi\u0142 nawet nazwisko mog\u0142o zosta\u0107 przemienione z R\u00f3\u017cycki, Rosicki . Najprawdopodobniej przyby\u0142 do Francji z zaboru Pruskiego lub Austriackiego czyli Galicji, nie jest pewne \u017ce by\u0142 Polakiem, m\u00f3g\u0142 by\u0107 W\u0119grem, Czechem, tereny Galicji by\u0142y zamieszkiwane przez ludzi r\u00f3\u017cnej narodowo\u015bci. W Barcelonie by\u0142 przedstawiany jako Niemiec prawdopodobnie dlatego \u017ce wielu Polak\u00f3w z zaboru Pruskiego brano jako Niemc\u00f3w. Wiemy \u017ce Walter mia\u0142 francuski paszport co dowodzi \u017ce \u017cy\u0142 przez jaki\u015b czas we Francji. W Czechach cz\u0119sto spotykane s\u0105 nazwiska Rosicki np Tomas Rosicki- obecny pi\u0142karz Arsenalu, w Polsce natomiast spotykane jest nazwisko R\u00f3\u017cycki. W starszych \u017ar\u00f3d\u0142ach mo\u017cna odczyta\u0107 ze pochodzi\u0142 ze Szwajcarii. A na li\u015bcie poleg\u0142ych \u017co\u0142nierzy wojsk ameryka\u0144skich podczas II wojny \u015bwiatowej znalaz\u0142 si\u0119 Walther Rokiski.<\/div>\n<div> <\/div>\n<div> <\/div>\n<div>Pono\u0107 sam zawodnik graj\u0105c w Realu Madryt m\u00f3wi\u0142 o swoim pochodzeniu, \u017ce jest Polakiem i pewnie dlatego przy jego zdj\u0119ciu w galerii wszystkich zawodnik\u00f3w Realu Madryt jest zawieszona Polska flaga a obok zdj\u0119cia Waltera Rozitskiego jest zdj\u0119cie legendy Realu Madryt Santiago Bernabeu z kt\u00f3rym Walter grywa\u0142 na boisku.<\/div>\n<div>Informacj\u0105 o jego pi\u0142karskiej karierze zaczyna wzmianka \u017ce by\u0142 zawodnikiem francuskiego La Havre lecz Bruno Mercier autor monografii Havre Athletic Club nie potwierdzi\u0142 tej informacji. Wed\u0142ug kronik FC Barcelony debiut Waltera Rozitskiego przypad\u0142 na mecz towarzyski z Universitary w 1911 roku. Przez kolejne dwa lata by\u0142 zawodnikiem dru\u017cyny z Katalonii z kt\u00f3r\u0105 rozegra\u0142 55 mecz\u00f3w strzelaj\u0105c 5 bramek, wygrywaj\u0105c w tym czasie mistrzostwo i puchar Katalonii, dwukrotnie Puchar Kr\u00f3la i Puchar Pirenej\u00f3w.<\/div>\n<div> <\/div>\n<div>\u201eEl Mundo Deportivo\u201d pisa\u0142o, \u017ce Walter dysponowa\u0142 dobrym podaniem, by\u0142 \u015bwietny w ofensywie i dysponowa\u0142 znakomitym strza\u0142em. By\u0142 aazwyczj pomocnikiem lub obro\u0144c\u0105.<\/div>\n<div> <\/div>\n<div>W 1913 roku zosta\u0142 pi\u0142karzem Realu Madryt z kt\u00f3rym rozegra\u0142 19 spotka\u0144. By\u0142 jednym z pierwszych pi\u0142karzy w historii kt\u00f3ry przeni\u00f3s\u0142 si\u0119 z Barcelony do Realu. Ponad 80 lat p\u00f3\u017aniej za taki sam transfer Luis Figo zosta\u0142 nazwany zdrajc\u0105.<\/div>\n<div> <\/div>\n<div>Co si\u0119 sta\u0142o po 1914 roku z Walterem Rozitskim ? Prawdopodobnie zosta\u0142 wcielony do wojska i zgin\u0105\u0142 na polu walki I wojny \u015bwiatowej, wi\u0119cej o jego losie nie wiemy, a to co wiemy pozostaje i tak wielk\u0105 niewiadom\u0105.<\/div>\n<div> <\/div>\n<div>Znajomy Adama W\u0119g\u0142owskiego hiszpa\u0144ski dziennikarz Fernando Urra Goni, spotka\u0142 raz na wakacjach rodzin\u0119 w Hiszpanii o nazwisku Rokiski. Senior rodziny opowiedzia\u0142 mu histori\u0119 o dziadku, kt\u00f3ry wyjecha\u0142 z Polski do Francji i upro\u015bci\u0142 swoje nazwisko najpierw na Rocisky a potem Rokiski. C\u017cesto prasa hiszpa\u0144ska zmienia\u0142a trudne nazwisko Rozitsky na Rotziski, Rositzky, Rotziky, Rozisky i w\u0142a\u015bnie Rociski. Lecz w rodzinie nie by\u0142o \u017cadnego Waltera.<\/div>\n<div> <\/div>\n<div>Walter Rozitsky to posta\u0107 tajemnicza, owiana wr\u0119cz legend\u0105, mo\u017ce kiedy\u015b dowiemy si\u0119 o Nim czego\u015b wi\u0119cej.<\/div>\n<div> <\/div>\n<div> <\/div>\n<\/div>\n<\/div>\n","protected":false},"excerpt":{"rendered":"<p>Losy Polak\u00f3w przez wieki by\u0142y bardzo burzliwe, cz\u0119sto musieli ucieka\u0107 z ojczyzny i szuka\u0107 nowego lepszego miejsca do \u017cycia lub w innych okoliczno\u015bciach migrowali do r\u00f3\u017cnych zak\u0105tk\u00f3w globu. I tak w wielu pa\u0144stwach \u015bwiata w dziejach historii postacie znane, wybitne ale te\u017c kontrowersyjne i okrutne maj\u0105 polskie korzenie. W\u015br\u00f3d nich byli oczywi\u015bcie pi\u0142karze a jeden [&hellip;]<\/p>\n","protected":false},"author":3,"featured_media":1695,"comment_status":"open","ping_status":"open","sticky":false,"template":"","format":"standard","meta":{"_acf_changed":false,"footnotes":""},"categories":[129],"tags":[130],"class_list":["post-3359","post","type-post","status-publish","format-standard","has-post-thumbnail","hentry","category-artykul","tag-walter-rozitcky"],"acf":[],"_links":{"self":[{"href":"https:\/\/kronika-futbolu.pl\/historia\/wp-json\/wp\/v2\/posts\/3359","targetHints":{"allow":["GET"]}}],"collection":[{"href":"https:\/\/kronika-futbolu.pl\/historia\/wp-json\/wp\/v2\/posts"}],"about":[{"href":"https:\/\/kronika-futbolu.pl\/historia\/wp-json\/wp\/v2\/types\/post"}],"author":[{"embeddable":true,"href":"https:\/\/kronika-futbolu.pl\/historia\/wp-json\/wp\/v2\/users\/3"}],"replies":[{"embeddable":true,"href":"https:\/\/kronika-futbolu.pl\/historia\/wp-json\/wp\/v2\/comments?post=3359"}],"version-history":[{"count":0,"href":"https:\/\/kronika-futbolu.pl\/historia\/wp-json\/wp\/v2\/posts\/3359\/revisions"}],"wp:featuredmedia":[{"embeddable":true,"href":"https:\/\/kronika-futbolu.pl\/historia\/wp-json\/wp\/v2\/media\/1695"}],"wp:attachment":[{"href":"https:\/\/kronika-futbolu.pl\/historia\/wp-json\/wp\/v2\/media?parent=3359"}],"wp:term":[{"taxonomy":"category","embeddable":true,"href":"https:\/\/kronika-futbolu.pl\/historia\/wp-json\/wp\/v2\/categories?post=3359"},{"taxonomy":"post_tag","embeddable":true,"href":"https:\/\/kronika-futbolu.pl\/historia\/wp-json\/wp\/v2\/tags?post=3359"}],"curies":[{"name":"wp","href":"https:\/\/api.w.org\/{rel}","templated":true}]}}