{"id":3390,"date":"2015-03-20T18:54:45","date_gmt":"2015-03-20T17:54:45","guid":{"rendered":"https:\/\/kronika-futbolu.pl\/historia\/?p=3390"},"modified":"2015-03-20T18:54:45","modified_gmt":"2015-03-20T17:54:45","slug":"kadra-polski-na-mecz-z-irlandia","status":"publish","type":"post","link":"https:\/\/kronika-futbolu.pl\/historia\/kadra-polski-na-mecz-z-irlandia\/","title":{"rendered":"Kadra Polski na mecz z Irlandi\u0105"},"content":{"rendered":"<div>W niedziel\u0119 29 marca w Dublinie o 20.45 reprezentacja Polski zagra kolejny mecz w ramach eliminacji mistrzostw Europy 2016. Oto pi\u0142karze powo\u0142ani do kadry na to spotkanie przez selekcjonera Adama Nawa\u0142k\u0119:<\/div>\n<div><\/div>\n<div><strong>Bramkarze<\/strong>: Artur Boruc 59\/0 (AFC Bournemouth, Anglia), \u0141ukasz Fabia\u0144ski 22\/0 (Swansea City AFC, Walia), Wojciech Szcz\u0119sny 22\/0 (Arsenal FC, Anglia).<\/p>\n<p><strong>Obro\u0144cy<\/strong>: Thiago Cionek 2\/0 (Modena FC 1912, W\u0142ochy), Kamil Glik 29\/3 (Torino FC, W\u0142ochy), Rafa\u0142 Janicki 0\/0 (Lechia Gda\u0144sk), Marcin Komorowski 11\/1 (Tieriek Grozny, Rosja), Pawe\u0142 Olkowski 8\/0 (1.FC K\u00f6ln, Niemcy), \u0141ukasz Szuka\u0142a 10\/1 (Al-Ittihad, Arabia Saudyjska), Jakub Wawrzyniak 43\/1 (Lechia Gda\u0144sk), Grzegorz Wojtkowiak 23\/0 (Lechia Gda\u0144sk).<\/p>\n<p><strong>Pomocnicy<\/strong>: Maciej Gajos 0\/0 (Jagiellonia Bia\u0142ystok), Tomasz Jod\u0142owiec 35\/0 (Legia Warszawa), Grzegorz Krychowiak 24\/1 (Sevilla FC, Hiszpania), Karol Linetty 5\/1 (Lech Pozna\u0144), Sebastian Mila 34\/8 (Lechia Gda\u0144sk), S\u0142awomir Peszko 29\/1 (1.FC K\u00f6ln, Niemcy), Maciej Rybus 32\/2 (Tieriek Grozny, Rosja), Micha\u0142 \u017byro 4\/0 (Legia Warszawa).<\/p>\n<p><strong>Napastnicy<\/strong>: Robert Lewandowski 64\/23 (FC Bayern M\u00fcnchen, Niemcy), Arkadiusz Milik 14\/6 (AFC Ajax, Holandia), \u0141ukasz Teodorczyk 7\/3 (Dynamo Kij\u00f3w, Ukraina).<\/p>\n<p>Lista zawodnik\u00f3w rezerwowych: Przemys\u0142aw Tyto\u0144 13\/0 (Elche CF, Hiszpania), Tomasz K\u0119dziora 0\/0 (Lech Pozna\u0144), \u0141ukasz Bro\u017a 3\/0 (Legia Warszawa), Krzysztof M\u0105czy\u0144ski 6\/1 (Guizhou Renhe, Chiny), Micha\u0142 Kucharczyk 9\/1 (Legia Warszawa), Piotr Zieli\u0144ski 8\/3 (Empoli FC, W\u0142ochy).<\/p><\/div>\n<div><\/div>\n","protected":false},"excerpt":{"rendered":"<p>W niedziel\u0119 29 marca w Dublinie o 20.45 reprezentacja Polski zagra kolejny mecz w ramach eliminacji mistrzostw Europy 2016. Oto pi\u0142karze powo\u0142ani do kadry na to spotkanie przez selekcjonera Adama Nawa\u0142k\u0119: Bramkarze: Artur Boruc 59\/0 (AFC Bournemouth, Anglia), \u0141ukasz Fabia\u0144ski 22\/0 (Swansea City AFC, Walia), Wojciech Szcz\u0119sny 22\/0 (Arsenal FC, Anglia). Obro\u0144cy: Thiago Cionek 2\/0 [&hellip;]<\/p>\n","protected":false},"author":3,"featured_media":1665,"comment_status":"open","ping_status":"open","sticky":false,"template":"","format":"standard","meta":{"_acf_changed":false,"footnotes":""},"categories":[113],"tags":[142,37],"class_list":["post-3390","post","type-post","status-publish","format-standard","has-post-thumbnail","hentry","category-reprezentacja","tag-irlandia","tag-polska"],"acf":[],"_links":{"self":[{"href":"https:\/\/kronika-futbolu.pl\/historia\/wp-json\/wp\/v2\/posts\/3390","targetHints":{"allow":["GET"]}}],"collection":[{"href":"https:\/\/kronika-futbolu.pl\/historia\/wp-json\/wp\/v2\/posts"}],"about":[{"href":"https:\/\/kronika-futbolu.pl\/historia\/wp-json\/wp\/v2\/types\/post"}],"author":[{"embeddable":true,"href":"https:\/\/kronika-futbolu.pl\/historia\/wp-json\/wp\/v2\/users\/3"}],"replies":[{"embeddable":true,"href":"https:\/\/kronika-futbolu.pl\/historia\/wp-json\/wp\/v2\/comments?post=3390"}],"version-history":[{"count":0,"href":"https:\/\/kronika-futbolu.pl\/historia\/wp-json\/wp\/v2\/posts\/3390\/revisions"}],"wp:featuredmedia":[{"embeddable":true,"href":"https:\/\/kronika-futbolu.pl\/historia\/wp-json\/wp\/v2\/media\/1665"}],"wp:attachment":[{"href":"https:\/\/kronika-futbolu.pl\/historia\/wp-json\/wp\/v2\/media?parent=3390"}],"wp:term":[{"taxonomy":"category","embeddable":true,"href":"https:\/\/kronika-futbolu.pl\/historia\/wp-json\/wp\/v2\/categories?post=3390"},{"taxonomy":"post_tag","embeddable":true,"href":"https:\/\/kronika-futbolu.pl\/historia\/wp-json\/wp\/v2\/tags?post=3390"}],"curies":[{"name":"wp","href":"https:\/\/api.w.org\/{rel}","templated":true}]}}