{"id":3418,"date":"2015-03-31T18:31:41","date_gmt":"2015-03-31T16:31:41","guid":{"rendered":"https:\/\/kronika-futbolu.pl\/historia\/?p=3418"},"modified":"2022-10-14T10:25:36","modified_gmt":"2022-10-14T08:25:36","slug":"pilkarski-kwiecien","status":"publish","type":"post","link":"https:\/\/kronika-futbolu.pl\/historia\/pilkarski-kwiecien\/","title":{"rendered":"Pi\u0142karski kwiecie\u0144"},"content":{"rendered":"<p>Sezon pi\u0142karski 2014\/2015 w pe\u0142ni, w najbli\u017cszych 30 dniach b\u0119dziemy emocjonowa\u0107 si\u0119 rozgrywkami Ligi Mistrz\u00f3w, Ligi Europy, Ekstraklasy i innymi meczami ligowymi na ca\u0142ym \u015bwiecie. Ju\u017c za tydzie\u0144 dowiemy si\u0119 kto zorganizuje Puchar Narod\u00f3w Afryki w 2017 roku w zast\u0119pstwie za Libi\u0119, a 14 kwietnia poznamy pary II rundy eliminacji Mistrzostw \u015awiata 2018 w strefie azjatyckiej.<\/p>\n<p><strong>4-7 kwietnia <\/strong>26 kolejka Ekstraklasy<br \/>\n<strong>8 kwietnia <\/strong>og\u0142oszenie gospodarza Pucharu Narod\u00f3w Afryki 2017<br \/>\n<strong>8-9 kwietnia <\/strong>Puchar Polski p\u00f3\u0142fina\u0142- rewan\u017ce<br \/>\n<strong>10-13 kwietnia <\/strong>27 kolejka Ekstraklasy<br \/>\n<strong>14 kwietnia <\/strong>losowanie II rundy eliminacji Mistrzostw \u015awiata 2018 w strefie azjatyckiej<br \/>\n<strong>14-15 kwietnia <\/strong>1\/4 Ligi Mistrz\u00f3w I mecze<br \/>\n<strong>16 kwietnia<\/strong> 1\/4 Ligi Europy I mecze<br \/>\n<strong>17-20 kwietnia<\/strong> 28 kolejka Ekstraklasy<br \/>\n<strong>21-22 kwietnia <\/strong>1\/4 Ligi Mistrz\u00f3w rewan\u017ce<br \/>\n<strong>23 kwietnia<\/strong> 1\/4 Ligi Europy rewan\u017ce<br \/>\n<strong>24 kwietnia <\/strong>losowanie p\u00f3\u0142fina\u0142\u00f3w Ligi Mistrz\u00f3w i Ligi Europy<br \/>\n<strong>24-26 kwietnia<\/strong> 29 kolejka Ekstraklasy<br \/>\n<strong>29 kwietnia<\/strong> 30 kolejka Ekstraklasy<\/p>\n<p>Wi\u0119cej o eliminacjach do Mistrzostw \u015awiata 2018 : <a href=\"\/turnieje\/mundial2018\/eliminacje.php\" data-cke-saved-href=\"\/turnieje\/mundial2018\/eliminacje.php\">WI\u0118CEJ<\/a><\/p>\n","protected":false},"excerpt":{"rendered":"<p>Sezon pi\u0142karski 2014\/2015 w pe\u0142ni, w najbli\u017cszych 30 dniach b\u0119dziemy emocjonowa\u0107 si\u0119 rozgrywkami Ligi Mistrz\u00f3w, Ligi Europy, Ekstraklasy i innymi meczami ligowymi na ca\u0142ym \u015bwiecie. Ju\u017c za tydzie\u0144 dowiemy si\u0119 kto zorganizuje Puchar Narod\u00f3w Afryki w 2017 roku w zast\u0119pstwie za Libi\u0119, a 14 kwietnia poznamy pary II rundy eliminacji Mistrzostw \u015awiata 2018 w strefie [&hellip;]<\/p>\n","protected":false},"author":3,"featured_media":12860,"comment_status":"open","ping_status":"open","sticky":false,"template":"","format":"standard","meta":{"_acf_changed":false,"footnotes":""},"categories":[2],"tags":[143],"class_list":["post-3418","post","type-post","status-publish","format-standard","has-post-thumbnail","hentry","category-bez-kategorii","tag-kalendarium"],"acf":[],"_links":{"self":[{"href":"https:\/\/kronika-futbolu.pl\/historia\/wp-json\/wp\/v2\/posts\/3418","targetHints":{"allow":["GET"]}}],"collection":[{"href":"https:\/\/kronika-futbolu.pl\/historia\/wp-json\/wp\/v2\/posts"}],"about":[{"href":"https:\/\/kronika-futbolu.pl\/historia\/wp-json\/wp\/v2\/types\/post"}],"author":[{"embeddable":true,"href":"https:\/\/kronika-futbolu.pl\/historia\/wp-json\/wp\/v2\/users\/3"}],"replies":[{"embeddable":true,"href":"https:\/\/kronika-futbolu.pl\/historia\/wp-json\/wp\/v2\/comments?post=3418"}],"version-history":[{"count":1,"href":"https:\/\/kronika-futbolu.pl\/historia\/wp-json\/wp\/v2\/posts\/3418\/revisions"}],"predecessor-version":[{"id":12892,"href":"https:\/\/kronika-futbolu.pl\/historia\/wp-json\/wp\/v2\/posts\/3418\/revisions\/12892"}],"wp:featuredmedia":[{"embeddable":true,"href":"https:\/\/kronika-futbolu.pl\/historia\/wp-json\/wp\/v2\/media\/12860"}],"wp:attachment":[{"href":"https:\/\/kronika-futbolu.pl\/historia\/wp-json\/wp\/v2\/media?parent=3418"}],"wp:term":[{"taxonomy":"category","embeddable":true,"href":"https:\/\/kronika-futbolu.pl\/historia\/wp-json\/wp\/v2\/categories?post=3418"},{"taxonomy":"post_tag","embeddable":true,"href":"https:\/\/kronika-futbolu.pl\/historia\/wp-json\/wp\/v2\/tags?post=3418"}],"curies":[{"name":"wp","href":"https:\/\/api.w.org\/{rel}","templated":true}]}}