{"id":3440,"date":"2015-04-24T11:32:07","date_gmt":"2015-04-24T09:32:07","guid":{"rendered":"https:\/\/kronika-futbolu.pl\/historia\/?p=3440"},"modified":"2024-11-06T12:54:32","modified_gmt":"2024-11-06T11:54:32","slug":"pan-myszka-michal-matyas","status":"publish","type":"post","link":"https:\/\/kronika-futbolu.pl\/historia\/pan-myszka-michal-matyas\/","title":{"rendered":"&#8222;Pan Myszka&#8221; Micha\u0142 Matyas zapomniana posta\u0107 polskiej pi\u0142ki no\u017cnej"},"content":{"rendered":"<p><strong>&#8222;Pan Myszka&#8221;- Micha\u0142 Matyas <\/strong>&#8211; Lw\u00f3w to mekka polskiego futbolu. To tutaj powsta\u0142 pierwszy polski klub-Lechia Lw\u00f3w w 1903 roku, to tutaj urodzili si\u0119 i stawiali pierwsze pi\u0142karskie kroki wybitni polscy pi\u0142karze. Jednym z zawodnik\u00f3w kt\u00f3ry dorasta\u0142 i gra\u0142 we Lwowie by\u0142 Micha\u0142 Matyas- olimpijczyk z Berlina 1936, kapitan reprezentacji, kr\u00f3l strzelc\u00f3w Ligi Polskiej, trener.<\/p>\n<div id=\"ez-toc-container\" class=\"ez-toc-v2_0_75 counter-hierarchy ez-toc-counter ez-toc-grey ez-toc-container-direction\">\n<div class=\"ez-toc-title-container\">\n<p class=\"ez-toc-title\" style=\"cursor:inherit\">Table of Contents<\/p>\n<span class=\"ez-toc-title-toggle\"><a href=\"#\" class=\"ez-toc-pull-right ez-toc-btn ez-toc-btn-xs ez-toc-btn-default ez-toc-toggle\" aria-label=\"Toggle Table of Content\"><span class=\"ez-toc-js-icon-con\"><span class=\"\"><span class=\"eztoc-hide\" style=\"display:none;\">Toggle<\/span><span class=\"ez-toc-icon-toggle-span\"><svg style=\"fill: #999;color:#999\" xmlns=\"http:\/\/www.w3.org\/2000\/svg\" class=\"list-377408\" width=\"20px\" height=\"20px\" viewBox=\"0 0 24 24\" fill=\"none\"><path d=\"M6 6H4v2h2V6zm14 0H8v2h12V6zM4 11h2v2H4v-2zm16 0H8v2h12v-2zM4 16h2v2H4v-2zm16 0H8v2h12v-2z\" fill=\"currentColor\"><\/path><\/svg><svg style=\"fill: #999;color:#999\" class=\"arrow-unsorted-368013\" xmlns=\"http:\/\/www.w3.org\/2000\/svg\" width=\"10px\" height=\"10px\" viewBox=\"0 0 24 24\" version=\"1.2\" baseProfile=\"tiny\"><path d=\"M18.2 9.3l-6.2-6.3-6.2 6.3c-.2.2-.3.4-.3.7s.1.5.3.7c.2.2.4.3.7.3h11c.3 0 .5-.1.7-.3.2-.2.3-.5.3-.7s-.1-.5-.3-.7zM5.8 14.7l6.2 6.3 6.2-6.3c.2-.2.3-.5.3-.7s-.1-.5-.3-.7c-.2-.2-.4-.3-.7-.3h-11c-.3 0-.5.1-.7.3-.2.2-.3.5-.3.7s.1.5.3.7z\"\/><\/svg><\/span><\/span><\/span><\/a><\/span><\/div>\n<nav><ul class='ez-toc-list ez-toc-list-level-1 ' ><li class='ez-toc-page-1 ez-toc-heading-level-3'><a class=\"ez-toc-link ez-toc-heading-1\" href=\"https:\/\/kronika-futbolu.pl\/historia\/pan-myszka-michal-matyas\/#Narodziny_pochodzenie_i_rodzina\" >Narodziny, pochodzenie i rodzina.<\/a><\/li><li class='ez-toc-page-1 ez-toc-heading-level-3'><a class=\"ez-toc-link ez-toc-heading-2\" href=\"https:\/\/kronika-futbolu.pl\/historia\/pan-myszka-michal-matyas\/#Lwow-poczatki_z_pilka\" >Lw\u00f3w-pocz\u0105tki z pi\u0142k\u0105<\/a><\/li><li class='ez-toc-page-1 ez-toc-heading-level-3'><a class=\"ez-toc-link ez-toc-heading-3\" href=\"https:\/\/kronika-futbolu.pl\/historia\/pan-myszka-michal-matyas\/#W_reprezentacji_Polski\" >W reprezentacji Polski<\/a><\/li><li class='ez-toc-page-1 ez-toc-heading-level-3'><a class=\"ez-toc-link ez-toc-heading-4\" href=\"https:\/\/kronika-futbolu.pl\/historia\/pan-myszka-michal-matyas\/#Wojna\" >Wojna<\/a><\/li><li class='ez-toc-page-1 ez-toc-heading-level-3'><a class=\"ez-toc-link ez-toc-heading-5\" href=\"https:\/\/kronika-futbolu.pl\/historia\/pan-myszka-michal-matyas\/#Bytom\" >Bytom<\/a><\/li><li class='ez-toc-page-1 ez-toc-heading-level-3'><a class=\"ez-toc-link ez-toc-heading-6\" href=\"https:\/\/kronika-futbolu.pl\/historia\/pan-myszka-michal-matyas\/#Trener\" >Trener<\/a><\/li><\/ul><\/nav><\/div>\n<h3><span class=\"ez-toc-section\" id=\"Narodziny_pochodzenie_i_rodzina\"><\/span><strong>Narodziny, pochodzenie i rodzina.<\/strong><span class=\"ez-toc-section-end\"><\/span><\/h3>\n<p>Zanim w \u017cyciu Matyasa pojawi\u0142 si\u0119 Lw\u00f3w najpierw by\u0142 Brzoz\u00f3w. W tej obecnie Podkarpackiej miejscowo\u015bci 28 wrze\u015bnia 1912 roku na \u015bwiat przyszed\u0142 syn Karola i Jadwigi kt\u00f3remu nadano imiona Micha\u0142 Franciszek Mieczys\u0142aw. Ojciec Micha\u0142a mia\u0142 pochodzenie w\u0119gierskie o czym \u015bwiadczy Jego nazwisko- M\u00e1ty\u00e1s- syn Franciszka i Franciszki z d. Jakubowicz. Karol by\u0142 z zawodu prawnikiem i urz\u0119dnikiem administracyjnym lecz jest znany r\u00f3wnie\u017c jako etnograf i folklorysta, autor wielu prac kt\u00f3re ukazywa\u0142y si\u0119 w czasopismach naukowych i og\u00f3lnych min. &#8222;\u015awiat&#8221; i &#8222;Wis\u0142a&#8221;. Pisa\u0142 o ludowych bajkach, podaniach, zwyczajach \u015bwi\u0105tecznych, obrz\u0119dach domowych oraz o gwarach. Matka Jadwiga by\u0142a szlachciank\u0105- c\u00f3rka Micha\u0142a herbu Przegonia i Filipiny z Kry\u0144skich.<\/p>\n<p>W \u00f3wczesnych czasach w Galicji urz\u0119dnicy cz\u0119sto zmieniali swoje miejsca pracy i zarazem miejsca zamieszkania i tak Karol Matyas trafi\u0142 do Brzozowa z Bochni w 1910 roku a powodem przenosin by\u0142 wakat na stanowisku starosty brzozowskiego bowiem J\u00f3zef Lange zosta\u0142 przeniesiony do Dobromila.<\/p>\n<p>Wr\u00f3\u0107my jednak do daty narodzenia naszego bohatera. W wi\u0119kszo\u015bci \u017ar\u00f3de\u0142 dat\u0105 narodzin Micha\u0142a Matyasa jest dzie\u0144 28 wrze\u015bnia 1910 roku, lecz w ksi\u0119dze chrzt\u00f3w w brzozowskiej parafii mamy zapis 28 wrze\u015bnia 1912 a dniem chrztu jest 19 pa\u017adziernika 1912. Co wydaje si\u0119 bardziej sensowne bowiem rodzice byli zwi\u0105zani z Ko\u015bcio\u0142em i raczej nie czekali by na chrzest dziecka dwa lata.<\/p>\n<p>Syn Karola i Jadwigi zosta\u0142 ochrzczony przez proboszcza jasienickiego ks. Jana Samockiego, wicedziekana brzozowskiego a ojcem chrzestnym by\u0142 Mieczys\u0142aw Urba\u0144ski. Dziedzic maj\u0105tku dworskiego w Haczowie.<\/p>\n<h3><span class=\"ez-toc-section\" id=\"Lwow-poczatki_z_pilka\"><\/span><strong>Lw\u00f3w-pocz\u0105tki z pi\u0142k\u0105<\/strong><span class=\"ez-toc-section-end\"><\/span><\/h3>\n<p><img decoding=\"async\" src=\"\/CuteNews\/uploads\/Micha%C5%82_Matyas_historiawisly.p.jpg\" alt=\"\" data-cke-saved-src=\"\/CuteNews\/uploads\/Micha\u0142_Matyas_historiawisly.p.jpg\" \/>Rodzina Matyas\u00f3w ju\u017c w 1913 roku przenios\u0142a si\u0119 do Kolbuszowej gdzie Karol Matyas zosta\u0142 mianowany tam starost\u0105. Po I wojnie \u015bwiatowej M\u00e1ty\u00e1sowie zamieszkali we Lwowie gdzie w 1925 roku zmar\u0142 ojciec Micha\u0142a- Karol. Micha\u0142 Matyas w 1932 roku uko\u0144czy\u0142 VII Pa\u0144stwowe Gimnazjum im. Tadeusz Ko\u015bciuszki we Lwowie i podj\u0105\u0142 studia prawnicze kt\u00f3re z powodu trudnej sytuacji maj\u0105tkowej rodziny szybko musia\u0142 przerwa\u0107 i podj\u0105\u0142 prac\u0119 w wojsku przy zaopatrzeniu i obs\u0142udze. W 1937 zatrudni\u0142 si\u0119 w lepiej p\u0142atnej pracy w rafinerii nafty w Borys\u0142awiu.<\/p>\n<p>W 1924 roku rozpocz\u0105\u0142 swoj\u0105 pi\u0142karsk\u0105 przygod\u0119 w Lechii Lw\u00f3w za\u0142o\u017conej w 1903 roku- pierwszy polski klub w historii. W 1926 przeni\u00f3s\u0142 si\u0119 do s\u0142ynnej Pogoni Lw\u00f3w w kt\u00f3rej gra\u0142 do pocz\u0105tku II wojny \u015bwiatowej. Micha\u0142 Matyas zadebiutowa\u0142 w barwach Pogoni w najwy\u017cszej klasie rozgrywkowej 15 wrze\u015bnia 1929 r. w przegranym 0-1 meczu z \u201eWarszawiank\u0105\u201d.<\/p>\n<p>Sezon 1929 by\u0142 najgorszym dla Pogoni w latach 1920-1939. Gra\u0142 na pozycji prawego pomocnika lub napastnika. W klubie \u201ePoganiaczy\u201d gra\u0142 r\u00f3wnie\u017c starszy brat Micha\u0142a Mieczys\u0142aw kt\u00f3rego nazywano \u201eSzczurkiem\u201d Micha\u0142a natomiast nazywano: \u201eHanin\u201d, \u201eKorabian\u201d, \u201eKownacki\u201d, \u201eMarcinkiewicz\u201d, \u201eMarcinkowski\u201d, \u201eMotylewski\u201d, \u201eMyszkowski\u201d oraz \u201eSkowro\u0144ski\u201d lecz najpopularniejszym pseudonimem na boisku by\u0142o \u201eMyszka\u201d poniewa\u017c by\u0142 szybkim i zwinnym zawodnikiem dobrze wyszkolonym technicznie. Zazwyczaj jedynym sposobem dla obro\u0144c\u00f3w dru\u017cyny przeciwnej aby zatrzyma\u0107 \u201eMyszk\u0119\u201d by\u0142 faul przez co Micha\u0142 by\u0142 cz\u0119sto nara\u017cany na kontuzje.<\/p>\n<p>Gdyby nie agresywne zachowania przeciwnik\u00f3w Matyas zdoby\u0142 by o wiele wi\u0119cej bramek w swojej karierze. We lwowskiej Pogoni \u201ePan Myszka\u201d zdoby\u0142 100 bramek w 156 meczach co jest bardzo dobrym wynikiem. Bez w\u0105tpienia fundament Pogoni w latach 30.<\/p>\n<p>Pogo\u0144 z Matyasem w sk\u0142adzie nie zdoby\u0142a Mistrzostwa Polski, lecz by\u0142a blisko tego wyczynu w 1932,1933 i 1935 roku kiedy ko\u0144czy\u0142a sezon na drugim miejscu. Wcze\u015bniej \u201ePoganiacze\u201d zdobywali tytu\u0142 mistrzowski w 1922,1923,1925,1926.<\/p>\n<p>W sezonie 1935 walka o tytu\u0142 mistrzowski toczy\u0142a si\u0119 do ostatniej kolejki w kt\u00f3rej Pogo\u0144 gra\u0142a na wyje\u017adzie z Wart\u0105 Pozna\u0144. \u201eMyszka\u201d strzeli\u0142 hat-tricka ale to nie pomog\u0142y by Lwowiacy wygrali, mecz zako\u0144czy\u0142 si\u0119 zwyci\u0119stwem Warty 5-3. Mistrzem zosta\u0142 Ruch Chorz\u00f3w a Pogo\u0144 zaj\u0119\u0142a 2 miejsce. Po meczu z Wart\u0105 Micha\u0142 Matyas powiedzia\u0142: \u201eMecz by\u0142 bardzo ci\u0119\u017cki, mogli\u015bmy go wygra\u0107, ty\u0142y pu\u015bci\u0142y przynajmniej trzy bramki, a trudno strzeli\u0107 trzy. \u201eWarta\u201d gra\u0142a ostro i twardo\u201d Do wicemistrzostwa kraju Matyas dorzuci\u0142 w tym sezonie tytu\u0142 kr\u00f3la strzelc\u00f3w zdobywaj\u0105c 22 bramki. Pierwszy zawodnik Pogoni Lw\u00f3w kt\u00f3ry zosta\u0142 najlepszym strzelcem ligi.<\/p>\n<p>Micha\u0142 Matyas by\u0142 darzony wielkim szacunkiem i podziwem we Lwowie, kr\u00f3l tego miasta, cz\u0119sto przebywa\u0142 w restauracji George gdzie wszyscy Mu si\u0119 k\u0142aniali, by\u0142 uwielbiany przez batiarzy czyli lwowskich ludzi ulicy, kt\u00f3rzy z drzewa w okolicy stadionu Pogoni podziwiali gr\u0119 &#8222;Pana Myszki&#8221;.<\/p>\n<p>\u201eWybitny technik, kt\u00f3ry uwielbia\u0142 o\u015bmieszaj\u0105c przeciwnik\u00f3w, za ci go potem cz\u0119sto brutalnie faulowali. St\u0105d nieustannie walczy\u0142 z kontuzjami&#8221;- Kazimierz Trampisz- pi\u0142karz Polonii Bytom.<\/p>\n<h3><span class=\"ez-toc-section\" id=\"W_reprezentacji_Polski\"><\/span><strong>W reprezentacji Polski<\/strong><span class=\"ez-toc-section-end\"><\/span><\/h3>\n<p><img decoding=\"async\" src=\"\/CuteNews\/uploads\/Micha%C5%82_Matyas_1_historiawisly.p.jpg\" alt=\"\" data-cke-saved-src=\"\/CuteNews\/uploads\/Micha\u0142_Matyas_1_historiawisly.p.jpg\" \/>Ten wspania\u0142y zawodnik zosta\u0142 zauwa\u017cony przez sztab szkoleniowy reprezentacji Polski z J\u00f3zefem Ka\u0142u\u017c\u0105 na czele i tak Matyas zosta\u0142 powo\u0142any na mecz ze Szwecj\u0105. Spotkanie odby\u0142o si\u0119 10 lipca 1932 roku w Warszawie, \u201eMyszka\u201d rozegra\u0142 pe\u0142ne 90 minut a Polska wygra\u0142a 2-0. Pierwsza bramk\u0119 dla reprezentacji zdoby\u0142 ju\u017c w drugim swoim meczu 2 pa\u017adziernika 1932 w spotkaniu z Rumuni\u0105 w Bukareszcie. Polacy wygrali 5-0 a wynik otworzy\u0142 w\u0142a\u015bnie zawodnik Pogoni w 2 minucie.Przegl\u0105d Sportowy pisa\u0142 w\u00f3wczas: \u201ePo kilku pi\u0119knych, przyziemnych podaniach tr\u00f3jki \u015brodkowej, bieg Matjasa ko\u0144czy si\u0119 pewnym strza\u0142em i pi\u0119kn\u0105 bramk\u0105 ju\u017c w drugiej minucie gry.\u201d<\/p>\n<p>Na kolejne bramki w reprezentacji Matyas musia\u0142 czeka\u0107 do 1935 roku kiedy to w swoim 8 wyst\u0119pie w kadrze w meczu z Austri\u0105 rozegranym w Wiedniu 12 maja a wi\u0119c w dniu \u015bmierci marsza\u0142ka J\u00f3zefa Pi\u0142sudskiego zdoby\u0142 2 gole a spotkanie zako\u0144czy\u0142o si\u0119 zwyci\u0119stwem Austriak\u00f3w 5-2. Strzela\u0142 jeszcze gole w meczach z Jugos\u0142awi\u0105 (2-3) 18 sierpnia i Austri\u0105 6 pa\u017adziernika 1935 roku oraz 6 wrze\u015bnia 1936 z \u0141otw\u0105 (3-3). Ostatniego gola dla reprezentacji zdoby\u0142 4 lipca 1937 w przegranym meczu z Rumuni\u0105 (2-4).<\/p>\n<p>\u0141\u0105cznie w reprezentacji Matyas zagra\u0142 w 18 meczach w kt\u00f3rych zdoby\u0142 7 goli. Wyst\u0105pi\u0142 w meczach eliminacyjnych do Mundialu 1934 oraz zagra\u0142 r\u00f3wnie\u017c na Igrzyskach Olimpijskich w 1936 roku w Berlinie w meczu o 3 miejsce z Norwegi\u0105.(przegrana 2-3).<\/p>\n<p>Matyas by\u0142 tak\u017ce kapitanem dru\u017cyny narodowej co \u015bwiadczy o jego autorytecie i osobowo\u015bci. W\u00f3wczas w kadrze grali wybitni zawodnicy tacy jak: Spirydion Jan Alba\u0144ski, JozefGarbe\u0144, Wac\u0142aw Kuchar.<\/p>\n<h3><span class=\"ez-toc-section\" id=\"Wojna\"><\/span><strong>Wojna<\/strong><span class=\"ez-toc-section-end\"><\/span><\/h3>\n<p>Pogo\u0144 Lw\u00f3w z Matyasem w sk\u0142adzie 20 sierpnia 1939 przegra\u0142a 1-2 w Warszawie z Poloni\u0105. Kilka dni p\u00f3\u017aniej wybuch\u0142a II wojna \u015bwiatowa i nie doko\u0144czono rozgrywek.<\/p>\n<p>Lw\u00f3w zosta\u0142 w\u0142\u0105czony do ZSRR Polskie kluby przesta\u0142y dzia\u0142a\u0107, Matyas zacz\u0105\u0142 gra\u0142 w Nafciarzu Borys\u0142aw. Wed\u0142ug r\u00f3\u017cnych przekaz\u00f3w grywa\u0142 r\u00f3wnie\u017c w Dynamie Lw\u00f3w, lecz nie jest to jednoznacznie potwierdzone bowiem zawodnik u\u017cywa\u0142 swoich boiskowych przezwisk, inne przekazy m\u00f3wi\u0105 natomiast \u017ce klub Dynamo nie prowadzi\u0142 swojej dzia\u0142alno\u015bci.<\/p>\n<p>Trener Dynama Kij\u00f3w Michai\u0142 Butusow zaprosi\u0142 do prowadzonego przez siebie zespo\u0142u kilku Polak\u00f3w i tak od sezonu 1941 \u201eMyszka\u201d rozpocz\u0105\u0142 gr\u0119 w Kijowskim Dynamie ale pod zmienionym imieniem i nazwiskiem kt\u00f3re brzmia\u0142y- Michai\u0142 Matias a powodem takiej zmiany by\u0142 bowiem rozkaz sowieckiego kierownictwa sportowego kt\u00f3re za\u017c\u0105da\u0142o aby Polacy mieli bardziej radziecko brzmi\u0105ce nazwiska.<\/p>\n<p>Obok Matyasa w Dynami grali r\u00f3wnie\u017c inni Polacy: Tadeusz Jedynak, Aleksander Skoce\u0144, Oleg \u0141ajewski, Antoni Idzikowski, Konstanty Szczegodzki i Wiktor Szy\u0142owsk, a tak\u017ce sam Kazimierz G\u00f3rski.<\/p>\n<p>W sezonie 1941 z kt\u00f3rym wi\u0105zano spore nadzieje w lidze ZSRR rozegrano jedynie 6 mecz\u00f3w w kt\u00f3rych by\u0142y gracz Pogoni Lw\u00f3w strzeli\u0142 dwie bramki. Rozgrywki zosta\u0142y przerwane poniewa\u017c jak wiemy 22 czerwca III Rzesza wypowiedzia\u0142a wojn\u0119 ZSRR. Tego dnia a by\u0142a to niedziela planowano huczne otwarcie nowego stadionu Dynama Kij\u00f3w. Stadion mia\u0142 zosta\u0107 nazwany imienia Chruszczowa.. Planowano wyst\u0119py artystyczne i kulturowe, z ca\u0142ego kraju zje\u017cd\u017cali si\u0119 ludzie a uroczysto\u015b\u0107 mia\u0142 zwie\u0144czy\u0107 mecz pomi\u0119dzy Dynamem a CSKA Moskwa w kt\u00f3rym wg protoko\u0142u przedmeczowego mia\u0142 zagra\u0107 Micha\u0142 Matyas.<\/p>\n<p>Tak dzie\u0144 22.06.1941 w swej ksi\u0105\u017cce opisa\u0142 Aleksandr Skoce\u0144- polski pi\u0142karz Dynama:<\/p>\n<p>\u201eCa\u0142y sportowy Kij\u00f3w \u017cy\u0142 uroczystym otwarciem stadionu, i my starannie przygotowywali\u015bmy si\u0119 do gry z niebezpiecznymi wojskowymi z Moskwy. (..)W niedziel\u0119, 22 czerwca 1941 roku, wczesnym rankiem rozbudzi\u0142y nas g\u0142uche, gwa\u0142towne wybuchy. Wpierw jeden, a potem drugi, trzeci. Domem, w kt\u00f3rym mieszkali\u015bmy, kilka razy silnie wstrz\u0105sn\u0119\u0142o, zadzwoni\u0142y szyby okienne. Minut\u0119 p\u00f3\u017aniej wszystko to powt\u00f3rzy\u0142o si\u0119, i nagle ucich\u0142o. W domu ju\u017c nikt nie spa\u0142&#8230;&#8221;<\/p>\n<p>W wyniku zawirowa\u0144 wojny Matyas wr\u00f3ci\u0142 do Lwowa gdzie gra\u0142 we lwowskich klubach. Prawdopodobnie unikn\u0105\u0142 dzi\u0119ki temu \u015bmierci. Dynamo Kij\u00f3w ju\u017c bez Matyasa w sezonie 1942 rozegra\u0142o 15 spotka\u0144 z dru\u017cynami w\u0119gierskimi i niemieckimi. 16 sierpnia po wygranym 3-0 meczu z Ruchem zawodnik\u00f3w Dynama z donosu jako by\u0142ych cz\u0142onk\u00f3w NKWD zatrzymano i osadzono w obozie koncentracyjnym w dzielnicy Syrec. 17 maja 1943 czterech by\u0142ych koleg\u00f3w Matyasa z Dynama rozstrzelono. By\u0142a to zemsta za wysadzenie budynk\u00f3w zajmowanych przez okupanta.<\/p>\n<h3><span class=\"ez-toc-section\" id=\"Bytom\"><\/span><strong>Bytom<\/strong><span class=\"ez-toc-section-end\"><\/span><\/h3>\n<p>Po II wojnie \u015bwiatowej Lw\u00f3w przesta\u0142 nale\u017ce\u0107 do Polski. Polak\u00f3w przesiedlono a Micha\u0142 Matyas z rodzin\u0105 zamieszka\u0142 w Bytomiu gdzie rozpocz\u0105\u0142 prac\u0119 jako kierownik miejskiego k\u0105pieliska. Kontynuowa\u0142 karier\u0119 pi\u0142karsk\u0105 w Polonii Bytom kt\u00f3ra przej\u0119\u0142a barwy po lwowskiej Pogoni. Ju\u017c w I meczu towarzyskim z Ruchem \u201eMyszka zdoby\u0142 4 gole a polonia wygra\u0142a 6-3. Micha\u0142 Matyas zosta\u0142 wybrany w 1945 pi\u0142karzem roku na \u015al\u0105sku. W bytomskiej Polonii gra\u0142 do ko\u0144ca swojej kariery pi\u0142karskiej czyli do 1948, potem zosta\u0142 pomocnikiem trenera.<\/p>\n<p>Micha\u0142 Matyas to cz\u0142owiek z silnym charakterem i gor\u0105cym temperamentem, w szatni odnoszono si\u0119 do niego z szacunkiem i nikt z m\u0142odszych graczy nie m\u00f3g\u0142 pozwoli\u0107 sobie na traktowanie Go na r\u00f3wni z sob\u0105. Jeden z Polonist\u00f3w pisa\u0142 relacje meczowe do jednej z gazet w kt\u00f3rych wyszczeg\u00f3lnia\u0142 sw\u00f3j wk\u0142ad w gr\u0119 zespo\u0142u, Matyasowi si\u0119 to nie podoba\u0142o i pewnego razu pr\u00f3bowa\u0142 wepchn\u0105\u0107 Mu gazet\u0119 do ust.<\/p>\n<p>Na jednym z mecz\u00f3w zez\u0142o\u015bci\u0142 si\u0119 na s\u0119dziego i uczy\u0142 Go jak ma macha\u0107 chor\u0105giewk\u0105. Lecz najwi\u0119kszym wybuchem nerwowo\u015bci Myszki by\u0142o wydarzenie z 21 pa\u017adziernika 1945 podczas meczu z Ruchem Chorz\u00f3w. Zawodnik Chorzowian Edward Lasecki kt\u00f3ry przez ca\u0142y mecz przeszkadza\u0142 Matyasowi 20 minut przed ko\u0144cem sfaulowa\u0142 Go i wydar\u0142 si\u0119: \u201e Ty polska \u015bwinio!\u201d. Zawodnik Polonii Bytom natychmiast spoliczkowa\u0142 zawodnika \u201eNiebieskich\u201d za co zosta\u0142 wyrzucony z boiska. Kibice Polonii obecni na meczu wypychali swojego zawodnika na boisko i kazali mu wraca\u0107. Dosz\u0142o do zamieszek i dopiero ostrzegawcze u\u017cycie przez Milicj\u0119 broni palnej doprowadzi\u0142o do porz\u0105dku.<\/p>\n<p>Prasa nie pozostawi\u0142a suchej nitki na Matyasie. Przegl\u0105d Sportowy tak pisa\u0142 o tym wydarzeniu: \u201eDla nas Matyas przesta\u0142 od tej chwili istnie\u0107 jako sportowiec i ka\u017cda inna kara w tym wypadku by\u0142aby za \u0142agodn\u0105. Reprezentacyjny zawodnik Polski, kt\u00f3ry na ka\u017cdym meczu powoduje awantur\u0119, zako\u0144czon\u0105 w dw\u00f3ch wypadkach zniewa\u017ceniem przeciwnika, na nic innego liczy\u0107 nie mo\u017ce.\u201d OZPP ukara\u0142 Matyasa 6-miesi\u0119czn\u0105 kar\u0105. Kolejny boiskowy wybryk naszego bohatera mia\u0142 miejsce w czerwcu 1946 podczas turnieju z okazji 40-lecia Cracovii, w meczu Polonia-Wis\u0142a jeden z pi\u0142karzy Polonii uderzy\u0142 rywala lecz s\u0119dzia nie widzia\u0142 kto to zrobi\u0142 i kaza\u0142 kapitanowi dru\u017cyny kt\u00f3rym by\u0142 Micha\u0142 Matyas wskaza\u0107 winnego, ten odm\u00f3wi\u0142 i z wyzywa\u0142 s\u0119dziego.<\/p>\n<h3><span class=\"ez-toc-section\" id=\"Trener\"><\/span><strong>Trener<\/strong><span class=\"ez-toc-section-end\"><\/span><\/h3>\n<p><img decoding=\"async\" src=\"\/CuteNews\/uploads\/Micha%C5%82_matyas1952_Helsinki_Mamo%C5%84_Matyas_Jaskowski_historiawisly.p.jpg\" alt=\"micha\u0142 matyas\" data-cke-saved-src=\"\/CuteNews\/uploads\/Micha\u0142_matyas1952_Helsinki_Mamo\u0144_Matyas_Jaskowski_historiawisly.p.jpg\" \/>Po zako\u0144czeniu kariery pi\u0142karskiej Micha\u0142 Matyas zacz\u0105\u0142 przygod\u0119 z \u201etrenerk\u0105\u201d. Pierwszym klubem by\u0142 AKS Chorz\u00f3w. W grudniu 1950 obj\u0105\u0142 na cztery lata posad\u0119 w Wi\u015ble Krak\u00f3w z kt\u00f3r\u0105 wygra\u0142 lig\u0119 w 1951 ale tytu\u0142 przyznano Ruchowi. W 1953 Wis\u0142a zaj\u0119\u0142a 3 miejsce. Nast\u0119pnym miejscem pracy by\u0142ego pi\u0142karza by\u0142a Warta Pozna\u0144 a p\u00f3\u017aniej Stal Mielec (1957-1958) z kt\u00f3r\u0105 by\u0142 blisko do awansu do I ligi. Do Mielca powr\u00f3ci\u0142 na rok w 1962.<\/p>\n<p>Wcze\u015bniej trenowa\u0142 jeszcze pi\u0142karzy Cracovii (1959-1961). W tamtych czasach reprezentacje narodowe by\u0142y prowadzone przez Kapitanat Zwi\u0105zkowy czyli zesp\u00f3\u0142 trener\u00f3w. Micha\u0142 Matyas dwu-krotnie by\u0142 liderem tej grupy- w 1952 podczas dw\u00f3ch mecz\u00f3w reprezentacji na Igrzyskach Olimpijskich z Francj\u0105 (2-1 w Lahti) i z Dani\u0105 (0-2 w Turku), oraz w 1954 w wygranym 1-0 meczu z NRD. Pracowa\u0142 tak\u017ce w dru\u017cynach m\u0142odzie\u017cowych reprezentacji.<\/p>\n<p>W 1964 Matyas sta\u0142 si\u0119 trenerem Polonii Bytom z kt\u00f3r\u0105 zdoby\u0142 w 1965 Puchar Rappana (p\u00f3\u017aniejszy Pucharze Intertoto), po tym tryumfie Poloni\u015bci zostali zaproszeni do turnieju International Soccer League w USA gdzie w finale pokonali Dukl\u0119 Praga. W latach 1966-1967 Pan Myszka ju\u017c samodzielnie prowadzi\u0142 reprezentacj\u0119 Polski- pierwszy trener-selekcjoner. W 9 meczach odni\u00f3s\u0142 2 wygrane, 3 remisy, 4 pora\u017cki.<\/p>\n<p>Po przygodzie z reprezentacj\u0105 zn\u00f3w zwi\u0105za\u0142 si\u0119 z Cracovi\u0105 a p\u00f3\u017aniej z G\u00f3rnikiem Zabrze. To w\u0142a\u015bnie pod wodz\u0105 Matyasa G\u00f3rnik osi\u0105gn\u0105\u0142 najwi\u0119kszy sukces w polskiej pi\u0142ce klubowej. W Pucharze Zdobywc\u00f3w Puchar\u00f3w niesamowity pojedynek z AS Roma zako\u0144czony szcz\u0119\u015bliwym rzutem monety i przegrany fina\u0142 z Manchesterem City. W 1970 G\u00f3rnik zdoby\u0142 Puchar Polski, by\u0142 to 3 fina\u0142 lecz 1 wygrany przez Micha\u0142a Matyasa. Po G\u00f3rniku Zabrze w pracy trenerskiej po raz drugi by\u0142a Wis\u0142a Krak\u00f3w i po raz 3 Cracovia. Ostatnim klubem kt\u00f3ry by\u0142y \u201ePogonista\u201d prowadzi\u0142 by\u0142 zesp\u00f3\u0142 Czarni Jas\u0142o w 1974.<\/p>\n<p>Micha\u0142 Matyas zaliczany jest dzi\u015b do najwybitniejszych trener\u00f3w polskich powojennego trzydziestolecia. Zmar\u0142 w Krakowie 22 pa\u017adziernika 1975 i tam te\u017c jest pochowany.<\/p>\n<table class=\" cke_show_border\" border=\"0\" cellspacing=\"1\" cellpadding=\"1\" align=\"center\">\n<tbody>\n<tr>\n<td colspan=\"4\"><strong>Mecze Micha\u0142a Matyasa w reprezentacji Polski<\/strong><\/td>\n<\/tr>\n<tr>\n<td>&nbsp;<\/td>\n<td>&nbsp;<\/td>\n<td>&nbsp;<\/td>\n<td>&nbsp;<\/td>\n<\/tr>\n<tr>\n<td>10.07.1932<\/td>\n<td>Polska-Szwajcaria<\/td>\n<td>2-0<\/td>\n<td>90\u2019<\/td>\n<\/tr>\n<tr>\n<td>02.10.1932<\/td>\n<td>Rumunia-Polska<\/td>\n<td>0-5<\/td>\n<td>45\u2019 gol<\/td>\n<\/tr>\n<tr>\n<td>04.06.1933<\/td>\n<td>Polska-Belgia<\/td>\n<td>0-1<\/td>\n<td>32\u2019<\/td>\n<\/tr>\n<tr>\n<td>15.10.1933<\/td>\n<td>Polska-Czechos\u0142owacja<\/td>\n<td>1-2<\/td>\n<td>90\u2019<\/td>\n<\/tr>\n<tr>\n<td>03.12.1933<\/td>\n<td>Niemcy-Polska<\/td>\n<td>1-0<\/td>\n<td>90\u2019<\/td>\n<\/tr>\n<tr>\n<td>21.05.1934<\/td>\n<td>Dania-Polska<\/td>\n<td>4-2<\/td>\n<td>90\u2019<\/td>\n<\/tr>\n<tr>\n<td>23.05.1934<\/td>\n<td>Szwecja-Polska<\/td>\n<td>4-2<\/td>\n<td>90\u2019<\/td>\n<\/tr>\n<tr>\n<td>12.05.1935<\/td>\n<td>Austria-Polska<\/td>\n<td>5-2<\/td>\n<td>90\u2019 gol x2<\/td>\n<\/tr>\n<tr>\n<td>18.08.1935<\/td>\n<td>Polska-Jugos\u0142awia<\/td>\n<td>2-3<\/td>\n<td>90\u2019 gol<\/td>\n<\/tr>\n<tr>\n<td>06.10.1935<\/td>\n<td>Polska-Austria<\/td>\n<td>1-0<\/td>\n<td>90\u2019 gol<\/td>\n<\/tr>\n<tr>\n<td>03.11.1935<\/td>\n<td>Rumunia-Polska<\/td>\n<td>4-1<\/td>\n<td>90\u2019<\/td>\n<\/tr>\n<tr>\n<td>16.02.1936<\/td>\n<td>Belgia-Polska<\/td>\n<td>0-2<\/td>\n<td>90\u2019<\/td>\n<\/tr>\n<tr>\n<td>13.08.1936<\/td>\n<td>Norwegia- Polska<\/td>\n<td>3-2<\/td>\n<td>90\u2019<\/td>\n<\/tr>\n<tr>\n<td>06.09.1936<\/td>\n<td>\u0141otwa- Polska<\/td>\n<td>3-3<\/td>\n<td>90\u2019 gol<\/td>\n<\/tr>\n<tr>\n<td>13.09.1936<\/td>\n<td>Polska-Niemcy<\/td>\n<td>1-1<\/td>\n<td>90\u2019<\/td>\n<\/tr>\n<tr>\n<td>04.07.1937<\/td>\n<td>Polska-Rumunia<\/td>\n<td>2-4<\/td>\n<td>90\u2019 gol<\/td>\n<\/tr>\n<tr>\n<td>12.09.1937<\/td>\n<td>Polska-Dania<\/td>\n<td>3-1<\/td>\n<td>90\u2019<\/td>\n<\/tr>\n<tr>\n<td>22.01.1939<\/td>\n<td>Francja- Polska<\/td>\n<td>4-0<\/td>\n<td>90\u2019<\/td>\n<\/tr>\n<tr>\n<td>&nbsp;<\/td>\n<td>&nbsp;<\/td>\n<td>&nbsp;<\/td>\n<td>&nbsp;<\/td>\n<\/tr>\n<tr>\n<td>&nbsp;<\/td>\n<td>&nbsp;<\/td>\n<td>&nbsp;<\/td>\n<td>&nbsp;<\/td>\n<\/tr>\n<\/tbody>\n<\/table>\n<table class=\" cke_show_border\" border=\"0\" cellspacing=\"1\" cellpadding=\"1\" align=\"center\">\n<tbody>\n<tr>\n<td colspan=\"7\"><strong>Mecze reprezentacji Polski pod wodz\u0105 Micha\u0142a Matyasa:<\/strong><\/td>\n<\/tr>\n<tr>\n<td>1967-10-29<\/td>\n<td>Krak\u00f3w<\/td>\n<td>Polska &#8211; Rumunia<\/td>\n<td>0-0<\/td>\n<td>MT<\/td>\n<\/tr>\n<tr>\n<td>1967-10-08<\/td>\n<td>Bruksela<\/td>\n<td>Belgia &#8211; Polska<\/td>\n<td>2-4<\/td>\n<td>EME 1968<\/td>\n<\/tr>\n<tr>\n<td>1967-09-17<\/td>\n<td>Warszawa<\/td>\n<td>Polska &#8211; Francja<\/td>\n<td>1-4<\/td>\n<td>EME 1968<\/td>\n<\/tr>\n<tr>\n<td>1967-08-04<\/td>\n<td>Moskwa<\/td>\n<td>ZSRR &#8211; Polska<\/td>\n<td>2-4<\/td>\n<td>EIO 1968<\/td>\n<\/tr>\n<tr>\n<td>1967-07-28<\/td>\n<td>Wroc\u0142aw<\/td>\n<td>Polska &#8211; ZSRR<\/td>\n<td>0-1<\/td>\n<td>EIO 1968<\/td>\n<\/tr>\n<tr>\n<td>1967-05-21<\/td>\n<td>Chorz\u00f3w<\/td>\n<td>Polska &#8211; Belgia<\/td>\n<td>3-1<\/td>\n<td>EME 1968<\/td>\n<\/tr>\n<tr>\n<td>1967-04-16<\/td>\n<td>Luksemburg<\/td>\n<td>Luksemburg &#8211; Polska<\/td>\n<td>0-0<\/td>\n<td>EME 1968<\/td>\n<\/tr>\n<tr>\n<td>1966-12-03<\/td>\n<td>Jaffa<\/td>\n<td>Izrael &#8211; Polska<\/td>\n<td>0-0<\/td>\n<td>MT<\/td>\n<\/tr>\n<tr>\n<td>1966-11-17<\/td>\n<td>Ploeszti<\/td>\n<td>Rumunia &#8211; Polska<\/td>\n<td>4-3<\/td>\n<td>MT<\/td>\n<\/tr>\n<tr>\n<td colspan=\"7\">MT- mecz towarzyski, EME- eliminacje mistrzostw Europy, EIO- eliminacje Igrzysk Olimpijskich<\/td>\n<\/tr>\n<\/tbody>\n<\/table>\n<p>&nbsp;<\/p>\n<p>\u0179r\u00f3d\u0142a:<\/p>\n<p>cit.muzeum.brzozow.pl<\/p>\n<p>dk.com.ua<\/p>\n<p>zdj\u0119cia:<\/p>\n<p>historiawisly.pl<\/p>\n","protected":false},"excerpt":{"rendered":"<p>&#8222;Pan Myszka&#8221;- Micha\u0142 Matyas &#8211; Lw\u00f3w to mekka polskiego futbolu. To tutaj powsta\u0142 pierwszy polski klub-Lechia Lw\u00f3w w 1903 roku, to tutaj urodzili si\u0119 i stawiali pierwsze pi\u0142karskie kroki wybitni polscy pi\u0142karze. Jednym z zawodnik\u00f3w kt\u00f3ry dorasta\u0142 i gra\u0142 we Lwowie by\u0142 Micha\u0142 Matyas- olimpijczyk z Berlina 1936, kapitan reprezentacji, kr\u00f3l strzelc\u00f3w Ligi Polskiej, trener. [&hellip;]<\/p>\n","protected":false},"author":3,"featured_media":0,"comment_status":"open","ping_status":"open","sticky":false,"template":"","format":"standard","meta":{"_acf_changed":false,"footnotes":""},"categories":[129],"tags":[254,255],"class_list":["post-3440","post","type-post","status-publish","format-standard","hentry","category-artykul","tag-lwow","tag-michal-matyas"],"acf":[],"_links":{"self":[{"href":"https:\/\/kronika-futbolu.pl\/historia\/wp-json\/wp\/v2\/posts\/3440","targetHints":{"allow":["GET"]}}],"collection":[{"href":"https:\/\/kronika-futbolu.pl\/historia\/wp-json\/wp\/v2\/posts"}],"about":[{"href":"https:\/\/kronika-futbolu.pl\/historia\/wp-json\/wp\/v2\/types\/post"}],"author":[{"embeddable":true,"href":"https:\/\/kronika-futbolu.pl\/historia\/wp-json\/wp\/v2\/users\/3"}],"replies":[{"embeddable":true,"href":"https:\/\/kronika-futbolu.pl\/historia\/wp-json\/wp\/v2\/comments?post=3440"}],"version-history":[{"count":3,"href":"https:\/\/kronika-futbolu.pl\/historia\/wp-json\/wp\/v2\/posts\/3440\/revisions"}],"predecessor-version":[{"id":14064,"href":"https:\/\/kronika-futbolu.pl\/historia\/wp-json\/wp\/v2\/posts\/3440\/revisions\/14064"}],"wp:attachment":[{"href":"https:\/\/kronika-futbolu.pl\/historia\/wp-json\/wp\/v2\/media?parent=3440"}],"wp:term":[{"taxonomy":"category","embeddable":true,"href":"https:\/\/kronika-futbolu.pl\/historia\/wp-json\/wp\/v2\/categories?post=3440"},{"taxonomy":"post_tag","embeddable":true,"href":"https:\/\/kronika-futbolu.pl\/historia\/wp-json\/wp\/v2\/tags?post=3440"}],"curies":[{"name":"wp","href":"https:\/\/api.w.org\/{rel}","templated":true}]}}