{"id":3537,"date":"2015-06-22T14:14:04","date_gmt":"2015-06-22T12:14:04","guid":{"rendered":"https:\/\/kronika-futbolu.pl\/historia\/?p=3537"},"modified":"2015-06-22T14:14:04","modified_gmt":"2015-06-22T12:14:04","slug":"polacy-podbijaja-europe-zapowiedz-ksiazki-o-klubie-gwardia-warszawa","status":"publish","type":"post","link":"https:\/\/kronika-futbolu.pl\/historia\/polacy-podbijaja-europe-zapowiedz-ksiazki-o-klubie-gwardia-warszawa\/","title":{"rendered":"Polacy podbijaj\u0105 Europ\u0119 \u2013 zapowied\u017a ksi\u0105\u017cki o klubie Gwardia Warszawa"},"content":{"rendered":"<div>\n<p align=\"justify\">Dok\u0142adnie<strong> 20 wrze\u015bnia 2015 roku minie 60. lat<\/strong> od startu pierwszego polskiego zespo\u0142u w europejskich pucharach. To w\u0142a\u015bnie tego dnia <strong>Gwardia Warszaw<\/strong>a zmierzy\u0142a si\u0119 w 1\/8 fina\u0142u Pucharu Europejskich Mistrz\u00f3w Krajowych ze szwedzkim <strong>Djurg\u00e5rdens IF<\/strong>. Z tej okazji po wakacjach uka\u017ce si\u0119 ksi\u0105\u017cka po\u015bwi\u0119cona temu zas\u0142u\u017conemu, sto\u0142ecznemu klubowi.<\/p>\n<p align=\"justify\">Jej autorzy &#8211; Przemys\u0142aw Popek i Micha\u0142 Hasik, dokonaj\u0105 szczeg\u00f3\u0142owej rekonstrukcji los\u00f3w Gwardii Warszawa w europejskich pucharach. Przygotowuj\u0105c si\u0119 do napisania ksi\u0105\u017cki sp\u0119dzili wiele godzin na rozmowach z uczestnikami tamtych spotka\u0144, przeczytali kilkaset stron tom\u00f3w z wycinkami prasowymi oraz nawi\u0105zali kontakt z wieloma instytucjami i organizacjami. W ksi\u0105\u017cce, poza informacjami zaczerpni\u0119tymi z gazet oraz s\u0142ownych przekaz\u00f3w, pojawi si\u0119 obszerny, nie publikowany dotychczas materia\u0142 zdj\u0119ciowy na temat gwardyjskiego klubu oraz kompletne opracowanie statystyczne dotycz\u0105ce ich europejskich zmaga\u0144 &#8211; przygotowane dzi\u0119ki wsp\u00f3\u0142pracy ze Stowarzyszeniem Historyk\u00f3w i Statystyk\u00f3w Pi\u0142ki No\u017cnej. Ksi\u0105\u017cka ma by\u0107 \u015bwiadectwem tamtych czas\u00f3w &#8211; kronik\u0105 mi\u0119dzynarodowych potyczek ma\u0142ej dru\u017cyny o wielkim sercu, kt\u00f3ra w por\u00f3wnaniu ze swoimi wielkimi lokalnymi rywalami &#8211; Legi\u0105 i Poloni\u0105, przypomina\u0142a kopciuszka na kr\u00f3lewskim dworze. Historia jak z ameryka\u0144skiego filmu, niestety bez klasycznego happy endu, gdy\u017c klub obecnie znajduje si\u0119 w trudnej sytuacji finansowej. Jego obiekty popadaj\u0105 w ruin\u0119, zamykane s\u0105 kolejne sekcje, a zesp\u00f3\u0142 pi\u0142karski rywalizuje w A-klasie (si\u00f3dmy poziom rozgrywek).<\/p>\n<p align=\"justify\">Obecnie za pomoc\u0105 portalu PolakPotrafi.pl (https:\/\/polakpotrafi.pl\/<wbr>projekt\/gwardia-warszawa) zbierane s\u0105 niezb\u0119dne \u015brodki na wydanie opracowania. <strong><i>&#8211;<\/i><\/strong><i> <\/i><strong><i>Prosimy wszystkich kibic\u00f3w pi\u0142ki no\u017cnej i sportu w kraju o pomoc przy wydaniu ksi\u0105\u017cki. Parafrazuj\u0105c motto naszej fundacji &#8211; ocalmy bohater\u00f3w od zapomnienia!<\/i><\/strong> <strong>&#8211;<\/strong> apeluj\u0105 pomys\u0142odawcy projektu.<\/p>\n<p align=\"justify\">Autorzy prowadz\u0105 Fundacj\u0119 na rzecz Historii Polskiego Sportu, kt\u00f3rej zadaniem jest upowszechnianie wiedzy na temat wszystkich aspekt\u00f3w historii polskiego sportu, a tak\u017ce pomoc zas\u0142u\u017conym klubom oraz zawodnikom znajduj\u0105cym si\u0119 w trudnej sytuacji finansowej i materialnej. W ramach fundacji prowadzony jest portal SportowaHistoria.PL &#8211; jedyny taki serwis w kraju po\u015bwi\u0119cony w ca\u0142o\u015bci historii polskiego sportu. Za opracowanie statystyczne odpowiada Mariusz \u015awierczy\u0144ski ze Stowarzyszenia Historyk\u00f3w i Statystyk\u00f3w Pi\u0142ki No\u017cnej.<\/p>\n<p align=\"justify\">Wydawc\u0105 ksi\u0105\u017cki b\u0119dzie Fundacja na rzecz Historii Polskiego Sportu. Planowana data ukazania si\u0119 ksi\u0105\u017cki to jesie\u0144 2015 roku.<\/p>\n<p align=\"justify\"><b>Informacji na temat projektu udziela:<\/b><\/p>\n<p align=\"justify\"><b>Przemys\u0142aw Popek<\/b><\/p>\n<p align=\"justify\">prezes zarz\u0105du<\/p>\n<p align=\"justify\">Fundacji na rzecz Historii Polskiego Sportu<\/p>\n<p align=\"justify\">kom.: 534 171 799<\/p>\n<p align=\"justify\">e-mail: p.popek@sportowahistoria.pl<\/p>\n<p align=\"justify\">www.historiasportu.pl<\/p>\n<div> <\/div>\n<div> <\/div>\n<div> <\/div>\n<div> <\/div>\n<div> <\/div>\n<div> <\/div>\n<\/div>\n","protected":false},"excerpt":{"rendered":"<p>Dok\u0142adnie 20 wrze\u015bnia 2015 roku minie 60. lat od startu pierwszego polskiego zespo\u0142u w europejskich pucharach. To w\u0142a\u015bnie tego dnia Gwardia Warszawa zmierzy\u0142a si\u0119 w 1\/8 fina\u0142u Pucharu Europejskich Mistrz\u00f3w Krajowych ze szwedzkim Djurg\u00e5rdens IF. Z tej okazji po wakacjach uka\u017ce si\u0119 ksi\u0105\u017cka po\u015bwi\u0119cona temu zas\u0142u\u017conemu, sto\u0142ecznemu klubowi. Jej autorzy &#8211; Przemys\u0142aw Popek i Micha\u0142 [&hellip;]<\/p>\n","protected":false},"author":3,"featured_media":2171,"comment_status":"open","ping_status":"open","sticky":false,"template":"","format":"standard","meta":{"_acf_changed":false,"footnotes":""},"categories":[2,165,145,127],"tags":[264],"class_list":["post-3537","post","type-post","status-publish","format-standard","has-post-thumbnail","hentry","category-bez-kategorii","category-ekstraklasa","category-liga-europy","category-liga-mistrzow","tag-gwardia-warszawa"],"acf":[],"_links":{"self":[{"href":"https:\/\/kronika-futbolu.pl\/historia\/wp-json\/wp\/v2\/posts\/3537","targetHints":{"allow":["GET"]}}],"collection":[{"href":"https:\/\/kronika-futbolu.pl\/historia\/wp-json\/wp\/v2\/posts"}],"about":[{"href":"https:\/\/kronika-futbolu.pl\/historia\/wp-json\/wp\/v2\/types\/post"}],"author":[{"embeddable":true,"href":"https:\/\/kronika-futbolu.pl\/historia\/wp-json\/wp\/v2\/users\/3"}],"replies":[{"embeddable":true,"href":"https:\/\/kronika-futbolu.pl\/historia\/wp-json\/wp\/v2\/comments?post=3537"}],"version-history":[{"count":0,"href":"https:\/\/kronika-futbolu.pl\/historia\/wp-json\/wp\/v2\/posts\/3537\/revisions"}],"wp:featuredmedia":[{"embeddable":true,"href":"https:\/\/kronika-futbolu.pl\/historia\/wp-json\/wp\/v2\/media\/2171"}],"wp:attachment":[{"href":"https:\/\/kronika-futbolu.pl\/historia\/wp-json\/wp\/v2\/media?parent=3537"}],"wp:term":[{"taxonomy":"category","embeddable":true,"href":"https:\/\/kronika-futbolu.pl\/historia\/wp-json\/wp\/v2\/categories?post=3537"},{"taxonomy":"post_tag","embeddable":true,"href":"https:\/\/kronika-futbolu.pl\/historia\/wp-json\/wp\/v2\/tags?post=3537"}],"curies":[{"name":"wp","href":"https:\/\/api.w.org\/{rel}","templated":true}]}}