{"id":3553,"date":"2015-07-04T19:43:14","date_gmt":"2015-07-04T17:43:14","guid":{"rendered":"https:\/\/kronika-futbolu.pl\/historia\/?p=3553"},"modified":"2015-07-04T19:43:14","modified_gmt":"2015-07-04T17:43:14","slug":"peru-na-3-miejscu-copa-america","status":"publish","type":"post","link":"https:\/\/kronika-futbolu.pl\/historia\/peru-na-3-miejscu-copa-america\/","title":{"rendered":"Peru na 3 miejscu Copa America"},"content":{"rendered":"<p>Peru pokona\u0142o Paragwaj 2-0 w meczu o 3 miejsce Copa America, bramki: Andr\u00e9 Carrillo 48&#8242;, Paolo Guerrero 89&#8242; .<\/p>\n<p>W 2011 Peru r\u00f3wnie\u017c zaj\u0119\u0142o 3 miejsce, w\u00f3wczas w meczu o br\u0105z Peruwia\u0144czycy pokonali Wenezuel\u0119 4-1 a trzy gole zdoby\u0142 Paolo Guerrero kt\u00f3ry zosta\u0142 kr\u00f3lem strzelc\u00f3w z 5 bramkami, Guerrero trafi\u0142 r\u00f3wnie\u017c dzisiaj i ma 4 gole w tej edycji i lideruje w klasyfikacji strzelc\u00f3w z Vargasem.<\/p>\n<p>Peru zaj\u0119\u0142o III miecje na Copa America jeszcze w 1927, 1935, 1949, 1979, 1983, 2011.<\/p>\n<p>Fina\u0142 Copa America dzisiaj o 22.00 czasu polskiego.<\/p>\n","protected":false},"excerpt":{"rendered":"<p>Peru pokona\u0142o Paragwaj 2-0 w meczu o 3 miejsce Copa America, bramki: Andr\u00e9 Carrillo 48&#8242;, Paolo Guerrero 89&#8242; . W 2011 Peru r\u00f3wnie\u017c zaj\u0119\u0142o 3 miejsce, w\u00f3wczas w meczu o br\u0105z Peruwia\u0144czycy pokonali Wenezuel\u0119 4-1 a trzy gole zdoby\u0142 Paolo Guerrero kt\u00f3ry zosta\u0142 kr\u00f3lem strzelc\u00f3w z 5 bramkami, Guerrero trafi\u0142 r\u00f3wnie\u017c dzisiaj i ma 4 [&hellip;]<\/p>\n","protected":false},"author":3,"featured_media":3531,"comment_status":"open","ping_status":"open","sticky":false,"template":"","format":"standard","meta":{"_acf_changed":false,"footnotes":""},"categories":[176],"tags":[256,267,262],"class_list":["post-3553","post","type-post","status-publish","format-standard","has-post-thumbnail","hentry","category-copa-america","tag-copa-america-2015","tag-paragwaj","tag-peru"],"acf":[],"_links":{"self":[{"href":"https:\/\/kronika-futbolu.pl\/historia\/wp-json\/wp\/v2\/posts\/3553","targetHints":{"allow":["GET"]}}],"collection":[{"href":"https:\/\/kronika-futbolu.pl\/historia\/wp-json\/wp\/v2\/posts"}],"about":[{"href":"https:\/\/kronika-futbolu.pl\/historia\/wp-json\/wp\/v2\/types\/post"}],"author":[{"embeddable":true,"href":"https:\/\/kronika-futbolu.pl\/historia\/wp-json\/wp\/v2\/users\/3"}],"replies":[{"embeddable":true,"href":"https:\/\/kronika-futbolu.pl\/historia\/wp-json\/wp\/v2\/comments?post=3553"}],"version-history":[{"count":0,"href":"https:\/\/kronika-futbolu.pl\/historia\/wp-json\/wp\/v2\/posts\/3553\/revisions"}],"wp:featuredmedia":[{"embeddable":true,"href":"https:\/\/kronika-futbolu.pl\/historia\/wp-json\/wp\/v2\/media\/3531"}],"wp:attachment":[{"href":"https:\/\/kronika-futbolu.pl\/historia\/wp-json\/wp\/v2\/media?parent=3553"}],"wp:term":[{"taxonomy":"category","embeddable":true,"href":"https:\/\/kronika-futbolu.pl\/historia\/wp-json\/wp\/v2\/categories?post=3553"},{"taxonomy":"post_tag","embeddable":true,"href":"https:\/\/kronika-futbolu.pl\/historia\/wp-json\/wp\/v2\/tags?post=3553"}],"curies":[{"name":"wp","href":"https:\/\/api.w.org\/{rel}","templated":true}]}}