{"id":3638,"date":"2015-08-20T10:45:16","date_gmt":"2015-08-20T08:45:16","guid":{"rendered":"https:\/\/kronika-futbolu.pl\/historia\/?p=3638"},"modified":"2024-10-22T16:21:59","modified_gmt":"2024-10-22T14:21:59","slug":"johny-campbell-uczczenie-pamieci-relacja","status":"publish","type":"post","link":"https:\/\/kronika-futbolu.pl\/historia\/johny-campbell-uczczenie-pamieci-relacja\/","title":{"rendered":"Johny Campbell- uczczenie pami\u0119ci relacja"},"content":{"rendered":"<p>W sobot\u0119 15 sierpnia 2015 odby\u0142y si\u0119 uroczysto\u015bci ku pami\u0119ci by\u0142ego pi\u0142karza Celticu Johnego Campbella- o pi\u0142karzu i wydarzeniu mo\u017cecie przeczyta\u0107.<\/p>\n<p>W uroczysto\u015bciach opr\u00f3cz polskich kibic\u00f3w Celticu z grupy Polska CSC No.1 uczestniczy\u0142 konsul generalny RP. z Edynburga oraz przedstawiciel The Sikorski Polish Club.<br \/>\nCz\u0142onkom rodziny Campbell zosta\u0142a wr\u0119czona koszulka reprezentacji Polski z napisem na plecach Campbell. Zosta\u0142 r\u00f3wnie\u017c z\u0142o\u017cony bia\u0142o-czerwony wieniec na grobie. Na pocz\u0105tku ceremoni przedstawiciel Celticu przywita\u0142 wszystkich zgromadzonych w tym tak\u017ce Polak\u00f3w, p\u00f3\u017aniejsi m\u00f3wcy du\u017co nawi\u0105zywali do powi\u0105za\u0144 z Polsk\u0105, g\u0142os zabra\u0142 r\u00f3wnie\u017c jeden z cz<span class=\"text_exposed_show\">\u0142onk\u00f3w Polska CSC No.1<\/span><\/p>\n","protected":false},"excerpt":{"rendered":"<p>W sobot\u0119 15 sierpnia 2015 odby\u0142y si\u0119 uroczysto\u015bci ku pami\u0119ci by\u0142ego pi\u0142karza Celticu Johnego Campbella- o pi\u0142karzu i wydarzeniu mo\u017cecie przeczyta\u0107. W uroczysto\u015bciach opr\u00f3cz polskich kibic\u00f3w Celticu z grupy Polska CSC No.1 uczestniczy\u0142 konsul generalny RP. z Edynburga oraz przedstawiciel The Sikorski Polish Club. Cz\u0142onkom rodziny Campbell zosta\u0142a wr\u0119czona koszulka reprezentacji Polski z napisem na [&hellip;]<\/p>\n","protected":false},"author":3,"featured_media":3639,"comment_status":"open","ping_status":"open","sticky":false,"template":"","format":"standard","meta":{"_acf_changed":false,"footnotes":""},"categories":[129],"tags":[82,283,239,257,85,30],"class_list":["post-3638","post","type-post","status-publish","format-standard","has-post-thumbnail","hentry","category-artykul","tag-celtic","tag-celtic-graves","tag-glasgow","tag-jubileusz","tag-polishbhoys","tag-rocznica"],"acf":[],"_links":{"self":[{"href":"https:\/\/kronika-futbolu.pl\/historia\/wp-json\/wp\/v2\/posts\/3638","targetHints":{"allow":["GET"]}}],"collection":[{"href":"https:\/\/kronika-futbolu.pl\/historia\/wp-json\/wp\/v2\/posts"}],"about":[{"href":"https:\/\/kronika-futbolu.pl\/historia\/wp-json\/wp\/v2\/types\/post"}],"author":[{"embeddable":true,"href":"https:\/\/kronika-futbolu.pl\/historia\/wp-json\/wp\/v2\/users\/3"}],"replies":[{"embeddable":true,"href":"https:\/\/kronika-futbolu.pl\/historia\/wp-json\/wp\/v2\/comments?post=3638"}],"version-history":[{"count":1,"href":"https:\/\/kronika-futbolu.pl\/historia\/wp-json\/wp\/v2\/posts\/3638\/revisions"}],"predecessor-version":[{"id":13989,"href":"https:\/\/kronika-futbolu.pl\/historia\/wp-json\/wp\/v2\/posts\/3638\/revisions\/13989"}],"wp:featuredmedia":[{"embeddable":true,"href":"https:\/\/kronika-futbolu.pl\/historia\/wp-json\/wp\/v2\/media\/3639"}],"wp:attachment":[{"href":"https:\/\/kronika-futbolu.pl\/historia\/wp-json\/wp\/v2\/media?parent=3638"}],"wp:term":[{"taxonomy":"category","embeddable":true,"href":"https:\/\/kronika-futbolu.pl\/historia\/wp-json\/wp\/v2\/categories?post=3638"},{"taxonomy":"post_tag","embeddable":true,"href":"https:\/\/kronika-futbolu.pl\/historia\/wp-json\/wp\/v2\/tags?post=3638"}],"curies":[{"name":"wp","href":"https:\/\/api.w.org\/{rel}","templated":true}]}}