{"id":3725,"date":"2015-10-02T17:18:17","date_gmt":"2015-10-02T15:18:17","guid":{"rendered":"https:\/\/kronika-futbolu.pl\/historia\/?p=3725"},"modified":"2015-10-02T17:18:17","modified_gmt":"2015-10-02T15:18:17","slug":"kadra-na-szkocje-i-irlandie","status":"publish","type":"post","link":"https:\/\/kronika-futbolu.pl\/historia\/kadra-na-szkocje-i-irlandie\/","title":{"rendered":"Kadra na Szkocj\u0119 i Irlandi\u0119"},"content":{"rendered":"<p>Trener Adam Nawa\u0142ka poda\u0142 nazwiska powo\u0142anych pi\u0142karzy na ostatnie dwa mecze w eliminacjach Mistrzostw Europy 2016 ze Szkocj\u0105- 8.10 godz.20.45 i Irlandi\u0105 11.10 20.45.<\/p>\n<p><strong>Bramkarze<\/strong>: Artur Boruc 60\/0 (AFC Bournemouth, Anglia), \u0141ukasz Fabia\u0144ski 26\/0 (Swansea City AFC, Walia), Wojciech Szcz\u0119sny 23\/0 (AS Roma, W\u0142ochy), Przemys\u0142aw Tyto\u0144 13\/0 (VfB Stuttgart 1893, Niemcy).<\/p>\n<p><strong>Obro\u0144cy<\/strong>: Thiago Cionek 3\/0 (Modena FC 1912, W\u0142ochy), Kamil Glik 33\/3 (Torino FC, W\u0142ochy), Artur J\u0119drzejczyk 14\/2 (FK Krasnodar, Rosja), Pawe\u0142 Olkowski 11\/0 (1.FC K\u00f6ln, Niemcy), \u0141ukasz Piszczek 41\/2 (BV Borussia 1909, Niemcy), \u0141ukasz Szuka\u0142a 15\/1 (Osmanl\u0131spor FK, Turcja), Micha\u0142 Pazdan 11\/0 (Legia Warszawa), Jakub Wawrzyniak 44\/1 (Lechia Gda\u0144sk).<\/p>\n<p><strong>Pomocnicy<\/strong>: Jakub B\u0142aszczykowski 70\/15 (ACF Fiorentina, W\u0142ochy), Kamil Grosicki 29\/4 (Stade Rennais FC, Francja), Maciej Rybus 35\/2 (Tieriek Grozny, Rosja), Grzegorz Krychowiak 28\/1 (Sevilla FC, Hiszpania), Piotr Zieli\u0144ski 10\/3 (Empoli FC, W\u0142ochy), Krzysztof M\u0105czy\u0144ski 10\/1 (Wis\u0142a Krak\u00f3w), Ariel Borysiuk 10\/0 (Lechia Gda\u0144sk), Tomasz Jod\u0142owiec 38\/0 (Legia Warszawa), Bartosz Kapustka 1\/1 (Cracovia), Karol Linetty 6\/1 (Lech Pozna\u0144), Sebastian Mila 37\/8 (Lechia Gda\u0144sk), S\u0142awomir Peszko 33\/2 (Lechia Gda\u0144sk).<\/p>\n<p><strong>Napastnicy<\/strong>: Robert Lewandowski 70\/30 (FC Bayern M\u00fcnchen, Niemcy), Arkadiusz Milik 19\/9 (AFC Ajax, Holandia), Kamil Wilczek 0\/0 (Carpi FC 1909, W\u0142ochy), Artur Sobiech 11\/2 (Hannover 96, Niemcy).<\/p>\n","protected":false},"excerpt":{"rendered":"<p>Trener Adam Nawa\u0142ka poda\u0142 nazwiska powo\u0142anych pi\u0142karzy na ostatnie dwa mecze w eliminacjach Mistrzostw Europy 2016 ze Szkocj\u0105- 8.10 godz.20.45 i Irlandi\u0105 11.10 20.45. Bramkarze: Artur Boruc 60\/0 (AFC Bournemouth, Anglia), \u0141ukasz Fabia\u0144ski 26\/0 (Swansea City AFC, Walia), Wojciech Szcz\u0119sny 23\/0 (AS Roma, W\u0142ochy), Przemys\u0142aw Tyto\u0144 13\/0 (VfB Stuttgart 1893, Niemcy). Obro\u0144cy: Thiago Cionek 3\/0 [&hellip;]<\/p>\n","protected":false},"author":3,"featured_media":1665,"comment_status":"open","ping_status":"open","sticky":false,"template":"","format":"standard","meta":{"_acf_changed":false,"footnotes":""},"categories":[113],"tags":[142,287,288],"class_list":["post-3725","post","type-post","status-publish","format-standard","has-post-thumbnail","hentry","category-reprezentacja","tag-irlandia","tag-reprezentacja","tag-szkcoja"],"acf":[],"_links":{"self":[{"href":"https:\/\/kronika-futbolu.pl\/historia\/wp-json\/wp\/v2\/posts\/3725","targetHints":{"allow":["GET"]}}],"collection":[{"href":"https:\/\/kronika-futbolu.pl\/historia\/wp-json\/wp\/v2\/posts"}],"about":[{"href":"https:\/\/kronika-futbolu.pl\/historia\/wp-json\/wp\/v2\/types\/post"}],"author":[{"embeddable":true,"href":"https:\/\/kronika-futbolu.pl\/historia\/wp-json\/wp\/v2\/users\/3"}],"replies":[{"embeddable":true,"href":"https:\/\/kronika-futbolu.pl\/historia\/wp-json\/wp\/v2\/comments?post=3725"}],"version-history":[{"count":0,"href":"https:\/\/kronika-futbolu.pl\/historia\/wp-json\/wp\/v2\/posts\/3725\/revisions"}],"wp:featuredmedia":[{"embeddable":true,"href":"https:\/\/kronika-futbolu.pl\/historia\/wp-json\/wp\/v2\/media\/1665"}],"wp:attachment":[{"href":"https:\/\/kronika-futbolu.pl\/historia\/wp-json\/wp\/v2\/media?parent=3725"}],"wp:term":[{"taxonomy":"category","embeddable":true,"href":"https:\/\/kronika-futbolu.pl\/historia\/wp-json\/wp\/v2\/categories?post=3725"},{"taxonomy":"post_tag","embeddable":true,"href":"https:\/\/kronika-futbolu.pl\/historia\/wp-json\/wp\/v2\/tags?post=3725"}],"curies":[{"name":"wp","href":"https:\/\/api.w.org\/{rel}","templated":true}]}}