{"id":3737,"date":"2015-10-05T09:16:35","date_gmt":"2015-10-05T07:16:35","guid":{"rendered":"https:\/\/kronika-futbolu.pl\/historia\/?p=3737"},"modified":"2015-10-05T09:16:35","modified_gmt":"2015-10-05T07:16:35","slug":"po-raz-10-ze-szkocja","status":"publish","type":"post","link":"https:\/\/kronika-futbolu.pl\/historia\/po-raz-10-ze-szkocja\/","title":{"rendered":"Po raz 10 ze Szkocj\u0105"},"content":{"rendered":"<div>\n<p>We czwartek 8 pa\u017adziernika w 9 kolejce eliminacji Mistrzostw Europy 2016 Reprezentacja Polski zagra w Glasgow o 20.45 ze Szkocj\u0105. B\u0119dzie to 10 mecz obu dru\u017cyn w historii, 790 Reprezentacji Polski, 18 pod wodz\u0105 trenera Nawa\u0142ki.<\/p>\n<p><img decoding=\"async\" src=\"\/CuteNews\/uploads\/bilans_pl_sco.PNG\" alt=\"bilans historia mecz\u00f3w polska-szkocja euro 2016\" data-cke-saved-src=\"\/CuteNews\/uploads\/bilans_pl_sco.PNG\" \/><\/p>\n<\/div>\n","protected":false},"excerpt":{"rendered":"<p>We czwartek 8 pa\u017adziernika w 9 kolejce eliminacji Mistrzostw Europy 2016 Reprezentacja Polski zagra w Glasgow o 20.45 ze Szkocj\u0105. B\u0119dzie to 10 mecz obu dru\u017cyn w historii, 790 Reprezentacji Polski, 18 pod wodz\u0105 trenera Nawa\u0142ki.<\/p>\n","protected":false},"author":3,"featured_media":2673,"comment_status":"open","ping_status":"open","sticky":false,"template":"","format":"standard","meta":{"_acf_changed":false,"footnotes":""},"categories":[113],"tags":[37,166],"class_list":["post-3737","post","type-post","status-publish","format-standard","has-post-thumbnail","hentry","category-reprezentacja","tag-polska","tag-szkocja"],"acf":[],"_links":{"self":[{"href":"https:\/\/kronika-futbolu.pl\/historia\/wp-json\/wp\/v2\/posts\/3737","targetHints":{"allow":["GET"]}}],"collection":[{"href":"https:\/\/kronika-futbolu.pl\/historia\/wp-json\/wp\/v2\/posts"}],"about":[{"href":"https:\/\/kronika-futbolu.pl\/historia\/wp-json\/wp\/v2\/types\/post"}],"author":[{"embeddable":true,"href":"https:\/\/kronika-futbolu.pl\/historia\/wp-json\/wp\/v2\/users\/3"}],"replies":[{"embeddable":true,"href":"https:\/\/kronika-futbolu.pl\/historia\/wp-json\/wp\/v2\/comments?post=3737"}],"version-history":[{"count":0,"href":"https:\/\/kronika-futbolu.pl\/historia\/wp-json\/wp\/v2\/posts\/3737\/revisions"}],"wp:featuredmedia":[{"embeddable":true,"href":"https:\/\/kronika-futbolu.pl\/historia\/wp-json\/wp\/v2\/media\/2673"}],"wp:attachment":[{"href":"https:\/\/kronika-futbolu.pl\/historia\/wp-json\/wp\/v2\/media?parent=3737"}],"wp:term":[{"taxonomy":"category","embeddable":true,"href":"https:\/\/kronika-futbolu.pl\/historia\/wp-json\/wp\/v2\/categories?post=3737"},{"taxonomy":"post_tag","embeddable":true,"href":"https:\/\/kronika-futbolu.pl\/historia\/wp-json\/wp\/v2\/tags?post=3737"}],"curies":[{"name":"wp","href":"https:\/\/api.w.org\/{rel}","templated":true}]}}