{"id":3785,"date":"2015-11-08T09:01:44","date_gmt":"2015-11-08T08:01:44","guid":{"rendered":"https:\/\/kronika-futbolu.pl\/historia\/?p=3785"},"modified":"2015-11-08T09:01:44","modified_gmt":"2015-11-08T08:01:44","slug":"kadra-na-czechy-i-islandie","status":"publish","type":"post","link":"https:\/\/kronika-futbolu.pl\/historia\/kadra-na-czechy-i-islandie\/","title":{"rendered":"Kadra na Czechy i Islandi\u0119"},"content":{"rendered":"<p>Reprezentacja Polski rozegra dwa mecze towarzyskie- 13 listopada o 20.45 w Warszawie z Islandi\u0105 i 17 listopada tak\u017ce o 20.45 we Wroc\u0142awiu z Czechami. Trener Adam Nawa\u0142ka powo\u0142a\u0142 na te spotkania nast\u0119puj\u0105cych pi\u0142karzy:<\/p>\n<p><strong>Bramkarze<\/strong>: Artur Boruc 60\/0 (AFC Bournemouth, Anglia), \u0141ukasz Fabia\u0144ski 28\/0 (Swansea City AFC, Walia), Wojciech Szcz\u0119sny 23\/0 (AS Roma, W\u0142ochy), Przemys\u0142aw Tyto\u0144 13\/0 (VfB Stuttgart 1893, Niemcy).<\/p>\n<p><strong>Obro\u0144cy<\/strong>: Thiago Cionek 3\/0 (Modena FC 1912, W\u0142ochy), Kamil Glik 35\/3 (Torino FC, W\u0142ochy), Artur J\u0119drzejczyk 14\/2 (FK Krasnodar, Rosja), \u0141ukasz Piszczek 43\/2 (BV Borussia 1909, Niemcy), Maciej Rybus 36\/2 (Tieriek Grozny, Rosja), \u0141ukasz Szuka\u0142a 16\/1 (Osmanl\u0131spor FK, Turcja), Pawe\u0142 Dawidowicz 0\/0 (SL e Benfica, Portugalia), Micha\u0142 Pazdan 13\/0 (Legia Warszawa), Jakub Wawrzyniak 46\/1 (Lechia Gda\u0144sk).<\/p>\n<p><strong>Pomocnicy<\/strong>: Jakub B\u0142aszczykowski 72\/15 (ACF Fiorentina, W\u0142ochy), Kamil Grosicki 31\/4 (Stade Rennais FC, Francja), Grzegorz Krychowiak 30\/1 (Sevilla FC, Hiszpania), Arkadiusz Milik 20\/9 (AFC Ajax, Holandia), Piotr Zieli\u0144ski 103 (Empoli FC, W\u0142ochy), Ariel Borysiuk 10\/0 (Lechia Gda\u0144sk), Bartosz Kapustka (Cracovia), Karol Linetty 7\/1 (Lech Pozna\u0144), Sebastian Mila 37\/8 (Lechia Gda\u0144sk), Tomasz Jod\u0142owiec 39\/0 (Legia Warszawa), Krzysztof M\u0105czy\u0144ski 12\/1 (Wis\u0142a Krak\u00f3w), S\u0142awomir Peszko 34\/2 (Lechia Gda\u0144sk).<\/p>\n<p><strong>Napastnicy<\/strong>: Robert Lewandowski 72\/30 (FC Bayern M\u00fcnchen, Niemcy), Artur Sobiech 11\/2 (Hannover 96, Niemcy), Mariusz St\u0119pi\u0144ski 1\/0 (Ruch Chorz\u00f3w).<\/p>\n","protected":false},"excerpt":{"rendered":"<p>Reprezentacja Polski rozegra dwa mecze towarzyskie- 13 listopada o 20.45 w Warszawie z Islandi\u0105 i 17 listopada tak\u017ce o 20.45 we Wroc\u0142awiu z Czechami. Trener Adam Nawa\u0142ka powo\u0142a\u0142 na te spotkania nast\u0119puj\u0105cych pi\u0142karzy: Bramkarze: Artur Boruc 60\/0 (AFC Bournemouth, Anglia), \u0141ukasz Fabia\u0144ski 28\/0 (Swansea City AFC, Walia), Wojciech Szcz\u0119sny 23\/0 (AS Roma, W\u0142ochy), Przemys\u0142aw Tyto\u0144 [&hellip;]<\/p>\n","protected":false},"author":3,"featured_media":1665,"comment_status":"open","ping_status":"open","sticky":false,"template":"","format":"standard","meta":{"_acf_changed":false,"footnotes":""},"categories":[113],"tags":[292,291,37],"class_list":["post-3785","post","type-post","status-publish","format-standard","has-post-thumbnail","hentry","category-reprezentacja","tag-czechy","tag-islandia","tag-polska"],"acf":[],"_links":{"self":[{"href":"https:\/\/kronika-futbolu.pl\/historia\/wp-json\/wp\/v2\/posts\/3785","targetHints":{"allow":["GET"]}}],"collection":[{"href":"https:\/\/kronika-futbolu.pl\/historia\/wp-json\/wp\/v2\/posts"}],"about":[{"href":"https:\/\/kronika-futbolu.pl\/historia\/wp-json\/wp\/v2\/types\/post"}],"author":[{"embeddable":true,"href":"https:\/\/kronika-futbolu.pl\/historia\/wp-json\/wp\/v2\/users\/3"}],"replies":[{"embeddable":true,"href":"https:\/\/kronika-futbolu.pl\/historia\/wp-json\/wp\/v2\/comments?post=3785"}],"version-history":[{"count":0,"href":"https:\/\/kronika-futbolu.pl\/historia\/wp-json\/wp\/v2\/posts\/3785\/revisions"}],"wp:featuredmedia":[{"embeddable":true,"href":"https:\/\/kronika-futbolu.pl\/historia\/wp-json\/wp\/v2\/media\/1665"}],"wp:attachment":[{"href":"https:\/\/kronika-futbolu.pl\/historia\/wp-json\/wp\/v2\/media?parent=3785"}],"wp:term":[{"taxonomy":"category","embeddable":true,"href":"https:\/\/kronika-futbolu.pl\/historia\/wp-json\/wp\/v2\/categories?post=3785"},{"taxonomy":"post_tag","embeddable":true,"href":"https:\/\/kronika-futbolu.pl\/historia\/wp-json\/wp\/v2\/tags?post=3785"}],"curies":[{"name":"wp","href":"https:\/\/api.w.org\/{rel}","templated":true}]}}