{"id":4532,"date":"2016-02-21T12:51:10","date_gmt":"2016-02-21T11:51:10","guid":{"rendered":"https:\/\/kronika-futbolu.pl\/historia\/?p=4532"},"modified":"2016-02-21T12:51:10","modified_gmt":"2016-02-21T11:51:10","slug":"kartka-z-kalendarza-22-28-lutego","status":"publish","type":"post","link":"https:\/\/kronika-futbolu.pl\/historia\/kartka-z-kalendarza-22-28-lutego\/","title":{"rendered":"Kartka z kalendarza 22-28 lutego"},"content":{"rendered":"<p>W nadchodz\u0105cym tygodniu urodziny b\u0119d\u0105 obchodzi\u0107 min: <strong>Maciej Scherfchen,<\/strong> <strong>Park Ji-sung, <\/strong><strong>Emmanuel Adebayor,<\/strong> <strong>Carlos Alberto Parreira<\/strong>, <strong>Koo Ja Cheol<\/strong>, <strong>W\u0142odzimierz Luba\u0144ski.<\/strong><\/p>\n<p>W sobot\u0119 jubileusze za\u0142o\u017cenia \u015bwi\u0119towa\u0107 b\u0119d\u0105 Bayern Monachium i GKS Katowice.<\/p>\n<div>\n<p><strong>22 lutego<\/strong><\/p>\n<p>1969.02.22 Urodzi\u0142 si\u0119 <strong>Brian Laudrup<\/strong>, du\u0144ski pomocnik\/napastnik, mistrz Europy 1992, zdobywca Pucharu Konfederacji 1995, Ligi Mistrz\u00f3w 1994 z Milanem<\/p>\n<p>1984.02.22 Urodzi\u0142 si\u0119 <strong>Branislav Ivanovi\u0107<\/strong>, serbski obro\u0144ca, zdobywca Ligi Mistrz\u00f3w 2012 z Chelsea Londyn<\/p>\n<p>1936.02.22 Za\u0142o\u017cono malezyjski klub pi\u0142karski <strong>Selangor FA<\/strong>, 7-krotny mistrz Malezji<\/p>\n<\/div>\n<div>\n<p><strong>23 lutego<\/strong><\/p>\n<p>1914.02.23 We wsi Jaise\u0144 (obecnie dzielnica Ustrzyk Dolnych) urodzi\u0142 si\u0119 <strong>Jakub Smug<\/strong>, obro\u0144ca, zawodnik \u015awite\u017a Lw\u00f3w,Pogo\u0144 Stryj, Polonii Bytom, Lechii Gda\u0144sk z kt\u00f3r\u0105 awansowa\u0142 do ekstraklasy w 1948 (zm. 2010)<\/p>\n<p>1983.02.23 Urodzi\u0142 si\u0119 <strong>Mido,<\/strong> egipski napastnik, zdobywca Pucharu Narod\u00f3w Afryki 2006<\/p>\n<p>2000-02-23 <strong>Francja &#8211; Polska <\/strong> 1-0 MT Pary\u017c gol: Zinedine Zidane 87&#8242;<\/p>\n<p>23.02.1969 <strong>Legia Warszawa &#8211; \u00dajpesti TE<\/strong> 0:1 Puchar Miast Targowych 1\/8 fina\u0142u I mecz gol: Antal Dunai 85&#8242;<\/p>\n<p>2012..02.23 <strong>Standard Liege-Wis\u0142a Krak\u00f3w<\/strong> 0-0 Liga Europy 1\/16 fina\u0142u<\/p>\n<p>2012.02.23 <strong>Sporting Lizbona-Legia Warszawa<\/strong> 1-0 Liga Europy 1\/16 fina\u0142u gol: Mat\u00edas Fern\u00e1ndez 83&#8242;<\/p>\n<p><strong>24 lutego<\/strong><\/p>\n<p>1910.02.24 Za\u0142o\u017cono szwedzki klub pi\u0142karski <strong>Malm\u00f6 FF<\/strong> 16-krotny mistrz Szwecji<\/p>\n<p>1979.02.24 Urodzi\u0142 si\u0119 <strong>Maciej Scherfchen<\/strong>, pomocnik, zdobywca Pucharu polski 2001 z Poloni\u0105 W-wa i 2004 z Lechem Pozna\u0144<\/p>\n<p>1940.02.24 Urodzi\u0142 si\u0119 <strong>Denis Law<\/strong>, szkocki napastnik, zdobywca Pucharu Europy 1968<\/p>\n<p>2011.02.24 <strong>SC Braga-Lech Pozna\u0144<\/strong> 2-0 Liga Europy 1\/16 fina\u0142u bramki: Alan 8&#8242;, Lima 36&#8242;<\/p>\n<p><strong>25 lutego<\/strong><\/p>\n<p>1981.02.25 Urodzi\u0142 si\u0119<strong> \u0141ukasz Gargu\u0142a<\/strong>, pomocnik, mistrz Polski 2011 z Wis\u0142\u0105 Krak\u00f3w<\/p>\n<p>1981.02.25 Urodzi\u0142 si\u0119 <strong>Park Ji-sung<\/strong>, korea\u0144ski pomocnik, zdobywca Ligi Mistrz\u00f3w 2008, i klubowy mistrz \u015bwiata 2008 z Manchesterem Unit.<\/p>\n<p>1925.02.25 Urodzi\u0142 sie <strong>Konrad Kapler<\/strong>&#8211; wi\u0119cej o pi\u0142karzu tutaj:<\/p>\n<p><strong><a href=\"\/historia\/konrad-kapler-historia-polskich-pilkarzy-za-granica\/\">\/historia\/konrad-kapler-historia-polskich-pilkarzy-za-granica\/<\/a><\/strong><\/p>\n<p>1998-02-25 <strong>Izrael &#8211; Polska<\/strong> 2-0 MT Tel Awiw bramki: Jan Talesnikov 28&#8242;, Alon Harazi 83&#8242;<\/p>\n<p><strong>26 lutego<\/strong><\/p>\n<p>1946.02.26 Urodzi\u0142 si\u0119 <strong>Roman Jak\u00f3bczak<\/strong>, polski pomocnik, zdobywca 3 miejsca na mistrzostwach \u015bwiata 1974<\/p>\n<p>1973.02.26 Urodzi\u0142 si\u0119 <strong>Ole Gunnar Solskjar,<\/strong> norweski napastnik, zdobywca Ligi Mistrz\u00f3w 1999 z Manchetserm Unit.<\/p>\n<p>1979.02.26 Urodzi\u0142 si\u0119 <strong>Pedro Mendes<\/strong>, portugalski pomocnik, zdobywca Ligi Mistrz\u00f3w 2004 z FC Porto<\/p>\n<p>1983.02.26 Urodzi\u0142 si\u0119 <strong>Pepe<\/strong>, portugalski obro\u0144ca, obecnie zawodnik Realu Madryt, zdobywca min. Ligi Mistrz\u00f3w, Superpucharu Europy i Klubowego Mistrzostwa \u015awiata 2014<\/p>\n<p>1984.02.26 Urodzi\u0142 si\u0119 <strong>Emmanuel Adebayor,<\/strong> togijski napastnik, pi\u0142karz Afryki roku 2008, zawodnik Metz, Monaco, Arsenal, Manchester City, Real Madryt, Tottenham Hotspur, obecnie Crystal Palace<br \/>\n1997-02-26 <strong> Brazylia &#8211; Polska <\/strong> 4-2 MT Goiania bramki: Giovanni 8&#8242;, 27&#8242;, Ronaldo 48&#8242;,72&#8242;- Cezary Kucharski 86&#8242;, Marek Citko 90&#8242;<\/p>\n<p>26.02.1969 <strong>\u00dajpesti TE &#8211; Legia Warszawa <\/strong>2:2 Puchar Miast Targowych 1\/8 fina\u0142u rewan\u017c bramki: Antal Dunai 66&#8242;, P\u00e9ter Solymosi 75&#8242; &#8211; W\u0142adys\u0142aw Stachurski 40&#8242;, Janusz \u017bmijewski 42&#8242;<\/p>\n<p>2004.02.26 <strong>Dyskobolia Grodzisk Wlkp.-Girondins Bordeaux<\/strong> 0-1 Puchar UEFA III runda bramki: Marc Planus 41&#8242;, Marouane Chamakh 42&#8242;, Ivica Kri\u017eanac 64&#8242;-sam. Albert Riera 74&#8242;-k- Tomasz Wieszczycki 90&#8242;<\/p>\n<p>2009.02.26 <strong>Udinese Calcio-Lech Pozna\u0144 <\/strong>2-1 Puchar UEFA 1\/16 fina\u0142u bramki: Simone Pepe 57&#8242;, Antonio Di Natale 90&#8242; &#8211; Hern\u00e1n Rengifo Trigoso 12&#8242;<\/p>\n<p><strong>27 lutego<\/strong><\/p>\n<p>1900.02.27 Za\u0142o\u017cono klub pi\u0142karski <strong>Bayern Monachium<\/strong> 23-krotny mistrz Niemiec, zdobywca Ligi Mistrz\u00f3w\/Pucharu Europy: 1974,1975,1976,2001,2013, klubowy mistrz \u015bwiata 2013<\/p>\n<p>1964.02.27 Za\u0142o\u017cono <strong>GKS Katowice<\/strong>, zdobywca pucharu Polski 1986, 1991, 1993<\/p>\n<p>1929.02.27 Urodzi\u0142 si\u0119 <strong>Djalma Santos<\/strong>, brazylijski obro\u0144ca, mistrz \u015bwiata 1958,1962 (zm. 2013)<\/p>\n<p>1943.02.27 Urodzi\u0142 si\u0119<strong> Carlos Alberto Parreira<\/strong>, brazylijski trener pi\u0142karski, mistrz \u015bwiata 1994, Copa America 2004,Puchar Azji 1980 z Kuwejtem, 1988 z Arabi\u0105 Saudyjsk\u0105<\/p>\n<p>1978.02.27 Urodzi\u0142 si\u0119 <strong>Kacha Kaladze<\/strong>, gruzi\u0144ski obro\u0144ca, zdobywca Ligi Mistrz\u00f3w 2003,2007 z Milanem, klubowy mistrz \u015bwiata 2007<\/p>\n<p>1965.02.27 Urodzi\u0142 si\u0119 <strong>Oliver Reck<\/strong>, niemiecki bramkarz, mistrz Europy 1996(jako rezerwowy), br\u0105zowy medalista igrzysk 1988<\/p>\n<p>1979.02.27 Urodzi\u0142 si\u0119 <strong>Andrzej Niedzielan<\/strong>, napastnik, mistrz Polski 2008,2009 z Wis\u0142\u0105 Krak\u00f3w<\/p>\n<p>1989.02.27 Urodzi\u0142 si\u0119 <strong>Koo Ja Cheol<\/strong>, korea\u0144ski pomocnik, kr\u00f3l strzelc\u00f3w Pucharu Azji 2011- 5 bramek<\/p>\n<p>1980-02-27 <strong>Irak &#8211; Polska<\/strong> 1-1 MT Bagdad bramki: Mehdi Jassim Aboud 41&#8242;- Andrzej Pa\u0142asz 40&#8242;<\/p>\n<p>2008-02-27 <strong> Polska &#8211; Estonia<\/strong> 2-0 MT Wronki bramki: Rados\u0142aw Matusiak 38&#8242;, Tomasz Zahorski 72&#8242;<\/p>\n<p><strong>28 lutego<\/strong><\/p>\n<p>1941.02.28 Za\u0142o\u017cono klub <strong>Independiente Santa Fe<\/strong> 7-krotny mistrz Kolumbii<\/p>\n<p>1942.02.28 Urodzi\u0142 si\u0119 <strong>Dino Zoff<\/strong>, w\u0142oski, bramkarz, mistrz \u015bwiata 1982 i wicemistrz \u015bwiata 1970, mistrz Europy 1968<\/p>\n<p>1944.02.28 Urodzi\u0142 si\u0119 <strong>Sepp Maier<\/strong>, niemiecki pi\u0142karz, mistrz \u015bwiata 1974, zdobywca Pucharu Europy 1974,1975,1976 z Bayernem<\/p>\n<p>1947.02.28 Urodzi\u0142 si\u0119 <strong>W\u0142odzimierz Luba\u0144ski<\/strong>, napastnik, mistrz olimpijski 1974, mistrz Polski 1963,1964,1965,1966,1967,1971,1972 z G\u00f3rnikiem Zabrze, kr\u00f3l strzelc\u00f3w polskiej ligi 1966,1967,1968,1969, finalista Pucharu Zdobywc\u00f3w Puchar\u00f3w z 1970 r. oraz dwukrotny kr\u00f3l strzelc\u00f3w tych rozgrywek (1969\/70 oraz 1970\/71). Nikt wcze\u015bniej ani p\u00f3\u017aniej nie skopiowa\u0142 tego wyczynu!<\/p>\n<p>1974.02.28 Urodzi\u0142 si\u0119 <strong>Alexander Zickler<\/strong>, niemiecki napastnik, zdobywca Ligi Mistrz\u00f3w 2011 z Bayernem<\/p>\n<p>1977.02.28 Urodzi\u0142 si\u0119 <strong>Artur Wichniarek<\/strong>, polski napastnik, pi\u0142karz min. Lecha, Widzewa, Hert, Armini Bielefield<\/p>\n<p>1996-02-28 <strong>Chorwacja &#8211; Polska<\/strong> 2-1 MT Rijeka bramki: Elvis Brajkovi\u0107 23&#8242;, Igor Cvitanovi\u0107 88&#8242;- Henryk Ba\u0142uszy\u0144ski 18&#8242;<\/p>\n<p>2001-02-28 <strong>Polska &#8211; Szwajcaria<\/strong> 4-0 MT Larnaka bramki: Emmanuel Olisadebe 21&#8242;, Bartosz Karwan 45&#8242;, Tomasz Hajto 59&#8242;-k Jacek Krzyn\u00f3wek 90&#8242;<\/p>\n<p>1968.02.28 <strong>Manchester United- G\u00f3rnik Zabrze<\/strong> 2-0 Puchar Europy 1\/4 fina\u0142u bramki: George Best 61&#8242;, Brian Kidd 89&#8242;<\/p>\n<\/div>\n","protected":false},"excerpt":{"rendered":"<p>W nadchodz\u0105cym tygodniu urodziny b\u0119d\u0105 obchodzi\u0107 min: Maciej Scherfchen, Park Ji-sung, Emmanuel Adebayor, Carlos Alberto Parreira, Koo Ja Cheol, W\u0142odzimierz Luba\u0144ski. W sobot\u0119 jubileusze za\u0142o\u017cenia \u015bwi\u0119towa\u0107 b\u0119d\u0105 Bayern Monachium i GKS Katowice. 22 lutego 1969.02.22 Urodzi\u0142 si\u0119 Brian Laudrup, du\u0144ski pomocnik\/napastnik, mistrz Europy 1992, zdobywca Pucharu Konfederacji 1995, Ligi Mistrz\u00f3w 1994 z Milanem 1984.02.22 Urodzi\u0142 [&hellip;]<\/p>\n","protected":false},"author":3,"featured_media":0,"comment_status":"open","ping_status":"open","sticky":false,"template":"","format":"standard","meta":{"_acf_changed":false,"footnotes":""},"categories":[144],"tags":[143],"class_list":["post-4532","post","type-post","status-publish","format-standard","hentry","category-kartka-z-kalendarza","tag-kalendarium"],"acf":[],"_links":{"self":[{"href":"https:\/\/kronika-futbolu.pl\/historia\/wp-json\/wp\/v2\/posts\/4532","targetHints":{"allow":["GET"]}}],"collection":[{"href":"https:\/\/kronika-futbolu.pl\/historia\/wp-json\/wp\/v2\/posts"}],"about":[{"href":"https:\/\/kronika-futbolu.pl\/historia\/wp-json\/wp\/v2\/types\/post"}],"author":[{"embeddable":true,"href":"https:\/\/kronika-futbolu.pl\/historia\/wp-json\/wp\/v2\/users\/3"}],"replies":[{"embeddable":true,"href":"https:\/\/kronika-futbolu.pl\/historia\/wp-json\/wp\/v2\/comments?post=4532"}],"version-history":[{"count":0,"href":"https:\/\/kronika-futbolu.pl\/historia\/wp-json\/wp\/v2\/posts\/4532\/revisions"}],"wp:attachment":[{"href":"https:\/\/kronika-futbolu.pl\/historia\/wp-json\/wp\/v2\/media?parent=4532"}],"wp:term":[{"taxonomy":"category","embeddable":true,"href":"https:\/\/kronika-futbolu.pl\/historia\/wp-json\/wp\/v2\/categories?post=4532"},{"taxonomy":"post_tag","embeddable":true,"href":"https:\/\/kronika-futbolu.pl\/historia\/wp-json\/wp\/v2\/tags?post=4532"}],"curies":[{"name":"wp","href":"https:\/\/api.w.org\/{rel}","templated":true}]}}