{"id":4596,"date":"2016-03-06T11:38:29","date_gmt":"2016-03-06T10:38:29","guid":{"rendered":"https:\/\/kronika-futbolu.pl\/historia\/?p=4596"},"modified":"2016-03-06T11:38:29","modified_gmt":"2016-03-06T10:38:29","slug":"kartka-z-kalendarza-7-13-marca","status":"publish","type":"post","link":"https:\/\/kronika-futbolu.pl\/historia\/kartka-z-kalendarza-7-13-marca\/","title":{"rendered":"Kartka z kalendarza 7-13 marca"},"content":{"rendered":"<p>Kolejny tydzie\u0144 marca to min. rocznice za\u0142o\u017cenia klub\u00f3w: <strong>Chelsea FC,<\/strong> <strong>Debreczyn VSC,<\/strong> <strong>Villarreal C<\/strong>F.<\/p>\n<p><strong>7 marca<\/strong><\/p>\n<p>1939.03.07 Urodzi\u0142 si\u0119 <strong>Panajot Pano<\/strong>, alba\u0144ski pi\u0142karz, przez 15 lat zawodnik KF Partizani (zm. 2010)<\/p>\n<p>1947.03.07 Za\u0142o\u017cono kolumbijski klub pi\u0142karski <strong>Atl\u00e9tico Nacional Medell\u00edn<\/strong>.<\/p>\n<p>1973.03.07 Urodzi\u0142 si\u0119 <strong>Tomasz K\u0142os<\/strong>, obro\u0144ca, reprezentant Polski<\/p>\n<p>1979.03.07 <strong>Wis\u0142a Krak\u00f3w-Malm\u00f6 FF<\/strong> 2-1 Puchar Europy 1\/4 fina\u0142u bramki: Adam Nawa\u0142ka 26\u2019, Kazimierz Kmiecik 85\u2019- Hansson 13&#8242;<\/p>\n<p><strong>8 marca<\/strong><\/p>\n<p>1899.03.08 &#8211; Za\u0142o\u017cono klub pi\u0142karski <strong>Eintracht Frankfurt <\/strong>mistrz Niemiec 1959 i zdobywca pucharu UEFA 1980<\/p>\n<p>1949.03.08 Urodzi\u0142 si\u0119 <strong>Te\u00f3filo Cubillas<\/strong>, peruwia\u0144ski pomocnik, jeden z najlepszych pi\u0142karzy z Peru w historii<\/p>\n<p><strong>9 marca<\/strong><\/p>\n<p>1902.03.09 Za\u0142o\u017cono w\u0142oski klub pi\u0142karski <strong>Vicenza Calcio<\/strong>.<\/p>\n<p>1908.03.09 Za\u0142o\u017cono klub pi\u0142karski <strong>Inter Mediolan<\/strong> Klubowy mistrz \u015bwiata 2010, zdobywca Ligi Mistrz\u00f3w 1967, 1972,1964, 1965, 2010, 18-krotny mistrz W\u0142och<\/p>\n<p>1962.03.09 Urodzi\u0142 si\u0119 <strong>Jan Furtok,<\/strong> polski napastnik, zawodnik GKS Katowice, Hamburger SV<\/p>\n<p>1975.03.09 Urodzi\u0142 si\u0119 <strong>Roy Makaay,<\/strong> holenderski napastnik<\/p>\n<p><strong>10 marca<\/strong><\/p>\n<p>1905.03.10 Za\u0142o\u017cono londy\u0144ski klub pi\u0142karski <strong>Chelsea F.C<\/strong>. klubowy mistrz \u015bwiata 2012, zdobywca Ligi Mistrz\u00f3w 2012 4-krotny mistrz Anglii<\/p>\n<p>1923.03.10 Za\u0142o\u017cono hiszpa\u0144ski klub pi\u0142karski <strong>Villarreal CF<\/strong>.<\/p>\n<p>1964.03.10 Urodzi\u0142 si\u0119 <strong>Anton Polster,<\/strong> austriacki napastnik.<\/p>\n<p>1965.03.10 Urodzi\u0142 si\u0119 <strong>Jacek Grembocki<\/strong>, polski obro\u0144ca, trener, gra\u0142 w min G\u00f3rniku Zabrze, Lechii Gda\u0144sk a tak\u017ce w Wenezuelii w klubie Caracas FC przez kilka miesi\u0119cy.<\/p>\n<p>1973.03.10 Urodzi\u0142 si\u0119 <strong>Chris Sutton<\/strong>, angielski napastnik, zawodnik min. Norwich City, Blackburn Rovers, Celtic F.C.<\/p>\n<p>1981.03.10 Urodzi\u0142 si\u0119 <strong>Samuel Eto&#8217;o<\/strong>, kameru\u0144ski pi\u0142karz<br \/>\n1971.03.10 <strong>Atl\u00e9tico Madryt-Legia Warszawa<\/strong> 1-0 Puchar Europy 1\/4 fina\u0142u gol: Adelardo Rodr\u00edguez 21&#8242;<\/p>\n<p>1971.03.10 <strong>G\u00f3rnik Zabrze-Manchester City<\/strong> 2-0 PZP 1\/4 fina\u0142u w Chorzowie bramki: W\u0142odzimierz Luba\u0144ski 34&#8242;, Erwin Wilczek 40&#8242;<\/p>\n<p><strong>11 marca<\/strong><\/p>\n<p>1973.03.11 Urodzi\u0142 si\u0119 <strong>Tomasz Rz\u0105sa<\/strong>, obro\u0144ca, 36 mecz\u00f3w 1 gol w reprezentacji Polski<\/p>\n<p>1972.03.11 Urodzi\u0142 si\u0119 <strong>S\u0142awomir Gula<\/strong>, pomocnik, mistrz Polski 1996 z Widzewem \u0141\u00f3d\u017a<\/p>\n<p>1974.03.11 Urodzi\u0142 si\u0119 <strong>Remigiusz Soboci\u0144ski<\/strong>, napastnik,pucharu Polski 1998,1999,2000 z Amic\u0105 Wronki i pucharu ligi 2009 ze \u015al\u0105skiem Wroc\u0142aw<\/p>\n<p>1978.03.11 Urodzi\u0142 si\u0119 <strong>Didier Drogba<\/strong>, iworyjski pi\u0142karz, zdobywca Ligi Mistrz\u00f3w 2012 z Chelsea, pi\u0142karz roku w Afryce 2006,2009<\/p>\n<p><strong>12 marca<\/strong><\/p>\n<p>1886.03.12 Urodzi\u0142 si\u0119 <strong>Vittorio Pozzo<\/strong>, w\u0142oski trener pi\u0142karski, zdoby\u0142 z reprezentacj\u0105 mistrzostwo \u015bwiata 1934,1938 i z\u0142oto olimpijskie 1936 (zm. 1968)<br \/>\n1902.03.12 Za\u0142o\u017cono w\u0119gierski klub pi\u0142karski <strong>Debreczyn VSC<\/strong>.<\/p>\n<p>1911.03.12 Za\u0142o\u017cono klub pi\u0142karski <strong>Austria Wiede\u0144<\/strong>.<\/p>\n<p>1997-03-12 <strong>Czechy &#8211; Polska <\/strong> 2-1 MT Ostrawa bramki: Pavel Kuka 21&#8242;, Karel Rada 64&#8242;- Jacek Zieli\u0144ski 90&#8242;<\/p>\n<p><strong>13 marca<\/strong><\/p>\n<p>1932.03.13 <strong>Edward Szymkowiak<\/strong>, bramkarz mistrz Polski 1951 z Ruchem Chorz\u00f3w, 1955, 1956 Legi\u0105 Warszawa, 1962 Poloni\u0105 Bytom (zm. 1990)<\/p>\n<p>1971.03.13 Urodzi\u0142 si\u0119 <strong>Ryszard Staniek<\/strong>, pomocnik, srebrny medlaista Igrzysk 1992<\/p>\n<p>1973.03.13 Urodzi\u0142 si\u0119 <strong>Edgar Davids<\/strong>, holenderski pomocnik, zdobywca Pucharu Europy 1995 z Ajaxem<\/p>\n<p>1979.03.13 Urodzi\u0142 si\u0119 <strong>Arkadiusz G\u0142owacki<\/strong>, polski obro\u0144ca,mistrz Polski z Wis\u0142\u0105 2001,2003,2004,2005,2008,2009<br \/>\n1938-03-13 <strong>Szwajcaria &#8211; Polska<\/strong> 3-3 MT Zurych bramki: Lauro Amad\u00f2 31&#8242;, 54&#8242;, Andr\u00e9 Abegglen 88&#8242;-k &#8211; Ernest Wilimowski 13&#8242;, Jerzy Wostal 74&#8242;, Leonard Pi\u0105tek 85&#8242;<\/p>\n<p>1991-03-13 <strong>Polska &#8211; Finlandia<\/strong> 1-1 MT Warszawa bramki: Andrzej Lesiak 12&#8242;- Mika-Matti Paatelainen 20&#8242;<\/p>\n<p>1968.03.13 <strong>G\u00f3rnik Zabrze-Manchester United <\/strong>1-0 Puchar Europy 1\/4 fina\u0142u gol: W\u0142odzimierz Luba\u0144ski 72&#8242;<\/p>\n","protected":false},"excerpt":{"rendered":"<p>Kolejny tydzie\u0144 marca to min. rocznice za\u0142o\u017cenia klub\u00f3w: Chelsea FC, Debreczyn VSC, Villarreal CF. 7 marca 1939.03.07 Urodzi\u0142 si\u0119 Panajot Pano, alba\u0144ski pi\u0142karz, przez 15 lat zawodnik KF Partizani (zm. 2010) 1947.03.07 Za\u0142o\u017cono kolumbijski klub pi\u0142karski Atl\u00e9tico Nacional Medell\u00edn. 1973.03.07 Urodzi\u0142 si\u0119 Tomasz K\u0142os, obro\u0144ca, reprezentant Polski 1979.03.07 Wis\u0142a Krak\u00f3w-Malm\u00f6 FF 2-1 Puchar Europy 1\/4 [&hellip;]<\/p>\n","protected":false},"author":3,"featured_media":0,"comment_status":"open","ping_status":"open","sticky":false,"template":"","format":"standard","meta":{"_acf_changed":false,"footnotes":""},"categories":[144],"tags":[143,206],"class_list":["post-4596","post","type-post","status-publish","format-standard","hentry","category-kartka-z-kalendarza","tag-kalendarium","tag-kartka-z-kalendarza"],"acf":[],"_links":{"self":[{"href":"https:\/\/kronika-futbolu.pl\/historia\/wp-json\/wp\/v2\/posts\/4596","targetHints":{"allow":["GET"]}}],"collection":[{"href":"https:\/\/kronika-futbolu.pl\/historia\/wp-json\/wp\/v2\/posts"}],"about":[{"href":"https:\/\/kronika-futbolu.pl\/historia\/wp-json\/wp\/v2\/types\/post"}],"author":[{"embeddable":true,"href":"https:\/\/kronika-futbolu.pl\/historia\/wp-json\/wp\/v2\/users\/3"}],"replies":[{"embeddable":true,"href":"https:\/\/kronika-futbolu.pl\/historia\/wp-json\/wp\/v2\/comments?post=4596"}],"version-history":[{"count":0,"href":"https:\/\/kronika-futbolu.pl\/historia\/wp-json\/wp\/v2\/posts\/4596\/revisions"}],"wp:attachment":[{"href":"https:\/\/kronika-futbolu.pl\/historia\/wp-json\/wp\/v2\/media?parent=4596"}],"wp:term":[{"taxonomy":"category","embeddable":true,"href":"https:\/\/kronika-futbolu.pl\/historia\/wp-json\/wp\/v2\/categories?post=4596"},{"taxonomy":"post_tag","embeddable":true,"href":"https:\/\/kronika-futbolu.pl\/historia\/wp-json\/wp\/v2\/tags?post=4596"}],"curies":[{"name":"wp","href":"https:\/\/api.w.org\/{rel}","templated":true}]}}