{"id":4712,"date":"2016-04-03T10:03:08","date_gmt":"2016-04-03T08:03:08","guid":{"rendered":"https:\/\/kronika-futbolu.pl\/historia\/?p=4712"},"modified":"2016-04-03T10:03:08","modified_gmt":"2016-04-03T08:03:08","slug":"kartka-z-kalendarza-4-10-kwietnia","status":"publish","type":"post","link":"https:\/\/kronika-futbolu.pl\/historia\/kartka-z-kalendarza-4-10-kwietnia\/","title":{"rendered":"Kartka z kalendarza 4-10 kwietnia"},"content":{"rendered":"<p>Kartka z kalendarza 4-10 kwietnia<\/p>\n<div><strong>4 kwietnia<\/strong><\/div>\n<div><\/div>\n<div>\n<p>1909.04.04 Za\u0142o\u017cono brazylijski klub <strong>S.C. Internacional<\/strong> (Porto Alegre ) Klubowy Mistrz \u015awiata 2006<\/p>\n<\/div>\n<div>1954.04.04 Za\u0142o\u017cono portugalski klub <strong>FC Maia<\/strong>.<\/div>\n<div>1974.04.04 Urodzi\u0142 si\u0119 <strong>Tomasz Kos- <\/strong> obro\u0144ca, mistrz Polski 1998 z \u0141KS<\/div>\n<div>1976.04.04 Urodzi\u0142 si\u0119 <strong>Emerson<\/strong>, brazylijski pomocnik,wicemistrz \u015bwiata 1998<\/div>\n<div>1987.04.04 Urodzi\u0142 si\u0119 <strong>Sami Khedira<\/strong>, niemiecki pomocnik pochodzenia tunezyjskiego, mistrz \u015bwiata 2014, zdobywca Ligi Mistrz\u00f3w 2014 z Realem<\/div>\n<div><\/div>\n<div><\/div>\n<div>1979-04-04 <strong>Polska &#8211; W\u0119gry<\/strong> 1-1 MT Chorz\u00f3w bramki: Grzegorz Lato 58&#8242;- Tat\u00e1r Gy\u00f6rgy 72&#8242;<\/div>\n<div><\/div>\n<div>1948-04-04 <strong>Bu\u0142garia &#8211; Polska <\/strong>1-1 MT Sofia bramki: Trendafil Stankov 18&#8242;- Tadeusz Parpan 23&#8242;<\/div>\n<div><\/div>\n<div><\/div>\n<div><\/div>\n<div><strong>5 kwietnia<\/strong><\/div>\n<div><\/div>\n<div>\n<p>1898.04.05 Za\u0142o\u017cono angielski klub pi\u0142karski <strong>Portsmouth F.C.<\/strong><\/p>\n<\/div>\n<div>\n<p>1902.04.05 Podczas meczu pi\u0142karskiego Szkocja &#8211; Anglia na stadionie Ibrox Park w Glasgow w wyniku zawalenia trybuny<strong> zgin\u0119\u0142o 25 os\u00f3b<\/strong>.<\/p>\n<\/div>\n<div>1922.04.05 Urodzi\u0142 si\u0119 <strong>Tom Finney<\/strong>, angielski napastnik, zawodnik Preston North End w latach 1946-1960 (zm. 2014)<\/div>\n<div><\/div>\n<div><\/div>\n<div>1978-04-05 <strong>Polska &#8211; Grecja<\/strong> 5<span class=\"Apple-tab-span\">&#8211;<\/span>2 MT Pozna\u0144 bramki: Grzegorz Lato 12&#8242;, Kazimierz Deyna 18&#8242;,33&#8242;, W\u0142adys\u0142aw \u017bmuda 21&#8242;, Zbigniew Boniek 48&#8242;- Petros Karavitis 55&#8242;, Thomas Mavros 77&#8242;<\/div>\n<div><\/div>\n<div>\n<div><strong>6 kwietnia<\/strong><\/div>\n<div><\/div>\n<div>\n<p>1930.04.06 <strong>Dave Sexton<\/strong>, angielski napastnik, jako trener zdoby\u0142 z Chelsea Puchar Zdobywc\u00f3w Puchar\u00f3w 1971 (zm. 2012)<\/p>\n<\/div>\n<div>\n<p>1959.04.06 <strong>Pietro Vierchowod<\/strong>, w\u0142oski obro\u0144ca, mistrz \u015bwiata 1960<\/p>\n<\/div>\n<div>1965.04.06 Urodzi\u0142 si\u0119 <strong>Amedeo Carboni<\/strong>, w\u0142oski obro\u0144ca, zdobywca Pucharu UEFA 2004<\/div>\n<div><\/div>\n<div>1983.04.06 <strong>Juventus Turyn- Widzew \u0141\u00f3d\u017a <\/strong>2-0 bramki: Marco Tardelli 8&#8242;, Roberto Bettega 59&#8242; Puchar Europy p\u00f3\u0142fina\u0142<\/div>\n<div><\/div>\n<div><\/div>\n<div>\n<p><strong>7 kwietnia<\/strong><\/p>\n<p>1903.04.07 Za\u0142o\u017cono norweski klub pi\u0142karski <strong>Fredrikstad FK<\/strong>.<\/p>\n<p>1919.04.07 Za\u0142o\u017cono <strong>Francuski Zwi\u0105zek Pi\u0142ki No\u017cnej<\/strong> (FFF).<\/p>\n<p>1961.04.07 Urodzi\u0142 si\u0119 <strong>Luigi de Agostini,<\/strong> w\u0142oski obro\u0144ca, zdobywca Pucharu UEFA 1990<\/p>\n<p>1967.04.07 Urodzi\u0142 si\u0119 <strong>Bodo Illgner<\/strong>, niemiecki bramkarz, mistrz \u015bwiata 1990- pierwszy bramkarz kt\u00f3ry zachowa\u0142 czyste konto w finale Mistrzostw \u015awiata, zdobywca Ligi MIstrz\u00f3w z Realem Madryt 1997 i 2000<\/p>\n<p>1983.04.07 Urodzi\u0142 si\u0119<strong> Franck Rib\u00e9ry<\/strong>, francuski pomocnik, wicemistrz \u015bwiata 2006, zdobywca Ligi Mistrz\u00f3w 2013 z Bayernem Monachium<\/p>\n<p>1965-04-07 <strong>Belgia &#8211; Polska<\/strong> 0-0 Bruksela  MT<\/p>\n<p><strong>8 kwietnia<\/strong><\/p>\n<p>1926.04.08 Urodzi\u0142 si\u0119 <strong>Ladislav Pavlovi\u010d<\/strong>, s\u0142owacki pi\u0142karz, br\u0105zowy medalista Mistrzostw Europy 1960 z Czechos\u0142owacj\u0105 (zm. 2013)<\/p>\n<p>1950.04.08 Urodzi\u0142 si\u0119 <strong>Grzegorz Lato<\/strong>, polski pi\u0142karz, trener pi\u0142karski, senator RP, prezes Polskiego Zwi\u0105zku Pi\u0142ki No\u017cnej<\/p>\n<p>1972.04.08 Urodzi\u0142 si\u0119 <strong>Piotr \u015awierczewski,<\/strong> pomocnik wicemistrz olimpijski 1992, zdobywca Pucharu Polski, 1991,1993 z GKS Katowice, 2004 z Lechem, 2007 z Dyskoboli\u0105<\/p>\n<p>1975.04.08 Urodzi\u0142 si\u0119<strong> Dariusz Dudek<\/strong>, obor\u0144ca, brat Jurka Dudka, zawodnik min. Concordia Knur\u00f3w, GKS Katowice, Odra Wodzis\u0142aw \u015al\u0105ski, Legia Warszawa,<\/p>\n<p><strong>9 kwietnia<\/strong><\/p>\n<p>1966.04.09 Urodzi\u0142 si\u0119<strong> Thomas Doll<\/strong>, niemiecki pomocnik, wicemistrz Europy 1992, p\u00f3\u017aniej trener<\/p>\n<p>1978.04.09 Urodzi\u0142 si\u0119 <strong>Jorge Andrade<\/strong>, portugalski obro\u0144ca, wicemistrz Europy 2004<\/p>\n<p>1981.04.09 Urodzi\u0142 si\u0119 <strong>Ireneusz Jele\u0144<\/strong>, napastnik, zdobywca Pucharu Polski 2006 z Wis\u0142\u0105 P\u0142ock<\/p>\n<p>1984.04.09 Urodzi\u0142 si\u0119 <strong>Wojciech Skaba<\/strong>, bramkarz, mistrz Polski 2013 z Legi\u0105 Warszawa<br \/>\n<strong>10 kwietnia<\/strong><br \/>\n1913.04.10 Za\u0142o\u017cono bu\u0142garski klub pi\u0142karski <strong>Slawia Sofia<\/strong>.<\/p>\n<p>1926.04.10 Za\u0142o\u017cono norweski klub pi\u0142karski <strong>Bryne FK<\/strong>.<\/p>\n<p>1937.04.10 Za\u0142o\u017cono francuski klub pi\u0142karski <strong>N\u00eemes Olympique<\/strong>.<\/p>\n<p>1946.04.10 Za\u0142o\u017cono maroka\u0144ski klub pi\u0142karski <strong>FUS Rabat.<\/strong><\/p>\n<p>1973.04.10 Urodzi\u0142 si\u0119 <strong>Roberto Carlos<\/strong>, brazylijski obro\u0144ca,mistrz \u015bwiata 2002, wicemistrz\u015bwiata 1998<\/p>\n<p>1984.04.10 Urodzi\u0142 si\u0119<strong> Damien Perquis<\/strong><\/p>\n<\/div>\n<\/div>\n","protected":false},"excerpt":{"rendered":"<p>Kartka z kalendarza 4-10 kwietnia 4 kwietnia 1909.04.04 Za\u0142o\u017cono brazylijski klub S.C. Internacional (Porto Alegre ) Klubowy Mistrz \u015awiata 2006 1954.04.04 Za\u0142o\u017cono portugalski klub FC Maia. 1974.04.04 Urodzi\u0142 si\u0119 Tomasz Kos- obro\u0144ca, mistrz Polski 1998 z \u0141KS 1976.04.04 Urodzi\u0142 si\u0119 Emerson, brazylijski pomocnik,wicemistrz \u015bwiata 1998 1987.04.04 Urodzi\u0142 si\u0119 Sami Khedira, niemiecki pomocnik pochodzenia tunezyjskiego, mistrz [&hellip;]<\/p>\n","protected":false},"author":3,"featured_media":0,"comment_status":"open","ping_status":"open","sticky":false,"template":"","format":"standard","meta":{"_acf_changed":false,"footnotes":""},"categories":[144],"tags":[143],"class_list":["post-4712","post","type-post","status-publish","format-standard","hentry","category-kartka-z-kalendarza","tag-kalendarium"],"acf":[],"_links":{"self":[{"href":"https:\/\/kronika-futbolu.pl\/historia\/wp-json\/wp\/v2\/posts\/4712","targetHints":{"allow":["GET"]}}],"collection":[{"href":"https:\/\/kronika-futbolu.pl\/historia\/wp-json\/wp\/v2\/posts"}],"about":[{"href":"https:\/\/kronika-futbolu.pl\/historia\/wp-json\/wp\/v2\/types\/post"}],"author":[{"embeddable":true,"href":"https:\/\/kronika-futbolu.pl\/historia\/wp-json\/wp\/v2\/users\/3"}],"replies":[{"embeddable":true,"href":"https:\/\/kronika-futbolu.pl\/historia\/wp-json\/wp\/v2\/comments?post=4712"}],"version-history":[{"count":0,"href":"https:\/\/kronika-futbolu.pl\/historia\/wp-json\/wp\/v2\/posts\/4712\/revisions"}],"wp:attachment":[{"href":"https:\/\/kronika-futbolu.pl\/historia\/wp-json\/wp\/v2\/media?parent=4712"}],"wp:term":[{"taxonomy":"category","embeddable":true,"href":"https:\/\/kronika-futbolu.pl\/historia\/wp-json\/wp\/v2\/categories?post=4712"},{"taxonomy":"post_tag","embeddable":true,"href":"https:\/\/kronika-futbolu.pl\/historia\/wp-json\/wp\/v2\/tags?post=4712"}],"curies":[{"name":"wp","href":"https:\/\/api.w.org\/{rel}","templated":true}]}}