{"id":5722,"date":"2016-12-25T12:05:16","date_gmt":"2016-12-25T11:05:16","guid":{"rendered":"https:\/\/kronika-futbolu.pl\/historia\/?p=5722"},"modified":"2016-12-25T12:05:16","modified_gmt":"2016-12-25T11:05:16","slug":"kartka-z-kalendarza-26-grudnia-1stcyznia","status":"publish","type":"post","link":"https:\/\/kronika-futbolu.pl\/historia\/kartka-z-kalendarza-26-grudnia-1stcyznia\/","title":{"rendered":"Kartka z kalendarza 26 grudnia-1stcyznia"},"content":{"rendered":"<p>Kartka z kalendarza 26 grudnia-1 stcyznia<\/p>\n<p><strong>26 grudnia<\/strong><\/p>\n<p>1925.12.26 &#8211; Urodzi\u0142 si\u0119 <strong>Georg Buschner<\/strong>, niemiecki obro\u0144ca i trener pi\u0142karski, jako trener NRD mistrz olimpijski 1976 i zdobywca br\u0105zowego medalu na Igrzyskach 1972 (zm. 2007)<br \/>\n<span><\/span><br \/>\n<strong>27 grudnia<\/strong><br \/>\n<span><\/span><br \/>\n1889.12.27 Urodzi\u0142 si\u0119 <strong>W\u0142odzimierz Polaczek<\/strong>, pomocnik, jeden z wsp\u00f3\u0142za\u0142o\u017cycieli Wis\u0142y Krak\u00f3w, podstawowy zawodnik tej dru\u017cyny, uczestnik Mistrzostw Galicji, reprezentant Krakowa, zaliczany do tych pi\u0142karzy kt\u00f3rzy zostawiali du\u017co serca na boisku, za walk\u0119 z okupantem aresztowany i osadzony w obozie w Neuengamme gdzie zmar\u0142 w 1944.<span><\/span><br \/>\n1932.12.27 Urodzi\u0142 si\u0119 <strong>Jerzy Wo\u017aniak<\/strong>, polski obro\u0144ca, 2-krotny mistrz polski z Legi\u0105 1955,1956, uczestnik IO w Rzymie reprezentant Polski (zm. 2011) <span><\/span><\/p>\n<p>1950.12.27 <strong>Roberto Bettega<\/strong>, w\u0142oski napastnik w latach 1969-1983 zawodnik Juventusu Turyn<br \/>\n<span><\/span><br \/>\n<strong>28 grudnia<\/strong><br \/>\n<span><\/span><br \/>\n1965.12.28 &#8211; Za\u0142o\u017cono niemiecki klub pi\u0142karski <strong>FC Hansa Rostock<\/strong>.<span><\/span><br \/>\n1942.12.28 W Sanoku urodzi\u0142 si\u0119<strong> Orest Lenczyk<\/strong>, trener, 587 mecz\u00f3w w roli trenera klub\u00f3w polskiej ekstraklasy, mistrz Polski 1978 z Wis\u0142\u0105 Krak\u00f3w i 2012 ze \u015al\u0105skiem Wroc\u0142aw, Trener Roku 1990, 2006 wg tygodnika Pi\u0142ka No\u017cna<br \/>\n<span><\/span><br \/>\n<strong>29 grudnia<\/strong><br \/>\n1905.12.29 Przez ksi\u0119dza Ojca Ernesta Abb\u00e9 Deschampsa zosta\u0142 za\u0142o\u017cony francuski klub<strong> AJ Auxerre<\/strong>. Mistrz Francji 1996 i zdobywca Pucharu Francji 1994, 1996, 2003, 2005 <span><\/span><\/p>\n<p>1974.12.29 &#8211; Urodzi\u0142 si\u0119 <strong>Tomasz Bobel,<\/strong> polski bramkarz, zawodnik min \u015al\u0105ska, Duisburgaa, Erzgebirge Aue, Bayeru Leverkusen <span><\/span><\/p>\n<p><strong>30 grudnia<\/strong> <span><\/span>;<br \/>\n1946.12.30 Urodzi\u0142 si\u0119<strong> Berti Vogts<\/strong>, niemiecki obro\u0144ca, trener, zdobywca Pucharu UEFA Borussi\u0105 M\u00f6nchengladbach, mistrz \u015bwiata 1974, mistrz Europy 1972, jak trener mistrz \u015bwiata 1990 i Europy 1996, Jako jedyny zdoby\u0142 tytu\u0142 mistrza Europy zar\u00f3wno jako pi\u0142karz i jako szkoleniowiec. <span><\/span><br \/>\n1972.12.30 Urodzi\u0142 si\u0119<strong> Daniel Amokachi<\/strong>, nigeryjski napastnik, mistrz olimpijski 1996<br \/>\n<span><\/span><br \/>\n<strong>31 grudnia<\/strong><br \/>\n<span><\/span><br \/>\n1946.12.31 Urodzi\u0142 si\u0119<strong> Alex Ferguson<\/strong>, szkocki napastnik, trener, w latach 1986-2013 pracowa\u0142 w Manchesterze United z kt\u00f3rym zdoby\u0142 min. 13 tytu\u0142\u00f3w mistrza Anglii: 1993, 1994, 1996, 1997, 1999, 2000, 2001, 2003, 2007, 2008, 2009, 2011, 2013 i wygra\u0142 Lig\u0119 Mistrz\u00f3w w 1999 i 2008. <span><\/span><br \/>\n1947.12.31 &#8211; Urodzi\u0142 si\u0119 <strong>Eugeniusz Kolator<\/strong>, s\u0119dzia, dzia\u0142acz sportowy<br \/>\n<span><\/span><br \/>\n<strong>1 stycznia<\/strong><\/p>\n<p><span><\/span><\/p>\n<p>2006.01.01 &#8211; FIFA: zgodnie ze swym wnioskiem <strong>Australia<\/strong> przeniesiona zosta\u0142a z Konfederacji Pi\u0142karskiej Oceanii (OFC) do Azjatyckiej Konfederacji Pi\u0142karskiej (AFC).<\/p>\n<p><span><\/span><\/p>\n<p>1900.01.01 Urodzi\u0142 si\u0119 <strong>Mieczys\u0142aw Batsch<\/strong>, napastnik, reprezentant Polski, uczestnik Igrzysk Olimpijskich (zm. 1977), 4-krotny mistrz Polski z Pogoni\u0105 Lw\u00f3w.<\/p>\n<p>1945.01.01 Urodzi\u0142 si\u0119<strong> Zolt\u00e1n Varga<\/strong>, w\u0119gierski pomocnik, reprezentant W\u0119gier, mistrz olimpijski 1964 (zm. 2010)<\/p>\n<p>1946.01.01 Urodzi\u0142 si\u0119 <strong>Rivelino<\/strong>, brazylijski pomocnik, reprezentant Brazylii, mistrz \u015bwiata 1970<\/p>\n<p>1958.01.01 Urodzi\u0142 si\u0119<strong> Andrzej Zgutczy\u0144ski<\/strong>, napastnik, reprezentant Polski, mistrz Polski 1985 i 1986 z G\u00f3rnikiem Zabrze<\/p>\n","protected":false},"excerpt":{"rendered":"<p>Kartka z kalendarza 26 grudnia-1 stcyznia 26 grudnia 1925.12.26 &#8211; Urodzi\u0142 si\u0119 Georg Buschner, niemiecki obro\u0144ca i trener pi\u0142karski, jako trener NRD mistrz olimpijski 1976 i zdobywca br\u0105zowego medalu na Igrzyskach 1972 (zm. 2007) 27 grudnia 1889.12.27 Urodzi\u0142 si\u0119 W\u0142odzimierz Polaczek, pomocnik, jeden z wsp\u00f3\u0142za\u0142o\u017cycieli Wis\u0142y Krak\u00f3w, podstawowy zawodnik tej dru\u017cyny, uczestnik Mistrzostw Galicji, reprezentant [&hellip;]<\/p>\n","protected":false},"author":3,"featured_media":0,"comment_status":"open","ping_status":"open","sticky":false,"template":"","format":"standard","meta":{"_acf_changed":false,"footnotes":""},"categories":[144],"tags":[143],"class_list":["post-5722","post","type-post","status-publish","format-standard","hentry","category-kartka-z-kalendarza","tag-kalendarium"],"acf":[],"_links":{"self":[{"href":"https:\/\/kronika-futbolu.pl\/historia\/wp-json\/wp\/v2\/posts\/5722","targetHints":{"allow":["GET"]}}],"collection":[{"href":"https:\/\/kronika-futbolu.pl\/historia\/wp-json\/wp\/v2\/posts"}],"about":[{"href":"https:\/\/kronika-futbolu.pl\/historia\/wp-json\/wp\/v2\/types\/post"}],"author":[{"embeddable":true,"href":"https:\/\/kronika-futbolu.pl\/historia\/wp-json\/wp\/v2\/users\/3"}],"replies":[{"embeddable":true,"href":"https:\/\/kronika-futbolu.pl\/historia\/wp-json\/wp\/v2\/comments?post=5722"}],"version-history":[{"count":0,"href":"https:\/\/kronika-futbolu.pl\/historia\/wp-json\/wp\/v2\/posts\/5722\/revisions"}],"wp:attachment":[{"href":"https:\/\/kronika-futbolu.pl\/historia\/wp-json\/wp\/v2\/media?parent=5722"}],"wp:term":[{"taxonomy":"category","embeddable":true,"href":"https:\/\/kronika-futbolu.pl\/historia\/wp-json\/wp\/v2\/categories?post=5722"},{"taxonomy":"post_tag","embeddable":true,"href":"https:\/\/kronika-futbolu.pl\/historia\/wp-json\/wp\/v2\/tags?post=5722"}],"curies":[{"name":"wp","href":"https:\/\/api.w.org\/{rel}","templated":true}]}}