{"id":6301,"date":"2017-02-10T18:00:45","date_gmt":"2017-02-10T17:00:45","guid":{"rendered":"https:\/\/kronika-futbolu.pl\/historia\/?p=6301"},"modified":"2017-02-10T18:00:45","modified_gmt":"2017-02-10T17:00:45","slug":"wspomnienie-dzis-kazimierz-glabisz","status":"publish","type":"post","link":"https:\/\/kronika-futbolu.pl\/historia\/wspomnienie-dzis-kazimierz-glabisz\/","title":{"rendered":"Wspomnienie na dzi\u015b: Kazimierz Glabisz"},"content":{"rendered":"<h3>Wspomnienie na dzi\u015b: Kazimierz Glabisz<\/h3>\n<p>124 lata temu 10 lutego 1893 roku w miejscowo\u015bci Odolan\u00f3w w Wielkopolsce urodzi\u0142 si\u0119 Kazimierz Glabisz. W wielkim skr\u00f3cie mo\u017cna powiedzie\u0107, \u017ce by\u0142 genera\u0142em i dzia\u0142aczem sportowym.<\/p>\n<p>Ucz\u0119szcza\u0142 do Gimnazjum M\u0119skiego w Ostrowie gdzie nale\u017ca\u0142 do niepodleg\u0142o\u015bciowego Towarzystwa Tomasza Zana, by\u0142 wsp\u00f3\u0142za\u0142o\u017cycielem pierwszego czysto polskiego klubu pi\u0142karskiego w zaborze pruskim Venetia Ostr\u00f3w Wielkopolski.<\/p>\n<p>Studiowa\u0142 prawo oraz administracj\u0119 w Monachium, Poznaniu i we Wroc\u0142awiu. Uczestnik Powstawania Wielkopolskiego oraz kampanii wrze\u015bniowej 1939, po kt\u00f3rej przedosta\u0142 si\u0119 na W\u0119gry gdzie pomaga\u0142 polskim \u017co\u0142nierzom w ewakuacji na zach\u00f3d, sam przedosta\u0142 si\u0119 do Wielkiej Brytanii. Pe\u0142ni\u0142 wiele funkcji w Wojsku Polskim w okresie mi\u0119dzywojennym oraz podczas II wojny \u015bwiatowej.<\/p>\n<p>W latach 1928-1939 by\u0142 przewodnicz\u0105cym Polskiego Komitetu Olimpijskiego. W roku 1923 w 5 meczach by\u0142 cz\u0142onkiem komisji selekcyjnej Reprezentacji Polski. W latach 1930-1931 by\u0142 wiceprezesem PZPN a od 1937 do 1939 prezesem. A w okresie 1931-1936 delegatem PZPN na kongresy FIFA.<\/p>\n<p>Za jego prezesury w PZPN polska pi\u0142ka no\u017cna poczyni\u0142a du\u017ce post\u0119py, to w 1938 roku Polska zagra\u0142a po raz pierwszy na Mistrzostwach \u015awiata.<\/p>\n<p>Po wojnie pozosta\u0142 w UK gdzie udziela\u0142 si\u0119 jako dzia\u0142acz polonijny, spo\u0142eczny i sportowy. Publikowa\u0142 w prasie polonijnej. Zmar\u0142 25 listopada 1981 w Londynie a w 2008 roku Jego prochy zosta\u0142y sprowadzone do Odolanowa.<\/p>\n<p>foto: akokregkielce.pl<br \/>\n\u017ar\u00f3d\u0142a:<br \/>\n-w\u0142asne<br \/>\n-poland.us<br \/>\n-Encyklopedia FUJI Bia\u0142o-Czerwoni tom 2<\/p>\n","protected":false},"excerpt":{"rendered":"<p>Wspomnienie na dzi\u015b: Kazimierz Glabisz 124 lata temu 10 lutego 1893 roku w miejscowo\u015bci Odolan\u00f3w w Wielkopolsce urodzi\u0142 si\u0119 Kazimierz Glabisz. W wielkim skr\u00f3cie mo\u017cna powiedzie\u0107, \u017ce by\u0142 genera\u0142em i dzia\u0142aczem sportowym. Ucz\u0119szcza\u0142 do Gimnazjum M\u0119skiego w Ostrowie gdzie nale\u017ca\u0142 do niepodleg\u0142o\u015bciowego Towarzystwa Tomasza Zana, by\u0142 wsp\u00f3\u0142za\u0142o\u017cycielem pierwszego czysto polskiego klubu pi\u0142karskiego w zaborze pruskim [&hellip;]<\/p>\n","protected":false},"author":3,"featured_media":0,"comment_status":"open","ping_status":"open","sticky":false,"template":"","format":"standard","meta":{"_acf_changed":false,"footnotes":""},"categories":[2],"tags":[143],"class_list":["post-6301","post","type-post","status-publish","format-standard","hentry","category-bez-kategorii","tag-kalendarium"],"acf":[],"_links":{"self":[{"href":"https:\/\/kronika-futbolu.pl\/historia\/wp-json\/wp\/v2\/posts\/6301","targetHints":{"allow":["GET"]}}],"collection":[{"href":"https:\/\/kronika-futbolu.pl\/historia\/wp-json\/wp\/v2\/posts"}],"about":[{"href":"https:\/\/kronika-futbolu.pl\/historia\/wp-json\/wp\/v2\/types\/post"}],"author":[{"embeddable":true,"href":"https:\/\/kronika-futbolu.pl\/historia\/wp-json\/wp\/v2\/users\/3"}],"replies":[{"embeddable":true,"href":"https:\/\/kronika-futbolu.pl\/historia\/wp-json\/wp\/v2\/comments?post=6301"}],"version-history":[{"count":0,"href":"https:\/\/kronika-futbolu.pl\/historia\/wp-json\/wp\/v2\/posts\/6301\/revisions"}],"wp:attachment":[{"href":"https:\/\/kronika-futbolu.pl\/historia\/wp-json\/wp\/v2\/media?parent=6301"}],"wp:term":[{"taxonomy":"category","embeddable":true,"href":"https:\/\/kronika-futbolu.pl\/historia\/wp-json\/wp\/v2\/categories?post=6301"},{"taxonomy":"post_tag","embeddable":true,"href":"https:\/\/kronika-futbolu.pl\/historia\/wp-json\/wp\/v2\/tags?post=6301"}],"curies":[{"name":"wp","href":"https:\/\/api.w.org\/{rel}","templated":true}]}}