{"id":6323,"date":"2017-02-19T11:38:08","date_gmt":"2017-02-19T10:38:08","guid":{"rendered":"https:\/\/kronika-futbolu.pl\/historia\/?p=6323"},"modified":"2017-02-19T11:38:08","modified_gmt":"2017-02-19T10:38:08","slug":"pilkarska-kartka-z-kalendarza-20-26-luty-2017-tego-dnia-w-pilce-noznej","status":"publish","type":"post","link":"https:\/\/kronika-futbolu.pl\/historia\/pilkarska-kartka-z-kalendarza-20-26-luty-2017-tego-dnia-w-pilce-noznej\/","title":{"rendered":"Kartka z kalendarza 20-26 luty"},"content":{"rendered":"<div id=\"ez-toc-container\" class=\"ez-toc-v2_0_75 counter-hierarchy ez-toc-counter ez-toc-grey ez-toc-container-direction\">\n<div class=\"ez-toc-title-container\">\n<p class=\"ez-toc-title\" style=\"cursor:inherit\">Table of Contents<\/p>\n<span class=\"ez-toc-title-toggle\"><a href=\"#\" class=\"ez-toc-pull-right ez-toc-btn ez-toc-btn-xs ez-toc-btn-default ez-toc-toggle\" aria-label=\"Toggle Table of Content\"><span class=\"ez-toc-js-icon-con\"><span class=\"\"><span class=\"eztoc-hide\" style=\"display:none;\">Toggle<\/span><span class=\"ez-toc-icon-toggle-span\"><svg style=\"fill: #999;color:#999\" xmlns=\"http:\/\/www.w3.org\/2000\/svg\" class=\"list-377408\" width=\"20px\" height=\"20px\" viewBox=\"0 0 24 24\" fill=\"none\"><path d=\"M6 6H4v2h2V6zm14 0H8v2h12V6zM4 11h2v2H4v-2zm16 0H8v2h12v-2zM4 16h2v2H4v-2zm16 0H8v2h12v-2z\" fill=\"currentColor\"><\/path><\/svg><svg style=\"fill: #999;color:#999\" class=\"arrow-unsorted-368013\" xmlns=\"http:\/\/www.w3.org\/2000\/svg\" width=\"10px\" height=\"10px\" viewBox=\"0 0 24 24\" version=\"1.2\" baseProfile=\"tiny\"><path d=\"M18.2 9.3l-6.2-6.3-6.2 6.3c-.2.2-.3.4-.3.7s.1.5.3.7c.2.2.4.3.7.3h11c.3 0 .5-.1.7-.3.2-.2.3-.5.3-.7s-.1-.5-.3-.7zM5.8 14.7l6.2 6.3 6.2-6.3c.2-.2.3-.5.3-.7s-.1-.5-.3-.7c-.2-.2-.4-.3-.7-.3h-11c-.3 0-.5.1-.7.3-.2.2-.3.5-.3.7s.1.5.3.7z\"\/><\/svg><\/span><\/span><\/span><\/a><\/span><\/div>\n<nav><ul class='ez-toc-list ez-toc-list-level-1 ' ><li class='ez-toc-page-1 ez-toc-heading-level-2'><a class=\"ez-toc-link ez-toc-heading-1\" href=\"https:\/\/kronika-futbolu.pl\/historia\/pilkarska-kartka-z-kalendarza-20-26-luty-2017-tego-dnia-w-pilce-noznej\/#Tego_dnia_w_pilce_noznej\" >Tego dnia w pi\u0142ce no\u017cnej:<\/a><ul class='ez-toc-list-level-3' ><li class='ez-toc-heading-level-3'><a class=\"ez-toc-link ez-toc-heading-2\" href=\"https:\/\/kronika-futbolu.pl\/historia\/pilkarska-kartka-z-kalendarza-20-26-luty-2017-tego-dnia-w-pilce-noznej\/#20_lutego\" >20 lutego<\/a><\/li><li class='ez-toc-page-1 ez-toc-heading-level-3'><a class=\"ez-toc-link ez-toc-heading-3\" href=\"https:\/\/kronika-futbolu.pl\/historia\/pilkarska-kartka-z-kalendarza-20-26-luty-2017-tego-dnia-w-pilce-noznej\/#21_lutego\" >21 lutego<\/a><\/li><li class='ez-toc-page-1 ez-toc-heading-level-3'><a class=\"ez-toc-link ez-toc-heading-4\" href=\"https:\/\/kronika-futbolu.pl\/historia\/pilkarska-kartka-z-kalendarza-20-26-luty-2017-tego-dnia-w-pilce-noznej\/#22_lutego\" >22 lutego<\/a><\/li><li class='ez-toc-page-1 ez-toc-heading-level-3'><a class=\"ez-toc-link ez-toc-heading-5\" href=\"https:\/\/kronika-futbolu.pl\/historia\/pilkarska-kartka-z-kalendarza-20-26-luty-2017-tego-dnia-w-pilce-noznej\/#23_lutego\" >23 lutego<\/a><\/li><li class='ez-toc-page-1 ez-toc-heading-level-3'><a class=\"ez-toc-link ez-toc-heading-6\" href=\"https:\/\/kronika-futbolu.pl\/historia\/pilkarska-kartka-z-kalendarza-20-26-luty-2017-tego-dnia-w-pilce-noznej\/#24_lutego\" >24 lutego<\/a><\/li><li class='ez-toc-page-1 ez-toc-heading-level-3'><a class=\"ez-toc-link ez-toc-heading-7\" href=\"https:\/\/kronika-futbolu.pl\/historia\/pilkarska-kartka-z-kalendarza-20-26-luty-2017-tego-dnia-w-pilce-noznej\/#25_lutego\" >25 lutego<\/a><\/li><li class='ez-toc-page-1 ez-toc-heading-level-3'><a class=\"ez-toc-link ez-toc-heading-8\" href=\"https:\/\/kronika-futbolu.pl\/historia\/pilkarska-kartka-z-kalendarza-20-26-luty-2017-tego-dnia-w-pilce-noznej\/#26_lutego\" >26 lutego<\/a><\/li><\/ul><\/li><\/ul><\/nav><\/div>\n<h2><span class=\"ez-toc-section\" id=\"Tego_dnia_w_pilce_noznej\"><\/span>Tego dnia w pi\u0142ce no\u017cnej:<span class=\"ez-toc-section-end\"><\/span><\/h2>\n<p>Kartka z kalendarza 20-26 luty<\/p>\n<h3><span class=\"ez-toc-section\" id=\"20_lutego\"><\/span><strong>20 lutego<\/strong><span class=\"ez-toc-section-end\"><\/span><\/h3>\n<p>20.02.1938 Urodzi\u0142 si\u0119 <strong>Mahmoud El-Gohary<\/strong>, egipski napastnik i trener, pierwszy i jeden z dw\u00f3ch os\u00f3b kt\u00f3ry wygra\u0142 Puchar Narod\u00f3w Afryki jako pi\u0142karz(1959) i trener(1998) (zm.2012)<\/p>\n<p>20.02.1947 Urodzi\u0142 si\u0119<strong> Peter Osgood<\/strong>, angielski napastnik, &#8222;kr\u00f3l Stamford Bridge\u201d, w Chelsea zadebiutowa\u0142 w wieku 17 lat i od razu zdoby\u0142 2 bramki zdobywca z Chelsea Pucharu Anglii 1970 i Pucharu Zdobywc\u00f3w Puchar\u00f3w 1971, z Southampton wygra\u0142 Puchar Anglii 1976. Zmar\u0142 w 2006 roku<\/p>\n<p>20.02.1974 Urodzi\u0142 si\u0119 <strong>Maciej Murawski<\/strong>, obro\u0144ca, mistrz Polski z Legi\u0105 2002<\/p>\n<p>20.02.1980 Urodzi\u0142 si\u0119<strong> Artur Boruc<\/strong>,bramkarz, mistrz Polski z Legi\u0105 2002, mistrz Szkocji z Celticiem 2006,2007,2008<\/p>\n<p>20.02.1992 Powsta\u0142a<strong> Premier League<\/strong>&#8211; najwy\u017csza profesjonalna liga w Anglii<\/p>\n<p>20.02.2003 <strong>Lazio Rzym-Wis\u0142a Krak\u00f3w 3-3<\/strong> Puchar UEFA 1\/8 fina\u0142u I mecz, bramki: Nikola Lazeti\u0107 22&#8242;, Mariusz Jop 44&#8242;-sam. Enrico Chiesa 71&#8242;- Kalu Uche 39&#8242;, Maciej \u017burawski 50&#8242;-k,63&#8242;-k<\/p>\n<h3><span class=\"ez-toc-section\" id=\"21_lutego\"><\/span><strong>21 lutego<\/strong><span class=\"ez-toc-section-end\"><\/span><\/h3>\n<p>1893.02.21 Za\u0142o\u017cono <strong>Argenty\u0144ski Zwi\u0105zek Pi\u0142ki No\u017cnej<\/strong> (Asociaci\u00f3n del F\u00fatbol Argentino &#8211; AFA).<\/p>\n<p>1976.02.21 Urodzi\u0142 si\u0119 <strong>Tomasz Kie\u0142bowicz<\/strong>, obro\u0144ca, mistrz Polski 2000 z Poloni\u0105 W-wa, 2002,2006,2013 z Legi\u0105 W-wa<\/p>\n<p>2004-02-21  <strong>Polska &#8211; Wyspy Owcze <\/strong> 6-0 MT San Fernando Pawe\u0142 Krysza\u0142owicz 9&#8242;,40&#8242;,41&#8242;,43&#8242;, Tomasz K\u0142os 60&#8242;, Tomasz K\u0142os 87&#8242;<\/p>\n<h3><span class=\"ez-toc-section\" id=\"22_lutego\"><\/span><strong>22 lutego<\/strong><span class=\"ez-toc-section-end\"><\/span><\/h3>\n<p>1969.02.22 Urodzi\u0142 si\u0119 <strong>Brian Laudrup<\/strong>, du\u0144ski pomocnik\/napastnik, mistrz Europy 1992, zdobywca Pucharu Konfederacji 1995, Ligi Mistrz\u00f3w 1994 z Milanem<\/p>\n<p>1984.02.22 Urodzi\u0142 si\u0119 <strong>Branislav Ivanovi\u0107<\/strong>, serbski obro\u0144ca, zdobywca Ligi Mistrz\u00f3w 2012 z Chelsea Londyn<\/p>\n<h3><span class=\"ez-toc-section\" id=\"23_lutego\"><\/span><strong>23 lutego<\/strong><span class=\"ez-toc-section-end\"><\/span><\/h3>\n<p>1914.02.23 We wsi Jaise\u0144 (obecnie dzielnica Ustrzyk Dolnych) \u00f3wcze\u015bnie woj. lwowskie urodzi\u0142 si\u0119 <strong>Jakub Smug<\/strong>, obro\u0144ca, przed wojn\u0105 zawodnik \u015awitezi Lw\u00f3w i Pogoni Stryj, po wojnie jak inni lwowscy pi\u0142karze rozpocz\u0105\u0142 gr\u0119 w Polonii Bytom nast\u0119pnie si\u0119 przeni\u00f3s\u0142 do Lechii Gda\u0144sk z kt\u00f3r\u0105 awansowa\u0142 do ekstraklasy (I liga) by\u0142 to pierwszy awans w historii Lechii do najwy\u017cej klasy rozgrywkowej a Jakub Smug by\u0142 najstarszym zawodnikiem. W Gda\u0144sku gra\u0142 w teatrze oraz by\u0142 krawcem.<\/p>\n<p>W pierwszym meczu I ligi w Gda\u0144sku przeciwko Ruchowi Chorz\u00f3w(wygrana Lechii 5-3) pilnowa\u0142 Gerarda Cie\u015blika, tak wspomina\u0142 ten mecz: &#8221; <i>Zast\u0105pi\u0142em chyba \u017bytniaka i prezes Wi\u0119ckowski powiedzia\u0142 mi, \u017cebym pilnowa\u0142 Gerarda Cie\u015blika. Ja by\u0142em dosy\u0107 szybki, ale on du\u017co szybszy, tylko \u017ce ja by\u0142em jeszcze przy tym cwanym rutyniarzem. Tak\u017ce ka\u017cde jego wej\u015bcie, gdy znalaz\u0142 si\u0119 przy pi\u0142ce, to ja ju\u017c na nim siedzia\u0142em. I jedn\u0105 bramk\u0119 strzeli\u0142&#8221; <\/i><\/p>\n<p>A tak opisa\u0142 jedn\u0105 z kontuzji:<\/p>\n<p><i>&#8222;Gra\u0142em kiedy\u015b w Kijowie z Dynamem Kij\u00f3w. By\u0142 tam taki \u015brodkowy napastnik. Wskoczy\u0142 mi jedn\u0105 nog\u0105 na udo, a drug\u0105 na kolano<\/i> (pan Jakub pokazuje poka\u017an\u0105 blizn\u0119 &#8211; red.). <i>Poniewa\u017c by\u0142o mokro, deszcz pada\u0142, by\u0142o na jesieni, wi\u0119c wzi\u0105\u0142em glin\u0119 i po prostu zaklei\u0142em ran\u0119. Jako\u015b przesz\u0142o, krew przesta\u0142a lecie\u0107.&#8221; <\/i>(zm. 2010) cytaty: lechia.gda.pl<\/p>\n<p>1983.02.23 Urodzi\u0142 si\u0119 <strong>Mido,<\/strong> egipski napastnik, zdobywca Pucharu Narod\u00f3w Afryki 2006<\/p>\n<p>2000-02-23 <strong>Francja &#8211; Polska <\/strong> 1-0 MT Pary\u017c gol: Zinedine Zidane 87&#8242;<\/p>\n<p>23.02.1969 <strong>Legia Warszawa &#8211; \u00dajpesti TE<\/strong> 0:1 Puchar Miast Targowych 1\/8 fina\u0142u I mecz gol: Antal Dunai 85&#8242;<\/p>\n<p>2012..02.23 <strong>Standard Liege-Wis\u0142a Krak\u00f3w<\/strong> 0-0 Liga Europy 1\/16 fina\u0142u<\/p>\n<p>2012.02.23 <strong>Sporting Lizbona-Legia Warszawa<\/strong> 1-0 Liga Europy 1\/16 fina\u0142u gol: Mat\u00edas Fern\u00e1ndez 83&#8242;<\/p>\n<h3><span class=\"ez-toc-section\" id=\"24_lutego\"><\/span><strong>24 lutego<\/strong><span class=\"ez-toc-section-end\"><\/span><\/h3>\n<p>1910.02.24 Za\u0142o\u017cono szwedzki klub pi\u0142karski <strong>Malm\u00f6 FF <\/strong>wielo<strong>&#8211;<\/strong>krotny mistrz Szwecji<\/p>\n<p>1979.02.24 Urodzi\u0142 si\u0119 <strong>Maciej Scherfchen<\/strong>, pomocnik, zdobywca Pucharu polski 2001 z Poloni\u0105 W-wa i 2004 z Lechem Pozna\u0144<\/p>\n<div class=\"\" data-block=\"true\" data-editor=\"8v5jk\" data-offset-key=\"carq7-0-0\">\n<div class=\"_1mf _1mj\" data-offset-key=\"carq7-0-0\"><span data-offset-key=\"carq7-0-0\"><span data-text=\"true\">1940.02.24 Urodzi\u0142 si\u0119 Denis Law, szkocki napastnik, zdobywca Pucharu Europy 1968 z Manchesterem United- nie zagra\u0142 w finale z powodu kontuzji kolana, zdobywca Z\u0142otej Pi\u0142ki 1964, jest rekordzist\u0105 je\u015bli chodzi o ilo\u015b\u0107 goli zdobytych dla reprezentacji Szkocji- 30 goli<\/span><\/span><\/div>\n<\/div>\n<div class=\"\" data-block=\"true\" data-editor=\"8v5jk\" data-offset-key=\"ct5ke-0-0\"><\/div>\n<p>2011.02.24 <strong>SC Braga-Lech Pozna\u0144<\/strong> 2-0 Liga Europy 1\/16 fina\u0142u bramki: Alan 8&#8242;, Lima 36&#8242;<\/p>\n<h3><span class=\"ez-toc-section\" id=\"25_lutego\"><\/span><strong>25 lutego<\/strong><span class=\"ez-toc-section-end\"><\/span><\/h3>\n<p>1981.02.25 Urodzi\u0142 si\u0119<strong> <\/strong><strong>\u0141ukasz Gargu\u0142a<\/strong>, pomocnik, mistrz Polski 2011 z Wis\u0142\u0105 Krak\u00f3w<\/p>\n<p>1981.02.25 Urodzi\u0142 si\u0119 <strong>Park Ji-sung<\/strong>, korea\u0144ski pomocnik, zdobywca Ligi Mistrz\u00f3w 2008, i klubowy mistrz \u015bwiata 2008 z Manchesterem Unit.<\/p>\n<p>1925.02.25 Urodzi\u0142 si\u0119 <strong>Konrad Kapler pierwszy Polak w Celticu<\/strong>&#8211; wi\u0119cej o pi\u0142karzu tutaj:<\/p>\n<p><a href=\"\/historia\/konrad-kapler-historia-polskich-pilkarzy-za-granica\/\"><strong>\/historia\/konrad-kapler-historia-polskich-pilkarzy-za-granica\/<\/strong><\/a><\/p>\n<p>1998-02-25  <strong>Izrael &#8211; Polska<\/strong> 2-0 MT Tel Awiw bramki: Jan Talesnikov 28&#8242;, Alon Harazi 83&#8242;<\/p>\n<h3><span class=\"ez-toc-section\" id=\"26_lutego\"><\/span><strong>26 lutego<\/strong><span class=\"ez-toc-section-end\"><\/span><\/h3>\n<p>1946.02.26 Urodzi\u0142 si\u0119 <strong>Roman Jak\u00f3bczak<\/strong>, polski pomocnik, zdobywca 3 miejsca na mistrzostwach \u015bwiata 1974<\/p>\n<p>1973.02.26 Urodzi\u0142 si\u0119 <strong>Ole Gunnar Solskjar,<\/strong> norweski napastnik, zdobywca Ligi Mistrz\u00f3w 1999 z Manchetserm Unit.<\/p>\n<p>1979.02.26 Urodzi\u0142 si\u0119 <strong>Pedro Mendes<\/strong>, portugalski pomocnik, zdobywca Ligi Mistrz\u00f3w 2004 z FC Porto<\/p>\n<p>1983.02.26 Urodzi\u0142 si\u0119 <strong>Pepe<\/strong>, portugalski obro\u0144ca, obecnie zawodnik Realu Madryt, zdobywca min. Ligi Mistrz\u00f3w, Superpucharu Europy i Klubowego Mistrzostwa \u015awiata 2014<\/p>\n<p>1984.02.26 Urodzi\u0142 si\u0119 <strong>Emmanuel Adebayor,<\/strong> togijski napastnik, pi\u0142karz Afryki roku 2008, zawodnik Metz, Monaco, Arsenal, Manchester City, Real Madryt, Tottenham Hotspur<br \/>\n1997-02-26 <strong> Brazylia &#8211; Polska <\/strong> 4-2 MT Goiania bramki: Giovanni 8&#8242;, 27&#8242;, Ronaldo 48&#8242;,72&#8242;- Cezary Kucharski 86&#8242;, Marek Citko 90&#8242;<\/p>\n<p>26.02.1969 <strong>\u00dajpesti TE &#8211; Legia Warszawa<\/strong><strong> <\/strong>2:2 Puchar Miast Targowych 1\/8 fina\u0142u rewan\u017c bramki: Antal Dunai 66&#8242;, P\u00e9ter Solymosi 75&#8242; &#8211; W\u0142adys\u0142aw Stachurski 40&#8242;, Janusz \u017bmijewski 42&#8242;<\/p>\n<p>2004.02.26 <strong>Dyskobolia Grodzisk Wlkp.-Girondins Bordeaux<\/strong> 0-1 Puchar UEFA III runda gol: Marouane Chamakh 90&#8242;<\/p>\n<p>2009.02.26 <strong>Udinese Calcio-Lech Pozna\u0144<\/strong><strong> <\/strong>2-1 Puchar UEFA 1\/16 fina\u0142u bramki: Simone Pepe 57&#8242;, Antonio Di Natale 90&#8242; &#8211; Hern\u00e1n Rengifo Trigoso 12&#8242;<\/p>\n","protected":false},"excerpt":{"rendered":"<p>Tego dnia w pi\u0142ce no\u017cnej: Kartka z kalendarza 20-26 luty 20 lutego 20.02.1938 Urodzi\u0142 si\u0119 Mahmoud El-Gohary, egipski napastnik i trener, pierwszy i jeden z dw\u00f3ch os\u00f3b kt\u00f3ry wygra\u0142 Puchar Narod\u00f3w Afryki jako pi\u0142karz(1959) i trener(1998) (zm.2012) 20.02.1947 Urodzi\u0142 si\u0119 Peter Osgood, angielski napastnik, &#8222;kr\u00f3l Stamford Bridge\u201d, w Chelsea zadebiutowa\u0142 w wieku 17 lat i [&hellip;]<\/p>\n","protected":false},"author":3,"featured_media":0,"comment_status":"open","ping_status":"open","sticky":false,"template":"","format":"standard","meta":{"_acf_changed":false,"footnotes":""},"categories":[144],"tags":[143],"class_list":["post-6323","post","type-post","status-publish","format-standard","hentry","category-kartka-z-kalendarza","tag-kalendarium"],"acf":[],"_links":{"self":[{"href":"https:\/\/kronika-futbolu.pl\/historia\/wp-json\/wp\/v2\/posts\/6323","targetHints":{"allow":["GET"]}}],"collection":[{"href":"https:\/\/kronika-futbolu.pl\/historia\/wp-json\/wp\/v2\/posts"}],"about":[{"href":"https:\/\/kronika-futbolu.pl\/historia\/wp-json\/wp\/v2\/types\/post"}],"author":[{"embeddable":true,"href":"https:\/\/kronika-futbolu.pl\/historia\/wp-json\/wp\/v2\/users\/3"}],"replies":[{"embeddable":true,"href":"https:\/\/kronika-futbolu.pl\/historia\/wp-json\/wp\/v2\/comments?post=6323"}],"version-history":[{"count":0,"href":"https:\/\/kronika-futbolu.pl\/historia\/wp-json\/wp\/v2\/posts\/6323\/revisions"}],"wp:attachment":[{"href":"https:\/\/kronika-futbolu.pl\/historia\/wp-json\/wp\/v2\/media?parent=6323"}],"wp:term":[{"taxonomy":"category","embeddable":true,"href":"https:\/\/kronika-futbolu.pl\/historia\/wp-json\/wp\/v2\/categories?post=6323"},{"taxonomy":"post_tag","embeddable":true,"href":"https:\/\/kronika-futbolu.pl\/historia\/wp-json\/wp\/v2\/tags?post=6323"}],"curies":[{"name":"wp","href":"https:\/\/api.w.org\/{rel}","templated":true}]}}