{"id":6472,"date":"2017-03-19T10:00:16","date_gmt":"2017-03-19T09:00:16","guid":{"rendered":"https:\/\/kronika-futbolu.pl\/historia\/?p=6472"},"modified":"2017-03-19T10:00:16","modified_gmt":"2017-03-19T09:00:16","slug":"karska-kartka-z-kalendarza-20-26-marca-2017-historia","status":"publish","type":"post","link":"https:\/\/kronika-futbolu.pl\/historia\/karska-kartka-z-kalendarza-20-26-marca-2017-historia\/","title":{"rendered":"Kartka z kalendarza 20-26 marca"},"content":{"rendered":"<p>Kartka z kalendarza 20-26 marca<\/p>\n<div id=\"ez-toc-container\" class=\"ez-toc-v2_0_75 counter-hierarchy ez-toc-counter ez-toc-grey ez-toc-container-direction\">\n<div class=\"ez-toc-title-container\">\n<p class=\"ez-toc-title\" style=\"cursor:inherit\">Table of Contents<\/p>\n<span class=\"ez-toc-title-toggle\"><a href=\"#\" class=\"ez-toc-pull-right ez-toc-btn ez-toc-btn-xs ez-toc-btn-default ez-toc-toggle\" aria-label=\"Toggle Table of Content\"><span class=\"ez-toc-js-icon-con\"><span class=\"\"><span class=\"eztoc-hide\" style=\"display:none;\">Toggle<\/span><span class=\"ez-toc-icon-toggle-span\"><svg style=\"fill: #999;color:#999\" xmlns=\"http:\/\/www.w3.org\/2000\/svg\" class=\"list-377408\" width=\"20px\" height=\"20px\" viewBox=\"0 0 24 24\" fill=\"none\"><path d=\"M6 6H4v2h2V6zm14 0H8v2h12V6zM4 11h2v2H4v-2zm16 0H8v2h12v-2zM4 16h2v2H4v-2zm16 0H8v2h12v-2z\" fill=\"currentColor\"><\/path><\/svg><svg style=\"fill: #999;color:#999\" class=\"arrow-unsorted-368013\" xmlns=\"http:\/\/www.w3.org\/2000\/svg\" width=\"10px\" height=\"10px\" viewBox=\"0 0 24 24\" version=\"1.2\" baseProfile=\"tiny\"><path d=\"M18.2 9.3l-6.2-6.3-6.2 6.3c-.2.2-.3.4-.3.7s.1.5.3.7c.2.2.4.3.7.3h11c.3 0 .5-.1.7-.3.2-.2.3-.5.3-.7s-.1-.5-.3-.7zM5.8 14.7l6.2 6.3 6.2-6.3c.2-.2.3-.5.3-.7s-.1-.5-.3-.7c-.2-.2-.4-.3-.7-.3h-11c-.3 0-.5.1-.7.3-.2.2-.3.5-.3.7s.1.5.3.7z\"\/><\/svg><\/span><\/span><\/span><\/a><\/span><\/div>\n<nav><ul class='ez-toc-list ez-toc-list-level-1 ' ><li class='ez-toc-page-1 ez-toc-heading-level-3'><a class=\"ez-toc-link ez-toc-heading-1\" href=\"https:\/\/kronika-futbolu.pl\/historia\/karska-kartka-z-kalendarza-20-26-marca-2017-historia\/#20_marca\" >20 marca<\/a><\/li><li class='ez-toc-page-1 ez-toc-heading-level-3'><a class=\"ez-toc-link ez-toc-heading-2\" href=\"https:\/\/kronika-futbolu.pl\/historia\/karska-kartka-z-kalendarza-20-26-marca-2017-historia\/#21_marca\" >21 marca<\/a><\/li><li class='ez-toc-page-1 ez-toc-heading-level-3'><a class=\"ez-toc-link ez-toc-heading-3\" href=\"https:\/\/kronika-futbolu.pl\/historia\/karska-kartka-z-kalendarza-20-26-marca-2017-historia\/#22_marca\" >22 marca<\/a><\/li><li class='ez-toc-page-1 ez-toc-heading-level-3'><a class=\"ez-toc-link ez-toc-heading-4\" href=\"https:\/\/kronika-futbolu.pl\/historia\/karska-kartka-z-kalendarza-20-26-marca-2017-historia\/#23_marca\" >23 marca<\/a><\/li><li class='ez-toc-page-1 ez-toc-heading-level-3'><a class=\"ez-toc-link ez-toc-heading-5\" href=\"https:\/\/kronika-futbolu.pl\/historia\/karska-kartka-z-kalendarza-20-26-marca-2017-historia\/#24_marca\" >24 marca<\/a><\/li><li class='ez-toc-page-1 ez-toc-heading-level-3'><a class=\"ez-toc-link ez-toc-heading-6\" href=\"https:\/\/kronika-futbolu.pl\/historia\/karska-kartka-z-kalendarza-20-26-marca-2017-historia\/#25_marca\" >25 marca<\/a><\/li><li class='ez-toc-page-1 ez-toc-heading-level-3'><a class=\"ez-toc-link ez-toc-heading-7\" href=\"https:\/\/kronika-futbolu.pl\/historia\/karska-kartka-z-kalendarza-20-26-marca-2017-historia\/#26_marca\" >26 marca<\/a><\/li><\/ul><\/nav><\/div>\n<h3><span class=\"ez-toc-section\" id=\"20_marca\"><\/span><strong><span style=\"color: #333333;\">20 marca<\/span><\/strong><span class=\"ez-toc-section-end\"><\/span><\/h3>\n<p><span style=\"color: #333333;\">1890.03.20 Za\u0142o\u017cono klub pi\u0142karski<span class=\"apple-converted-space\"> <\/span><strong>Servette Genewa<\/strong><span class=\"apple-converted-space\"> <\/span>17-krotny mistrz Szwajcarii<\/span><\/p>\n<p><span style=\"color: #333333;\">1982.03.20 Urodzi\u0142 si\u0119<span class=\"apple-converted-space\"> <\/span><strong>Tomasz Kuszczak<\/strong><\/span><\/p>\n<p><span style=\"color: #333333;\">1984.03.20 Urodzi\u0142 si\u0119 <span class=\"apple-converted-space\"> <\/span><strong>Fernando Torres<\/strong>, hiszpa\u0144ski napastnik, mistrz \u015bwiata 2010, mistrz Europy 2008, 2012, Liga Mistrz\u00f3w 2012 i Liga Europy 2013 z Chelsea<br \/>\n1973-03-20 <span class=\"apple-converted-space\"> <\/span><strong>Polska &#8211; USA <\/strong> 4-0 MT \u0141\u00f3d\u017a bramki: W\u0142odzimierz Luba\u0144ski 17&#8242;,24&#8242;,84&#8242;, Henryk Kasperczak 55&#8242;<\/span><\/p>\n<p><span style=\"color: #333333;\">1974.03.20<span class=\"apple-converted-space\"> <\/span><strong>Feyenoord Rotterdam-Ruch Chorz\u00f3w<\/strong><span class=\"apple-converted-space\"> <\/span>3-1 po dogrywce 1\/4 fina\u0142u Pucharu UEFA bramki: Lex Schoenmaker 55&#8242;-k. 95&#8242;, Theo de Jong 91&#8242; &#8211; Joachim Marx 20&#8242;<\/span><\/p>\n<p><span style=\"color: #333333;\">1996.03.20 <span class=\"apple-converted-space\"> <\/span><strong>Panathinaikos Ateny-Legia Warszawa<\/strong><span class=\"apple-converted-space\"> <\/span>3-0 Liga Mistrz\u00f3w 1\/4 fina\u0142u bramki: Krzysztof Warzycha 33&#8242; 57&#8242;, Juan Borrelli 71&#8242;<\/span><\/p>\n<h3><span class=\"ez-toc-section\" id=\"21_marca\"><\/span><strong><span style=\"color: #333333;\">21 marca<\/span><\/strong><span class=\"ez-toc-section-end\"><\/span><\/h3>\n<p><span style=\"color: #333333;\">1935.03.21 Urodzi\u0142 si\u0119<span class=\"apple-converted-space\"> <\/span><strong>Brian Clough<\/strong>, angielski napastnik trener , (zm. 2004)<\/span><\/p>\n<p><span style=\"color: #333333;\">1961.03.21 Urodzi\u0142 si\u0119<span class=\"apple-converted-space\"> <\/span><strong>Lothar Matth\u00e4us<\/strong><span class=\"apple-converted-space\"> <\/span>mistrz \u015bwiata 1990, wicemistrz \u015bwiata 1982,1986, mistrz Europy 1980<\/span><\/p>\n<p><span style=\"color: #333333;\">1980.03.21 Urodzi\u0142 si\u0119<span class=\"apple-converted-space\"> <\/span><strong>Ronaldinho<\/strong>, brazylijski pomocnik\/napastnik, mistrz \u015bwiata 2002<br \/>\n1979-03-21 <span class=\"apple-converted-space\"><b> <\/b><\/span><strong>Algieria &#8211; Polska<\/strong> 0-1 MT Algier gol: Grzegorz Lato 6&#8242;<\/span><\/p>\n<p><span style=\"color: #333333;\">1979.03.21<span class=\"apple-converted-space\"> <\/span><strong>Malm\u00f6 FF-Wis\u0142a Krak\u00f3w<\/strong><span class=\"apple-converted-space\"> <\/span>4-1 Puchar Europy 1\/4 fina\u0142u bramki: Adam Nawa\u0142ka 26\u2019, Kazimierz Kmiecik 85\u2019- Hansson 13&#8242;<\/span><\/p>\n<h3><span class=\"ez-toc-section\" id=\"22_marca\"><\/span><strong><span style=\"color: #333333;\">22 marca<\/span><\/strong><span class=\"ez-toc-section-end\"><\/span><\/h3>\n<p><span style=\"color: #333333;\">1888.03.22 W<span class=\"apple-converted-space\"> <\/span><strong>Anglii<\/strong><span class=\"apple-converted-space\"><b> <\/b><\/span>ukonstytuowa\u0142a si\u0119 pierwsza liga pi\u0142karska.<\/span><\/p>\n<p><span style=\"color: #333333;\">1933.03.22 Urodzi\u0142 si\u0119<span class=\"apple-converted-space\"> <\/span><strong>Michel Hidalgo<\/strong>, francuski pomocnik mistrz Europy 1960 , trener pi\u0142karski<\/span><\/p>\n<p><span style=\"color: #333333;\"><br \/>\n1978-03-22 <span class=\"apple-converted-space\"><b> <\/b><\/span><strong>Luksemburg &#8211; Polska<\/strong> 1-3 MT Luksemburg bramki: Jeannot Reiter 85&#8242;- W\u0142odzimierz Luba\u0144ski 2&#8242;, Andrzej Szarmach 7&#8242;,80&#8242;<\/span><\/p>\n<p><span style=\"color: #333333;\">2013-03-22 <span class=\"apple-converted-space\"> <\/span><strong>Polska-Ukraina<\/strong> 1-3 el.m\u015b Warszawa bramki: \u0141ukasz Piszczek 18&#8242;- Andriy Yarmolenko 2&#8242;, Oleh Husyev 7&#8242;, Roman Zozulya 45&#8242;<\/span><\/p>\n<h3><span class=\"ez-toc-section\" id=\"23_marca\"><\/span><strong><span style=\"color: #333333;\">23 marca<\/span><\/strong><span class=\"ez-toc-section-end\"><\/span><\/h3>\n<p><span style=\"color: #333333;\">1988.03.23<span class=\"apple-converted-space\"> <\/span><strong>Zbigniew Boniek<\/strong><span class=\"apple-converted-space\"> <\/span>po raz ostatni (80) wyst\u0105pi\u0142 w pi\u0142karskiej reprezentacji Polski w zremisowanym 1:1 towarzyskim meczu z Irlandi\u0105 P\u00f3\u0142nocn\u0105 w Belfa\u015bcie.<\/span><\/p>\n<p><span style=\"color: #333333;\">1983-03-23 <span class=\"apple-converted-space\"> <\/span><strong>Polska &#8211; Bu\u0142garia<\/strong> 3-1 MT \u0141\u00f3d\u017a bramki: Stefan Majewski 2&#8242;, Dariusz Dziekanowski 67&#8242;, Miros\u0142aw Oko\u0144ski 76&#8242;- Stefan Naydenov 25&#8242;<\/span><\/p>\n<p><span style=\"color: #333333;\">1988-03-23 <span class=\"apple-converted-space\"><b> <\/b><\/span><strong>Irlandia P\u00f3\u0142nocna &#8211; Polska<\/strong> 1-1 MT Belfast bramki: Danny Wilson 2&#8242;- Dariusz Dziekanowski 32&#8242;<\/span><\/p>\n<p><span style=\"color: #333333;\">1994-03-23 <span class=\"apple-converted-space\"> <\/span><strong>Grecja &#8211; Polska<\/strong> 0-0 MT Saloniki<\/span><\/p>\n<h3><span class=\"ez-toc-section\" id=\"24_marca\"><\/span><strong><span style=\"color: #333333;\">24 marca<\/span><\/strong><span class=\"ez-toc-section-end\"><\/span><\/h3>\n<p><span style=\"color: #333333;\">2007.03.24 Pi\u0142karska reprezentacja Anglii do lat 21 zremisowa\u0142a z r\u00f3wie\u015bnikami z W\u0142och 3:3, w inauguracyjnym meczu na nowym stadionie <strong>Wembley <\/strong>w Londynie.<\/span><\/p>\n<p><span style=\"color: #333333;\">1956.03.24 Urodzi\u0142 si\u0119 <strong>W\u0142odzimierz Cio\u0142ek<\/strong>, pomocnik, zdobywca 3 miejsce na mundialu 1982<\/span><\/p>\n<p><span style=\"color: #333333;\">1973.03.24 Urodzi\u0142 si\u0119<span class=\"apple-converted-space\"> <\/span><strong>Jacek B\u0105k<\/strong>, reprezentant Polski, mistrz Polski 1993 z Lechem Pozna\u0144<\/span><\/p>\n<p><span style=\"color: #333333;\">1973.03.24 Urodzi\u0142 si\u0119<span class=\"apple-converted-space\"> <\/span><strong>Marcelo Delgado<\/strong>, argenty\u0144ski napastnik, srebrny medalista igrzysk olimpijskich<\/span><\/p>\n<p><span style=\"color: #333333;\">1976-03-24 <span class=\"apple-converted-space\"> <\/span><strong>Polska &#8211; Argentyna<\/strong> 1-2 Chorz\u00f3w MT bramki: Kazimierz Kmiecik 58&#8242;- H\u00e9ctor Horacio Scotta 63&#8242;,  Ren\u00e9 Orlando Houseman 69&#8242;<\/span><\/p>\n<p><span style=\"color: #333333;\">1987-03-24 <span class=\"apple-converted-space\"> <\/span><strong>Polska &#8211; Norwegia<\/strong> 4-1 Wroc\u0142aw MT bramki: Jan Furtok 6&#8242;, Pawe\u0142 Kr\u00f3l 9&#8242;, Jan Urban 26&#8242;, Waldemar Prusik 53&#8242;- Tom Sundby 15&#8242;<\/span><\/p>\n<p><span style=\"color: #333333;\">2001-03-24 <span class=\"apple-converted-space\"> <\/span><strong>Norwegia &#8211; Polska <\/strong> 2-3 Oslo  EM\u015a 2002 bramki: John Carew 59&#8242;, Ole Gunnar Solskj\u00e6r 67&#8242;- Emmanuel Olisadebe 23&#8242;,30&#8242;, Bartosz Karwan 81&#8242;<\/span><\/p>\n<p><span style=\"color: #333333;\">2007-03-24 <span class=\"apple-converted-space\"> <\/span><strong>Polska &#8211; Azerbejd\u017can <\/strong> 5-0 Warszawa  EME 2008 bramki: Jacek B\u0105k 2&#8242;, Dariusz Dudka 5&#8242;, Wojciech \u0141obodzi\u0144ski 33&#8242;, Jacek Krzyn\u00f3wek 58&#8242;, Przemys\u0142aw Ka\u017amierczak 83&#8242;<\/span><\/p>\n<p><span style=\"color: #333333;\">1971.03.24 <strong>Manchester City-G\u00f3rnik Zabrze<\/strong> 2-0 PZP 1\/4 fina\u0142u bramki: Ian Mellor 40&#8242;, Mike Doyle 66&#8242;<\/span><\/p>\n<h3><span class=\"ez-toc-section\" id=\"25_marca\"><\/span><strong><span style=\"color: #333333;\">25 marca<\/span><\/strong><span class=\"ez-toc-section-end\"><\/span><\/h3>\n<p><span style=\"color: #333333;\">1903.03.25 Za\u0142o\u017cono argenty\u0144ski klub <strong>Racing Club de Avellaneda<\/strong>.<\/span><\/p>\n<p><span style=\"color: #333333;\">1908.03.25 Za\u0142o\u017cono brazylijski klub <strong>Atl\u00e9tico Mineiro<\/strong><\/span><\/p>\n<p><span style=\"color: #333333;\">1977.03.25 Urodzi\u0142 si\u0119 <strong>Andri Sigd\u00f3rsson<\/strong>, islandzki napastnik<\/span><\/p>\n<p><span style=\"color: #333333;\">1981-03-25 <span class=\"apple-converted-space\"> <\/span><strong>Rumunia &#8211; Polska <\/strong> 2-0 Bukareszt  MT bramki: Rodion C\u0103m\u0103taru 8&#8242;, Anghel Iord\u0103nescu 30&#8242;<\/span><\/p>\n<p><span style=\"color: #333333;\">1998-03-25 <span class=\"apple-converted-space\"> <\/span><strong>Polska &#8211; S\u0142owenia<\/strong> 2-0 Warszawa  MT bramki: Wojciech Kowalczyk 37&#8242;, Tomasz Iwan 55&#8242;<\/span><\/p>\n<p><span style=\"color: #333333;\">2011-03-25 <span class=\"apple-converted-space\"> <\/span><strong>Litwa-Polska <\/strong> 2-0 Kowno MT bramki: Saulius Mikoli\u016bnas 18&#8242;, Edgaras \u010cesnauskis 29&#8242;<\/span><\/p>\n<h3><span class=\"ez-toc-section\" id=\"26_marca\"><\/span><strong><span style=\"color: #333333;\">26 marca<\/span><\/strong><span class=\"ez-toc-section-end\"><\/span><\/h3>\n<p><span style=\"color: #333333;\">1975-03-26 <span class=\"apple-converted-space\"> <\/span><strong>Polska &#8211; USA<\/strong> 7-0 Pozna\u0144 MT bramki: Grzegorz Lato 12&#8242;,51&#8242;, Andrzej Szarmach 19&#8242;,43&#8242;, Kazimierz Deyna 32&#8242;,67&#8242;,71&#8242;<\/span><\/p>\n<p><span style=\"color: #333333;\">1980-03-26 <span class=\"apple-converted-space\"> <\/span><strong>W\u0119gry &#8211; Polska<\/strong> 2-1 Budapeszt  MT bramki: Fazekas L\u00e1szl\u00f3 3&#8242;, T\u00f6r\u0151csik Andr\u00e1s 22&#8242;- Grzegorz Lato 24&#8242;<\/span><\/p>\n<p><span style=\"color: #333333;\">1986-03-26 <span class=\"apple-converted-space\"> <\/span><strong>Hiszpania &#8211; Polska<\/strong> 3-0 Kadyks MT bramki: Michel 20&#8242;, Calder\u00e9 30&#8242;, Julio Salinas 48&#8242;<\/span><\/p>\n<p><span style=\"color: #333333;\">2005-03-26 <span class=\"apple-converted-space\"> <\/span><strong>Polska &#8211; Azerbejd\u017can<\/strong> 8-0 Warszawa EM\u015a 2006 bramki: Tomasz Frankowski 12&#8242;, 63&#8242;, 67&#8242;, Aftandil Hac\u0131yev 16&#8242;-sam. Kamil Kosowski 41&#8242;, Jacek Krzyn\u00f3wek 73&#8242; , Marek Saganowski 85&#8242;,90&#8242;<\/span><\/p>\n<p><span style=\"color: #333333;\">2008-03-26 <span class=\"apple-converted-space\"> <\/span><strong>Polska &#8211; USA<\/strong> 0-3 Krak\u00f3w MT bramki: Carlos Bocanegra 12&#8242;, Oguchi Onyewu 35&#8242;, Eddie Lewis 73&#8242;<\/span><\/p>\n","protected":false},"excerpt":{"rendered":"<p>Kartka z kalendarza 20-26 marca 20 marca 1890.03.20 Za\u0142o\u017cono klub pi\u0142karski Servette Genewa 17-krotny mistrz Szwajcarii 1982.03.20 Urodzi\u0142 si\u0119 Tomasz Kuszczak 1984.03.20 Urodzi\u0142 si\u0119 Fernando Torres, hiszpa\u0144ski napastnik, mistrz \u015bwiata 2010, mistrz Europy 2008, 2012, Liga Mistrz\u00f3w 2012 i Liga Europy 2013 z Chelsea 1973-03-20 Polska &#8211; USA 4-0 MT \u0141\u00f3d\u017a bramki: W\u0142odzimierz Luba\u0144ski 17&#8242;,24&#8242;,84&#8242;, [&hellip;]<\/p>\n","protected":false},"author":3,"featured_media":0,"comment_status":"open","ping_status":"open","sticky":false,"template":"","format":"standard","meta":{"_acf_changed":false,"footnotes":""},"categories":[144],"tags":[143],"class_list":["post-6472","post","type-post","status-publish","format-standard","hentry","category-kartka-z-kalendarza","tag-kalendarium"],"acf":[],"_links":{"self":[{"href":"https:\/\/kronika-futbolu.pl\/historia\/wp-json\/wp\/v2\/posts\/6472","targetHints":{"allow":["GET"]}}],"collection":[{"href":"https:\/\/kronika-futbolu.pl\/historia\/wp-json\/wp\/v2\/posts"}],"about":[{"href":"https:\/\/kronika-futbolu.pl\/historia\/wp-json\/wp\/v2\/types\/post"}],"author":[{"embeddable":true,"href":"https:\/\/kronika-futbolu.pl\/historia\/wp-json\/wp\/v2\/users\/3"}],"replies":[{"embeddable":true,"href":"https:\/\/kronika-futbolu.pl\/historia\/wp-json\/wp\/v2\/comments?post=6472"}],"version-history":[{"count":0,"href":"https:\/\/kronika-futbolu.pl\/historia\/wp-json\/wp\/v2\/posts\/6472\/revisions"}],"wp:attachment":[{"href":"https:\/\/kronika-futbolu.pl\/historia\/wp-json\/wp\/v2\/media?parent=6472"}],"wp:term":[{"taxonomy":"category","embeddable":true,"href":"https:\/\/kronika-futbolu.pl\/historia\/wp-json\/wp\/v2\/categories?post=6472"},{"taxonomy":"post_tag","embeddable":true,"href":"https:\/\/kronika-futbolu.pl\/historia\/wp-json\/wp\/v2\/tags?post=6472"}],"curies":[{"name":"wp","href":"https:\/\/api.w.org\/{rel}","templated":true}]}}