{"id":6474,"date":"2017-03-26T10:00:18","date_gmt":"2017-03-26T08:00:18","guid":{"rendered":"https:\/\/kronika-futbolu.pl\/historia\/?p=6474"},"modified":"2017-03-26T10:00:18","modified_gmt":"2017-03-26T08:00:18","slug":"kartka-z-kalendarza-27-marca-2-kwietnia","status":"publish","type":"post","link":"https:\/\/kronika-futbolu.pl\/historia\/kartka-z-kalendarza-27-marca-2-kwietnia\/","title":{"rendered":"Kartka z kalendarza 27 marca &#8211; 2 kwietnia"},"content":{"rendered":"<p>Kartka z kalendarza 27 marca &#8211; 2 kwietnia<\/p>\n<div id=\"ez-toc-container\" class=\"ez-toc-v2_0_75 counter-hierarchy ez-toc-counter ez-toc-grey ez-toc-container-direction\">\n<div class=\"ez-toc-title-container\">\n<p class=\"ez-toc-title\" style=\"cursor:inherit\">Table of Contents<\/p>\n<span class=\"ez-toc-title-toggle\"><a href=\"#\" class=\"ez-toc-pull-right ez-toc-btn ez-toc-btn-xs ez-toc-btn-default ez-toc-toggle\" aria-label=\"Toggle Table of Content\"><span class=\"ez-toc-js-icon-con\"><span class=\"\"><span class=\"eztoc-hide\" style=\"display:none;\">Toggle<\/span><span class=\"ez-toc-icon-toggle-span\"><svg style=\"fill: #999;color:#999\" xmlns=\"http:\/\/www.w3.org\/2000\/svg\" class=\"list-377408\" width=\"20px\" height=\"20px\" viewBox=\"0 0 24 24\" fill=\"none\"><path d=\"M6 6H4v2h2V6zm14 0H8v2h12V6zM4 11h2v2H4v-2zm16 0H8v2h12v-2zM4 16h2v2H4v-2zm16 0H8v2h12v-2z\" fill=\"currentColor\"><\/path><\/svg><svg style=\"fill: #999;color:#999\" class=\"arrow-unsorted-368013\" xmlns=\"http:\/\/www.w3.org\/2000\/svg\" width=\"10px\" height=\"10px\" viewBox=\"0 0 24 24\" version=\"1.2\" baseProfile=\"tiny\"><path d=\"M18.2 9.3l-6.2-6.3-6.2 6.3c-.2.2-.3.4-.3.7s.1.5.3.7c.2.2.4.3.7.3h11c.3 0 .5-.1.7-.3.2-.2.3-.5.3-.7s-.1-.5-.3-.7zM5.8 14.7l6.2 6.3 6.2-6.3c.2-.2.3-.5.3-.7s-.1-.5-.3-.7c-.2-.2-.4-.3-.7-.3h-11c-.3 0-.5.1-.7.3-.2.2-.3.5-.3.7s.1.5.3.7z\"\/><\/svg><\/span><\/span><\/span><\/a><\/span><\/div>\n<nav><ul class='ez-toc-list ez-toc-list-level-1 ' ><li class='ez-toc-page-1 ez-toc-heading-level-3'><a class=\"ez-toc-link ez-toc-heading-1\" href=\"https:\/\/kronika-futbolu.pl\/historia\/kartka-z-kalendarza-27-marca-2-kwietnia\/#27_marca\" >27 marca<\/a><\/li><li class='ez-toc-page-1 ez-toc-heading-level-3'><a class=\"ez-toc-link ez-toc-heading-2\" href=\"https:\/\/kronika-futbolu.pl\/historia\/kartka-z-kalendarza-27-marca-2-kwietnia\/#28_marca\" >28 marca<\/a><\/li><li class='ez-toc-page-1 ez-toc-heading-level-3'><a class=\"ez-toc-link ez-toc-heading-3\" href=\"https:\/\/kronika-futbolu.pl\/historia\/kartka-z-kalendarza-27-marca-2-kwietnia\/#29_marca\" >29 marca<\/a><\/li><li class='ez-toc-page-1 ez-toc-heading-level-3'><a class=\"ez-toc-link ez-toc-heading-4\" href=\"https:\/\/kronika-futbolu.pl\/historia\/kartka-z-kalendarza-27-marca-2-kwietnia\/#30_marca\" >30 marca<\/a><\/li><li class='ez-toc-page-1 ez-toc-heading-level-3'><a class=\"ez-toc-link ez-toc-heading-5\" href=\"https:\/\/kronika-futbolu.pl\/historia\/kartka-z-kalendarza-27-marca-2-kwietnia\/#31_marca\" >31 marca<\/a><\/li><li class='ez-toc-page-1 ez-toc-heading-level-3'><a class=\"ez-toc-link ez-toc-heading-6\" href=\"https:\/\/kronika-futbolu.pl\/historia\/kartka-z-kalendarza-27-marca-2-kwietnia\/#1_kwietnia\" >1 kwietnia<\/a><\/li><li class='ez-toc-page-1 ez-toc-heading-level-3'><a class=\"ez-toc-link ez-toc-heading-7\" href=\"https:\/\/kronika-futbolu.pl\/historia\/kartka-z-kalendarza-27-marca-2-kwietnia\/#2_kwietnia\" >2 kwietnia<\/a><\/li><\/ul><\/nav><\/div>\n<h3><span class=\"ez-toc-section\" id=\"27_marca\"><\/span><strong>27 marca<\/strong><span class=\"ez-toc-section-end\"><\/span><\/h3>\n<p>1921.03.27 Urodzi\u0142 si\u0119 <strong>Moacir Barbosa<\/strong>, brazylijski , bramkarz, zdobywca Copa America 1949, wicemistrz \u015bwiata 1950 (zm. 2000)<\/p>\n<p>1953.03.27 Za\u0142o\u017cono klub pi\u0142karski <strong>Dynamo Berlin<\/strong>.<\/p>\n<p>1974.03.27 Urodzi\u0142 si\u0119 <strong>Marek Citko<\/strong>, pomocnik, mistrz Polski 1996 i 1997 z Widzewem<\/p>\n<p>1976.03.27 <strong>Michel Platini<\/strong> zadebiutowa\u0142 w pi\u0142karskiej reprezentacji Francji, strzelaj\u0105c bramk\u0119 w zremisowanym 2:2 meczu z Czechos\u0142owacj\u0105.<\/p>\n<p>1984-03-27 <strong>Szwajcaria &#8211; Polska <\/strong> 1-1 Zurych  MT bramki: Heinz Hermann 79&#8242;- Zbigniew Boniek 24&#8242;<\/p>\n<p>1985-03-27 <strong>Rumunia &#8211; Polska <\/strong> 0-0 MT Sibiu<\/p>\n<p>1991-03-27 <strong>Czechos\u0142owacja &#8211; Polska<\/strong> 4-0 O\u0142omuniec<br \/>\nMT bramki: Pavel Kuka 29&#8242;, \u013dubom\u00edr Morav\u010d\u00edk 42&#8242;, Ladislav Pecko 79&#8242; V\u00e1clav Dan\u011bk 83&#8242;<\/p>\n<p>1996-03-27 <strong>Polska &#8211; S\u0142owenia<\/strong> 0-0 MT \u0141\u00f3d\u017a<\/p>\n<p>1999-03-27 <strong>Anglia &#8211; Polska <\/strong> 3-1 Londyn  EME 2000 bramki: Paul Scholes 11&#8242;, 23&#8242;,71&#8242;-  Jerzy Brz\u0119czek 29&#8242;<\/p>\n<p>2002-03-27 <strong>Polska &#8211; Japonia<\/strong> 0-2 \u0141\u00f3d\u017a MT bramki: Hidetoshi Nakata 10&#8242;, Naohiro Takahara 42&#8242;<\/p>\n<p>2013-03-27 <strong>Polska-San Marino<\/strong> 5-0 Warszawa el.m\u015b bramki: Robert Lewandowski 21&#8242;-k. 50&#8242;-k. \u0141ukasz Piszczek 28&#8242;, \u0141ukasz Teodorczyk 61&#8242;, Jakub Kosecki 90&#8242;<\/p>\n<h3><span class=\"ez-toc-section\" id=\"28_marca\"><\/span><strong>28 marca<\/strong><span class=\"ez-toc-section-end\"><\/span><\/h3>\n<p>1897.03.28 Urodzi\u0142 si\u0119 <strong>Sepp Herberger,<\/strong> niemiecki napastnik, trener, selekcjoner reprezentacji Niemiec w latach 1936-1964. Jedna z najbardziej wybitnych postaci w niemieckim futbolu. (zm. 1977)<\/p>\n<p>1945.03.28 Urodzi\u0142 si\u0119 <strong>W\u0142adys\u0142aw Stachurski<\/strong>, pi\u0142karz, trener, selekcjoner reprezentacji Polski w latach 1995-1996<\/p>\n<p>1973-03-28 <strong>Walia &#8211; Polska<\/strong> 2-0 Cardiff EM\u015a 1974 bramki: Leighton James 46&#8242;, Trevor Hockey 85&#8242;<\/p>\n<p>1990-03-28 <strong>Polska &#8211; Serbia<\/strong> (dawna Jugos\u0142awia) 0-0 \u0141\u00f3d\u017a MT<\/p>\n<p>2001-03-28 <strong>Polska &#8211; Armenia <\/strong> 4-0 Warszawa EM\u015a 2002 bramki: Micha\u0142 \u017bew\u0142akow 13&#8242;-k, Emmanuel Olisadebe 42&#8242;, Marcin \u017bew\u0142akow 80&#8242;, Bartosz Karwan 88&#8242;<\/p>\n<p>2006-03-28 <strong>Arabia Saudyjska &#8211; Polska<\/strong> 1-2 Rijad MT bramki: Redha Hassan Tukar Fallatah 27&#8242;- \u0141ukasz Sosin 7&#8242;,63&#8242;<\/p>\n<p>2007-03-28 <strong>Polska &#8211; Armenia <\/strong> 1-0 Kielce EME 2008 bramki: Maciej \u017burawski 26&#8242;<\/p>\n<p>2009-03-28 <strong>Irlandia P\u0142n.-Polska<\/strong> 3-2 Belfast el.m\u015b bramki: Warren Feeney 10&#8242;, Jonny Evans 47&#8242;, Micha\u0142 \u017bew\u0142akow 61&#8242;-sam.- Ireneusz Jele\u0144 27&#8242;, Marek Saganowski 90&#8242;<\/p>\n<h3><span class=\"ez-toc-section\" id=\"29_marca\"><\/span><strong>29 marca<\/strong><span class=\"ez-toc-section-end\"><\/span><\/h3>\n<p>1943.03.29 Urodzi\u0142 si\u0119 <strong>Jan Bana\u015b<\/strong>, polski napastnik, zawodnik min. G\u00f3rnika Zabrze 1969-1975<\/p>\n<p>1972.03.29 Urodzi\u0142 si\u0119 <strong>Rui Costa<\/strong>, portugalski pomocnik, zdobywca Ligi MIstrz\u00f3w z Milanem 2003, wicemistrz Europy 2004<br \/>\n1995-03-29 <strong>Rumunia &#8211; Polska<\/strong> 2-1 Bukareszt EME 1996 bramki: Florin R\u0103ducioiu 45&#8242;, J\u00f3zef Wandzik 57&#8242;-sam.- Andrzej Juskowiak 42&#8242;-k.<\/p>\n<p>2000-03-29 <strong>W\u0119gry &#8211; Polska<\/strong> 0-0 Debreczyn <strong> <\/strong>MT<\/p>\n<p>2003-03-29 <strong>Polska &#8211; W\u0119gry <\/strong> 0-0 Chorz\u00f3w EME 2004<\/p>\n<p>2011-03-29 <strong>Grecja-Polska<\/strong> 0 -0 Pireus MT<\/p>\n<h3><span class=\"ez-toc-section\" id=\"30_marca\"><\/span><strong>30 marca<\/strong><span class=\"ez-toc-section-end\"><\/span><\/h3>\n<p>1915.03.30 Urodzi\u0142 si\u0119<strong> Arsenio Erico<\/strong>, paragwajski napastnik, uczetsnik Copa America przez 13 lat zwi\u0105zany z Independiente Argentyna(zm. 1977)<\/p>\n<p>2005-03-30 Warszawa <strong>Polska &#8211; Irlandia P\u00f3\u0142nocna<\/strong> 1-0 EM\u015a 2006 Maciej \u017burawski 87&#8242;<\/p>\n<h3><span class=\"ez-toc-section\" id=\"31_marca\"><\/span><strong>31 marca<\/strong><span class=\"ez-toc-section-end\"><\/span><\/h3>\n<p>1920.03.31 Urodzil si\u0119 <strong>Zdzis\u0142aw Gierwatowski,<\/strong> pi\u0142karz mistrz Polski z 1946 z Poloni\u0105 Warszawa trener uczestnik powstania warszawskiego (zm. 2005)<\/p>\n<p>1966.03.31 Urodzi\u0142 si\u0119 <strong>Tomasz Cebula<\/strong>, napastnik, zdobywca 3 miejsca na mistrzostwach Europy do lat 18 w 1984, mistrz Polski z \u0141KS 1998<\/p>\n<p>1968.03.31 Urodzi\u0142 si\u0119 <strong>C\u00e9sar Sampaio<\/strong>, brazylijski pomocnik, wicemistrz \u015bwiata z 1998, zdobywca Pucharu Konfederacji 1997, Copa America 1997<\/p>\n<p>1969.03.31 Urodzi\u0142 si\u0119 <strong>Francesco Moriero<\/strong>, w\u0142oski pomocnik, zawodnik min. Lecce, Romy, Interu<\/p>\n<p>1978.03.31 Urodzi\u0142 si\u0119 <strong>Maciej Nalepa<\/strong>, bramkarz 2-krotny reprezentant Polski, zawodnik min. Resovii, Stali Stalowej Woli Karpat Lw\u00f3w, Piasta Gliwice, Odry Wodzis\u0142aw<\/p>\n<p>1989.03.31 Urodzi\u0142 si\u0119 <strong>Pablo Piatti<\/strong>, argenty\u0144ski zawodnik, pi\u0142karz Estudiantes,Almer\u00eda, Valencia<\/p>\n<p>1993-03-31 <strong>Polska &#8211; Litwa<\/strong> 1-1 MT Brzeszcze bramki: Piotr \u015awierczewski 11&#8242;-k-  Eimantas Poderis 41&#8242;<\/p>\n<p>1999-03-31 <strong>Polska &#8211; Szwecja<\/strong> 0-1 EME 2000 Chorz\u00f3w gol: Fredrik Ljungberg 36&#8242;<\/p>\n<p>2004-03-31 <strong>Polska &#8211; USA<\/strong> 0-1 MT P\u0142ock gol: DaMarcus Beasley 26&#8242;<\/p>\n<p>1971.03.31 <strong>G\u00f3rnik Zabrze-Manchester City<\/strong> 1-3 PZP 1\/4 fina\u0142u w Kopenhadze- mecz dodatkowy bramki: W\u0142odzimierz Luba\u0144ski 57&#8242;- Neil Young 20&#8242;, Tommy Booth 38&#8242;, Francis Lee 65&#8242;<\/p>\n<p><strong> <\/strong><\/p>\n<h3><span class=\"ez-toc-section\" id=\"1_kwietnia\"><\/span><strong>1 kwietnia<\/strong><span class=\"ez-toc-section-end\"><\/span><\/h3>\n<p>1897.04.01 We Wroc\u0142awiu powsta\u0142 niemiecki klub pi\u0142karski<strong> SV Blitz Breslau<\/strong>.a<\/p>\n<p>1888.04.01 Za\u0142o\u017cono holenderski klub pi\u0142karski<strong> Sparta Rotterdam<\/strong>.<\/p>\n<p>1927.04.01 Urodzi\u0142 si\u0119 <strong>Ferenc Pusk\u00e1s<\/strong>, w\u0119gierski napastnik mistrz olimpijski 1952, i wicemistrz \u015bwiata 1954(zm. 2006)<\/p>\n<p>2009-04-01 <strong>Polska-San Marino<\/strong> 10-0 el.m\u015b Kielce bramki: Rafa\u0142 Boguski 1&#8242;,27&#8242;, Euzebiusz Smolarek 18&#8242;,60&#8242;,72&#8242;,81&#8242;, Robert Lewandowski 43&#8242;, Mariusz Lewandowski 63&#8242;, Ireneusz Jele\u0144 51&#8242;, Marek Saganowski 88&#8242;. Najwy\u017cszy wynik w historii polskiej reprezentacji.<\/p>\n<p>1970.04.01 <strong>Legia Warszawa-Feyenoord Rotterdam<\/strong> 0-0 Puchar Europy p\u00f3\u0142fina\u0142<\/p>\n<p>1970.04.01 <strong>AS Roma-G\u00f3rnik Zabrze<\/strong> 1-1 PZP p\u00f3\u0142fina\u0142 bramki: Elvio Salvori 53&#8242;- Jan Bana\u015b 28&#8242;<\/p>\n<h3><span class=\"ez-toc-section\" id=\"2_kwietnia\"><\/span><strong>2 kwietnia<\/strong><span class=\"ez-toc-section-end\"><\/span><\/h3>\n<p>1902.04.02 Za\u0142o\u017cono holenderski klub pi\u0142karski<strong> MVV Maastricht.<\/strong><\/p>\n<p>1954.04.02 Urodzi\u0142 si\u0119 <strong>Dragomir Okuka<\/strong>, serbski pi\u0142karz, trener pi\u0142karski, mistrz Polski 2002 z Legi\u0105 jak trener<\/p>\n<p>1966.04.02 <strong>Teddy Sheringham<\/strong>, angielski napastnik, zdobywca Ligi Mistrz\u00f3w 1999 z Manchesterem United.<\/p>\n<p>2003-04-02 <strong>Polska &#8211; San Marino<\/strong> 5-0 EME 2004 Ostrowiec \u015aw. bramki: Miros\u0142aw Szymkowiak 4&#8242;, Kamil Kosowski 27&#8242;, Marcin Ku\u017aba 55&#8242;, 90&#8242;, Bartosz Karwan 82&#8242;<\/p>\n<p>1997-04-02 <strong>Polska &#8211; W\u0142ochy<\/strong>0-0EM\u015a 1998 Chorz\u00f3w<\/p>\n<p>1980-04-02 <strong>Belgia &#8211; Polska<\/strong> 2-1 MT Bruksela bramki: Ludo Coeck 38&#8242;, Erwin Vandenbergh 58&#8242;- Grzegorz Lato 65&#8242;<\/p>\n","protected":false},"excerpt":{"rendered":"<p>Kartka z kalendarza 27 marca &#8211; 2 kwietnia 27 marca 1921.03.27 Urodzi\u0142 si\u0119 Moacir Barbosa, brazylijski , bramkarz, zdobywca Copa America 1949, wicemistrz \u015bwiata 1950 (zm. 2000) 1953.03.27 Za\u0142o\u017cono klub pi\u0142karski Dynamo Berlin. 1974.03.27 Urodzi\u0142 si\u0119 Marek Citko, pomocnik, mistrz Polski 1996 i 1997 z Widzewem 1976.03.27 Michel Platini zadebiutowa\u0142 w pi\u0142karskiej reprezentacji Francji, strzelaj\u0105c [&hellip;]<\/p>\n","protected":false},"author":3,"featured_media":0,"comment_status":"open","ping_status":"open","sticky":false,"template":"","format":"standard","meta":{"_acf_changed":false,"footnotes":""},"categories":[2,144],"tags":[143],"class_list":["post-6474","post","type-post","status-publish","format-standard","hentry","category-bez-kategorii","category-kartka-z-kalendarza","tag-kalendarium"],"acf":[],"_links":{"self":[{"href":"https:\/\/kronika-futbolu.pl\/historia\/wp-json\/wp\/v2\/posts\/6474","targetHints":{"allow":["GET"]}}],"collection":[{"href":"https:\/\/kronika-futbolu.pl\/historia\/wp-json\/wp\/v2\/posts"}],"about":[{"href":"https:\/\/kronika-futbolu.pl\/historia\/wp-json\/wp\/v2\/types\/post"}],"author":[{"embeddable":true,"href":"https:\/\/kronika-futbolu.pl\/historia\/wp-json\/wp\/v2\/users\/3"}],"replies":[{"embeddable":true,"href":"https:\/\/kronika-futbolu.pl\/historia\/wp-json\/wp\/v2\/comments?post=6474"}],"version-history":[{"count":0,"href":"https:\/\/kronika-futbolu.pl\/historia\/wp-json\/wp\/v2\/posts\/6474\/revisions"}],"wp:attachment":[{"href":"https:\/\/kronika-futbolu.pl\/historia\/wp-json\/wp\/v2\/media?parent=6474"}],"wp:term":[{"taxonomy":"category","embeddable":true,"href":"https:\/\/kronika-futbolu.pl\/historia\/wp-json\/wp\/v2\/categories?post=6474"},{"taxonomy":"post_tag","embeddable":true,"href":"https:\/\/kronika-futbolu.pl\/historia\/wp-json\/wp\/v2\/tags?post=6474"}],"curies":[{"name":"wp","href":"https:\/\/api.w.org\/{rel}","templated":true}]}}