{"id":6542,"date":"2017-03-23T20:57:46","date_gmt":"2017-03-23T19:57:46","guid":{"rendered":"https:\/\/kronika-futbolu.pl\/historia\/?p=6542"},"modified":"2017-03-23T20:57:46","modified_gmt":"2017-03-23T19:57:46","slug":"z-czarnogora-po-raz-3","status":"publish","type":"post","link":"https:\/\/kronika-futbolu.pl\/historia\/z-czarnogora-po-raz-3\/","title":{"rendered":"Z Czarnog\u00f3r\u0105 po raz 3"},"content":{"rendered":"<p>W niedziel\u0119 26 marca 2017 Polska reprezentacja zagra kolejny mecz w eliminacjach do Mistrzostw \u015awiata 2018. Rywalem b\u0119dzie Czarnog\u00f3ra a mecz zostanie rozegrany w Podgoricy.<\/p>\n<p>Historia i bilans mecz\u00f3w Polska-Czarnog\u00f3ra w pi\u0142ce no\u017cnej to 2 mecze, 2 zwyci\u0119stwa i 2 remisy, bramki: 3-3. Po raz pierwszy z Czarnog\u00f3r\u0105 zmierzyli\u015bmy si\u0119 podczas eliminacji do Mistrzostw \u015awiata 2014. Oba spotkania zako\u0144czy\u0142y si\u0119 remisem. Reprezentacj\u0119 Polskie prowadzi\u0142 w\u00f3wczas Waldemar Fornalik.<\/p>\n<p>Oto kilka statystyk meczu <strong>Czarnog\u00f3ra-Polska 26.03.2017:<\/strong><\/p>\n<p><strong>808 mecz<\/strong> w historii polskiej reprezentacji (350 zwyci\u0119stw, 200 remis\u00f3w, 257 pora\u017cek)<br \/>\n<strong>111 w eliminacjach do mistrzostw \u015bwiata<\/strong> (55 zwyci\u0119stw, 21 remis\u00f3w, 34 pora\u017cki)<br \/>\n<strong>253 o punkty<\/strong> (eliminacje do mistrzostw \u015bwiata, europy, mecze mistrzostw \u015bwiata i europy)<br \/>\n<strong>360 na wyje\u017adzie <\/strong> (115 zwyci\u0119stw, 86 remis\u00f3w, 158 pora\u017cek)<br \/>\n<strong>54 w marcu <\/strong>(21 zwyci\u0119stw, 14 remis\u00f3w, 18 pora\u017cek)<br \/>\n<strong>248 w niedziel\u0119<\/strong> (101 zwyci\u0119stw, 56 remis\u00f3w, 90 pora\u017cek)<br \/>\n<strong>36 spotkanie gdy trenerem jest Adam Nawa\u0142ka <\/strong>(18 zwyci\u0119stw, 13 remis\u00f3w, 4 pora\u017cki)<br \/>\n<strong>26 marca<\/strong> rozegrali\u015bmy jak dot\u0105d 6 mecz\u00f3w- 3 wygrane i 3 przegrane.<\/p>\n<p>Je\u015bli Bia\u0142o-Czerwoni wygraj\u0105 lub zremisuj\u0105 odnotuj\u0105 12 mecz bez pora\u017cki z rz\u0119du. (Rekord 13 mecz\u00f3w)<\/p>\n<div id=\"ez-toc-container\" class=\"ez-toc-v2_0_75 counter-hierarchy ez-toc-counter ez-toc-grey ez-toc-container-direction\">\n<div class=\"ez-toc-title-container\">\n<p class=\"ez-toc-title\" style=\"cursor:inherit\">Table of Contents<\/p>\n<span class=\"ez-toc-title-toggle\"><a href=\"#\" class=\"ez-toc-pull-right ez-toc-btn ez-toc-btn-xs ez-toc-btn-default ez-toc-toggle\" aria-label=\"Toggle Table of Content\"><span class=\"ez-toc-js-icon-con\"><span class=\"\"><span class=\"eztoc-hide\" style=\"display:none;\">Toggle<\/span><span class=\"ez-toc-icon-toggle-span\"><svg style=\"fill: #999;color:#999\" xmlns=\"http:\/\/www.w3.org\/2000\/svg\" class=\"list-377408\" width=\"20px\" height=\"20px\" viewBox=\"0 0 24 24\" fill=\"none\"><path d=\"M6 6H4v2h2V6zm14 0H8v2h12V6zM4 11h2v2H4v-2zm16 0H8v2h12v-2zM4 16h2v2H4v-2zm16 0H8v2h12v-2z\" fill=\"currentColor\"><\/path><\/svg><svg style=\"fill: #999;color:#999\" class=\"arrow-unsorted-368013\" xmlns=\"http:\/\/www.w3.org\/2000\/svg\" width=\"10px\" height=\"10px\" viewBox=\"0 0 24 24\" version=\"1.2\" baseProfile=\"tiny\"><path d=\"M18.2 9.3l-6.2-6.3-6.2 6.3c-.2.2-.3.4-.3.7s.1.5.3.7c.2.2.4.3.7.3h11c.3 0 .5-.1.7-.3.2-.2.3-.5.3-.7s-.1-.5-.3-.7zM5.8 14.7l6.2 6.3 6.2-6.3c.2-.2.3-.5.3-.7s-.1-.5-.3-.7c-.2-.2-.4-.3-.7-.3h-11c-.3 0-.5.1-.7.3-.2.2-.3.5-.3.7s.1.5.3.7z\"\/><\/svg><\/span><\/span><\/span><\/a><\/span><\/div>\n<nav><ul class='ez-toc-list ez-toc-list-level-1 ' ><li class='ez-toc-page-1 ez-toc-heading-level-3'><a class=\"ez-toc-link ez-toc-heading-1\" href=\"https:\/\/kronika-futbolu.pl\/historia\/z-czarnogora-po-raz-3\/#Czarnogora-Polska_07092012_Podgorica_2-2_ELMS_2014_Fornalik\" >Czarnog\u00f3ra-Polska 07.09.2012 Podgorica 2-2 EL.M\u015a 2014 Fornalik<\/a><\/li><li class='ez-toc-page-1 ez-toc-heading-level-3'><a class=\"ez-toc-link ez-toc-heading-2\" href=\"https:\/\/kronika-futbolu.pl\/historia\/z-czarnogora-po-raz-3\/#Polska-Czarnogora_06092013_Warszawa_1-1_ELMS_2014_Fornalik\" >Polska-Czarnog\u00f3ra 06.09.2013 Warszawa 1-1 EL.M\u015a 2014 Fornalik<\/a><\/li><\/ul><\/nav><\/div>\n<h3><span class=\"ez-toc-section\" id=\"Czarnogora-Polska_07092012_Podgorica_2-2_ELMS_2014_Fornalik\"><\/span><strong>Czarnog\u00f3ra-Polska 07.09.2012 Podgorica 2-2 EL.M\u015a 2014 Fornalik<\/strong><span class=\"ez-toc-section-end\"><\/span><\/h3>\n<p><strong>Czarnog\u00f3ra<\/strong>: Mladen Bo\u017eovi\u0107, Savo Pavi\u0107evi\u0107, Stefan Savi\u0107, Marko Ba\u0161a, Milan Jovanovi\u0107 (65&#8242; Filip Kasalica), Simon Vuk\u010devi\u0107 (71&#8242; Milorad Pekovi\u0107), Nikola Drin\u010di\u0107 (84&#8242; Miodrag D\u017eudovi\u0107), Elsad Zveroti\u0107, Stevan Joveti\u0107, Vladimir Volkov, Mirko Vu\u010dini\u0107<\/p>\n<p><strong>Polska<\/strong>: Przemys\u0142aw Tyto\u0144, \u0141ukasz Piszczek, Marcin Wasilewski, Kamil Glik, Jakub Wawrzyniak, Jakub B\u0142aszczykowski, Ariel Borysiuk (69&#8242; Rafa\u0142 Murawski), Eugen Polanski, Ludovic Obraniak, Kamil Grosicki (46&#8242; Adrian Mierzejewski) Robert Lewandowski (90&#8242; Marek Saganowski)<\/p>\n<p>czerwone kartki: Savo Pavi\u0107evi\u0107 69&#8242; i Ludovic Obraniak 72&#8242;<br \/>\nbramki: Nikola Drin\u010di\u0107 27&#8242;, Mirko Vu\u010dini\u0107 45&#8242;- Jakub B\u0142aszczykowski 6&#8242;-k. Adrian Mierzejewski 55&#8242;<\/p>\n<h3><span class=\"ez-toc-section\" id=\"Polska-Czarnogora_06092013_Warszawa_1-1_ELMS_2014_Fornalik\"><\/span><strong>Polska-Czarnog\u00f3ra 06.09.2013 Warszawa 1-1 EL.M\u015a 2014 Fornalik<\/strong><span class=\"ez-toc-section-end\"><\/span><\/h3>\n<p><strong>Polska<\/strong>: Artur Boruc, Artur J\u0119drzejczyk, \u0141ukasz Szuka\u0142a, Kamil Glik, Jakub Wawrzyniak (27&#8242; Sebastian Boenisch), Jakub B\u0142aszczykowski, Grzegorz Krychowiak, Piotr Zieli\u0144ski (75&#8242; Adrian Mierzejewski), Mateusz Klich, Waldemar Sobota (62&#8242; Pawe\u0142 Wszo\u0142ek), Robert Lewandowski<\/p>\n<p><strong>Czarnog\u00f3ra<\/strong>: Mladen Bo\u017eovi\u0107, Stefan Savi\u0107, Miodrag D\u017eudovi\u0107, Marko Ba\u0161a, Vladimir Bo\u017eovi\u0107, Elsad Zveroti\u0107, Nikola Drin\u010di\u0107, Milo\u0161 Krkoti\u0107 (46&#8242; Simon Vuk\u010devi\u0107), Mirko Vu\u010dini\u0107 (37&#8242; Filip Kasalica), Branko Bo\u0161kovi\u0107, Dejan Damjanovi\u0107 (86&#8242; Fatos Be\u0107iraj)<\/p>\n<p>bramki: Robert Lewandowski 16&#8242;- Dejan Damjanovi\u0107 11&#8242;<\/p>\n","protected":false},"excerpt":{"rendered":"<p>W niedziel\u0119 26 marca 2017 Polska reprezentacja zagra kolejny mecz w eliminacjach do Mistrzostw \u015awiata 2018. Rywalem b\u0119dzie Czarnog\u00f3ra a mecz zostanie rozegrany w Podgoricy. Historia i bilans mecz\u00f3w Polska-Czarnog\u00f3ra w pi\u0142ce no\u017cnej to 2 mecze, 2 zwyci\u0119stwa i 2 remisy, bramki: 3-3. Po raz pierwszy z Czarnog\u00f3r\u0105 zmierzyli\u015bmy si\u0119 podczas eliminacji do Mistrzostw \u015awiata [&hellip;]<\/p>\n","protected":false},"author":3,"featured_media":2303,"comment_status":"open","ping_status":"open","sticky":false,"template":"","format":"standard","meta":{"_acf_changed":false,"footnotes":""},"categories":[113],"tags":[103,37,28],"class_list":["post-6542","post","type-post","status-publish","format-standard","has-post-thumbnail","hentry","category-reprezentacja","tag-czarnogora","tag-polska","tag-statystyka"],"acf":[],"_links":{"self":[{"href":"https:\/\/kronika-futbolu.pl\/historia\/wp-json\/wp\/v2\/posts\/6542","targetHints":{"allow":["GET"]}}],"collection":[{"href":"https:\/\/kronika-futbolu.pl\/historia\/wp-json\/wp\/v2\/posts"}],"about":[{"href":"https:\/\/kronika-futbolu.pl\/historia\/wp-json\/wp\/v2\/types\/post"}],"author":[{"embeddable":true,"href":"https:\/\/kronika-futbolu.pl\/historia\/wp-json\/wp\/v2\/users\/3"}],"replies":[{"embeddable":true,"href":"https:\/\/kronika-futbolu.pl\/historia\/wp-json\/wp\/v2\/comments?post=6542"}],"version-history":[{"count":0,"href":"https:\/\/kronika-futbolu.pl\/historia\/wp-json\/wp\/v2\/posts\/6542\/revisions"}],"wp:featuredmedia":[{"embeddable":true,"href":"https:\/\/kronika-futbolu.pl\/historia\/wp-json\/wp\/v2\/media\/2303"}],"wp:attachment":[{"href":"https:\/\/kronika-futbolu.pl\/historia\/wp-json\/wp\/v2\/media?parent=6542"}],"wp:term":[{"taxonomy":"category","embeddable":true,"href":"https:\/\/kronika-futbolu.pl\/historia\/wp-json\/wp\/v2\/categories?post=6542"},{"taxonomy":"post_tag","embeddable":true,"href":"https:\/\/kronika-futbolu.pl\/historia\/wp-json\/wp\/v2\/tags?post=6542"}],"curies":[{"name":"wp","href":"https:\/\/api.w.org\/{rel}","templated":true}]}}