{"id":6557,"date":"2020-03-24T00:01:43","date_gmt":"2020-03-23T23:01:43","guid":{"rendered":"https:\/\/kronika-futbolu.pl\/historia\/?p=6557"},"modified":"2020-03-24T00:01:43","modified_gmt":"2020-03-23T23:01:43","slug":"24-marca-2007-pierwszy-oficjalny-mecz-czarnogory","status":"publish","type":"post","link":"https:\/\/kronika-futbolu.pl\/historia\/24-marca-2007-pierwszy-oficjalny-mecz-czarnogory\/","title":{"rendered":"24 marca 2007 &#8211; pierwszy oficjalny mecz Czarnog\u00f3ry"},"content":{"rendered":"<h3>24 marca 2007 &#8211; pierwszy oficjalny mecz Czarnog\u00f3ry<\/h3>\n<p>Dzisiaj mija dok\u0142adnie 13 lat od rozegrania pierwszego oficjalnego meczu reprezentacji Czarnog\u00f3ry &#8211; naszego niedzielnego rywala w eliminacjach do Mistrzostw \u015awiata 2018.<\/p>\n<p>W I swoim meczu Czarnog\u00f3ra pokona\u0142a 2-1 W\u0119gr\u00f3w w spotkaniu towarzyskim rozegranym w Podgoricy. Na stadionie zasiad\u0142o 12 tysi\u0119cy kibic\u00f3w. Pierwsi prowadzenie obj\u0119li go\u015bcie- bramk\u0119 zdoby\u0142 ju\u017c w pierwszej minucie Priskin Tam\u00e1s. Wyr\u00f3wna\u0142 z rzutu karnego Mirko Vu\u010dini\u0107 w 64 minucie a zwyci\u0119sk\u0105 bramk\u0119 dla Czarnog\u00f3ry strzeli\u0142 Igor Burzanovi\u0107 tak\u017ce z rzutu karnego w 81 minucie.<\/p>\n<p>Czarnog\u00f3ra og\u0142osi\u0142a oddzielenie si\u0119 od Serbii w 2006 roku (wcze\u015bniej by\u0142a Serbia i Czarnog\u00f3ra). Administracja i historia poprzedniego po\u0142\u0105czonego zespo\u0142u narodowego pozosta\u0142y z Serbi\u0105, kt\u00f3ra r\u00f3wnie\u017c odziedziczy\u0142a cz\u0142onkostwo w FIFA i UEFA. W rezultacie Czarnog\u00f3ra rozpocz\u0119\u0142a nowe stowarzyszenie pi\u0142karskie i reprezentacj\u0119 narodow\u0105.<\/p>\n<p>Nowa dru\u017cyna narodowa Czarnog\u00f3ry oficjalnie przyst\u0105pi\u0142a do UEFA w styczniu 2007 roku i FIFA w tym samym roku. Dotychczas Czarnog\u00f3ra rozegra\u0142a 104 mecze z czego 34 wygra\u0142a, 28 zremisowa\u0142a i 42 przegra\u0142a. Strzeli\u0142a 124 goli, trac\u0105c 142.<\/p>\n","protected":false},"excerpt":{"rendered":"<p>24 marca 2007 &#8211; pierwszy oficjalny mecz Czarnog\u00f3ry Dzisiaj mija dok\u0142adnie 13 lat od rozegrania pierwszego oficjalnego meczu reprezentacji Czarnog\u00f3ry &#8211; naszego niedzielnego rywala w eliminacjach do Mistrzostw \u015awiata 2018. W I swoim meczu Czarnog\u00f3ra pokona\u0142a 2-1 W\u0119gr\u00f3w w spotkaniu towarzyskim rozegranym w Podgoricy. Na stadionie zasiad\u0142o 12 tysi\u0119cy kibic\u00f3w. Pierwsi prowadzenie obj\u0119li go\u015bcie- bramk\u0119 [&hellip;]<\/p>\n","protected":false},"author":3,"featured_media":2303,"comment_status":"open","ping_status":"open","sticky":false,"template":"","format":"standard","meta":{"_acf_changed":false,"footnotes":""},"categories":[407],"tags":[103,382],"class_list":["post-6557","post","type-post","status-publish","format-standard","has-post-thumbnail","hentry","category-tego-dnia","tag-czarnogora","tag-tego-dnia"],"acf":[],"_links":{"self":[{"href":"https:\/\/kronika-futbolu.pl\/historia\/wp-json\/wp\/v2\/posts\/6557","targetHints":{"allow":["GET"]}}],"collection":[{"href":"https:\/\/kronika-futbolu.pl\/historia\/wp-json\/wp\/v2\/posts"}],"about":[{"href":"https:\/\/kronika-futbolu.pl\/historia\/wp-json\/wp\/v2\/types\/post"}],"author":[{"embeddable":true,"href":"https:\/\/kronika-futbolu.pl\/historia\/wp-json\/wp\/v2\/users\/3"}],"replies":[{"embeddable":true,"href":"https:\/\/kronika-futbolu.pl\/historia\/wp-json\/wp\/v2\/comments?post=6557"}],"version-history":[{"count":0,"href":"https:\/\/kronika-futbolu.pl\/historia\/wp-json\/wp\/v2\/posts\/6557\/revisions"}],"wp:featuredmedia":[{"embeddable":true,"href":"https:\/\/kronika-futbolu.pl\/historia\/wp-json\/wp\/v2\/media\/2303"}],"wp:attachment":[{"href":"https:\/\/kronika-futbolu.pl\/historia\/wp-json\/wp\/v2\/media?parent=6557"}],"wp:term":[{"taxonomy":"category","embeddable":true,"href":"https:\/\/kronika-futbolu.pl\/historia\/wp-json\/wp\/v2\/categories?post=6557"},{"taxonomy":"post_tag","embeddable":true,"href":"https:\/\/kronika-futbolu.pl\/historia\/wp-json\/wp\/v2\/tags?post=6557"}],"curies":[{"name":"wp","href":"https:\/\/api.w.org\/{rel}","templated":true}]}}