{"id":6620,"date":"2020-03-29T00:02:30","date_gmt":"2020-03-28T23:02:30","guid":{"rendered":"https:\/\/kronika-futbolu.pl\/historia\/?p=6620"},"modified":"2020-03-29T00:02:30","modified_gmt":"2020-03-28T23:02:30","slug":"29-marca-1943-urodzil-sie-jan-banas","status":"publish","type":"post","link":"https:\/\/kronika-futbolu.pl\/historia\/29-marca-1943-urodzil-sie-jan-banas\/","title":{"rendered":"29 marca 1943 urodzi\u0142 si\u0119 Jan Bana\u015b"},"content":{"rendered":"<h3>29 marca 1943 urodzi\u0142 si\u0119 Jan Bana\u015b<\/h3>\n<p>77 lat temu 29 marca 1943 roku w Berlinie urodzi\u0142 si\u0119 Heinz-Dieter Banas kt\u00f3ry od 2 marca 1967 nazywa\u0142 si\u0119 Jan Bana\u015b. Mistrz Polski z G\u00f3rnikiem, reprezentant kraju. Syn Polki i Niemca. Rodzice poznali si\u0119 we Lwowie. Podczas wojny przed porodem matka wyjecha\u0142a do Berlina gdzie powiedziano jej \u017ce ojciec dziecka zmar\u0142 na froncie. Okaza\u0142o si\u0119 jednak \u017ce ojciec Jana by\u0142 ju\u017c \u017conaty.<\/p>\n<p>Karier\u0119 pi\u0142karsk\u0105 rozpocz\u0105\u0142 w AKS Miko\u0142owie. P\u00f3\u017aniej WKKF Katowice i Zryw Chorz\u00f3w. Nast\u0119pnie zosta\u0142 zawodnikiem Polonii Bytom. W 1966 podczas meczu Pucharu Intertoto przeciwko szwedzkiemu IFK Norrk\u00f6ping uciek\u0142 do Niemiec. za namow\u0105 ojca, kt\u00f3ry widz\u0105c \u017ce Jego syn jest reprezentantem Polski postanowi\u0142 na nim zarobi\u0107 b\u0119d\u0105c Jego mened\u017cerem w Niemczech. Trenowa\u0142 w Hof a p\u00f3\u017aniej nawet z FC Koeln. Niestety obowi\u0105zywa\u0142a do 2 letnia karencja i nie m\u00f3g\u0142 gra\u0107 w \u017cadnym klubie.<\/p>\n<p>Postanowi\u0142 wr\u00f3ci\u0107 do Polski, na szcz\u0119\u015bcie unikn\u0105\u0142 kary i wznowi\u0142 gr\u0119 w Polonii Bytom. W G\u00f3rniku Zabrze zdoby\u0142 dwa tytu\u0142y mistrza Polski 1971 i 1972, oraz 3 Puchary polski 1970, 1971, 1972. Zagra\u0142 w fianle Pucharu Zdobywc\u00f3w Puchar\u00f3w, strzelaj\u0105c min w p\u00f3\u0142finale gola AS Romie. Kolejnymi Jego klubami by\u0142y zepso\u0142y z USA Wis\u0142a Chicago i Polonia Chicago. Po powrocie do Europy gra\u0142 min. w Atl\u00e9tico Espa\u00f1ol, KSC Lokeren, US Melun.<\/p>\n<p>W reprezentacji Polski rozegra\u0142 31 mecz\u00f3w strzelaj\u0105c 6 goli, lecz jest mu czasami przypisywana bramka przeciwko Anglii w czerwcu 1973 roku kt\u00f3ra oficjalnie uznano \u017ce strzeli\u0142 j\u0105 Robert Gadocha. W\u0142adze zakaza\u0142y Banasiowi wyje\u017cd\u017ca\u0107 z reprezentacj\u0105 do Niemiec (z klubem m\u00f3g\u0142) i przez to nie pojecha\u0142 na Olimpiad\u0119 w 1972 roku w i na pami\u0119tny Mundial 1974.<\/p>\n<p>Jako pi\u0142karz Bana\u015b imponowa\u0142 \u015bwietnym wyszkoleniem technicznym, zbiera\u0142 oklaski za sztuczki techniczne, posiada\u0142 znakomity przegl\u0105d sytuacji, strzela\u0142 bramki w nieprawdopodobnych sytuacjach.[1]<\/p>\n<p>\u017ar\u00f3d\u0142a:<\/p>\n<p>[1]http:\/\/wikigornik.pl\/wiki\/Jan_Bana%C5%9B<\/p>\n<p>http:\/\/eurosport.onet.pl\/pilka-nozna\/kadra\/jan-banas-czlowiek-ktory-mogl-zostac-legenda\/5644mb<\/p>\n<p>fot.: <span class=\"irc_ho\" dir=\"ltr\">Alchetron<\/span><\/p>\n","protected":false},"excerpt":{"rendered":"<p>29 marca 1943 urodzi\u0142 si\u0119 Jan Bana\u015b 77 lat temu 29 marca 1943 roku w Berlinie urodzi\u0142 si\u0119 Heinz-Dieter Banas kt\u00f3ry od 2 marca 1967 nazywa\u0142 si\u0119 Jan Bana\u015b. Mistrz Polski z G\u00f3rnikiem, reprezentant kraju. Syn Polki i Niemca. Rodzice poznali si\u0119 we Lwowie. Podczas wojny przed porodem matka wyjecha\u0142a do Berlina gdzie powiedziano jej [&hellip;]<\/p>\n","protected":false},"author":3,"featured_media":6621,"comment_status":"open","ping_status":"open","sticky":false,"template":"","format":"standard","meta":{"_acf_changed":false,"footnotes":""},"categories":[407],"tags":[497,382],"class_list":["post-6620","post","type-post","status-publish","format-standard","has-post-thumbnail","hentry","category-tego-dnia","tag-jan-banas","tag-tego-dnia"],"acf":[],"_links":{"self":[{"href":"https:\/\/kronika-futbolu.pl\/historia\/wp-json\/wp\/v2\/posts\/6620","targetHints":{"allow":["GET"]}}],"collection":[{"href":"https:\/\/kronika-futbolu.pl\/historia\/wp-json\/wp\/v2\/posts"}],"about":[{"href":"https:\/\/kronika-futbolu.pl\/historia\/wp-json\/wp\/v2\/types\/post"}],"author":[{"embeddable":true,"href":"https:\/\/kronika-futbolu.pl\/historia\/wp-json\/wp\/v2\/users\/3"}],"replies":[{"embeddable":true,"href":"https:\/\/kronika-futbolu.pl\/historia\/wp-json\/wp\/v2\/comments?post=6620"}],"version-history":[{"count":0,"href":"https:\/\/kronika-futbolu.pl\/historia\/wp-json\/wp\/v2\/posts\/6620\/revisions"}],"wp:featuredmedia":[{"embeddable":true,"href":"https:\/\/kronika-futbolu.pl\/historia\/wp-json\/wp\/v2\/media\/6621"}],"wp:attachment":[{"href":"https:\/\/kronika-futbolu.pl\/historia\/wp-json\/wp\/v2\/media?parent=6620"}],"wp:term":[{"taxonomy":"category","embeddable":true,"href":"https:\/\/kronika-futbolu.pl\/historia\/wp-json\/wp\/v2\/categories?post=6620"},{"taxonomy":"post_tag","embeddable":true,"href":"https:\/\/kronika-futbolu.pl\/historia\/wp-json\/wp\/v2\/tags?post=6620"}],"curies":[{"name":"wp","href":"https:\/\/api.w.org\/{rel}","templated":true}]}}