{"id":6627,"date":"2017-04-02T10:00:08","date_gmt":"2017-04-02T08:00:08","guid":{"rendered":"https:\/\/kronika-futbolu.pl\/historia\/?p=6627"},"modified":"2017-04-02T10:00:08","modified_gmt":"2017-04-02T08:00:08","slug":"kartka-kalendarza-3-9-kwietnia-2017","status":"publish","type":"post","link":"https:\/\/kronika-futbolu.pl\/historia\/kartka-kalendarza-3-9-kwietnia-2017\/","title":{"rendered":"Pi\u0142karska kartka z kalendarza 3-9 kwietnia"},"content":{"rendered":"<div id=\"ez-toc-container\" class=\"ez-toc-v2_0_75 counter-hierarchy ez-toc-counter ez-toc-grey ez-toc-container-direction\">\n<div class=\"ez-toc-title-container\">\n<p class=\"ez-toc-title\" style=\"cursor:inherit\">Table of Contents<\/p>\n<span class=\"ez-toc-title-toggle\"><a href=\"#\" class=\"ez-toc-pull-right ez-toc-btn ez-toc-btn-xs ez-toc-btn-default ez-toc-toggle\" aria-label=\"Toggle Table of Content\"><span class=\"ez-toc-js-icon-con\"><span class=\"\"><span class=\"eztoc-hide\" style=\"display:none;\">Toggle<\/span><span class=\"ez-toc-icon-toggle-span\"><svg style=\"fill: #999;color:#999\" xmlns=\"http:\/\/www.w3.org\/2000\/svg\" class=\"list-377408\" width=\"20px\" height=\"20px\" viewBox=\"0 0 24 24\" fill=\"none\"><path d=\"M6 6H4v2h2V6zm14 0H8v2h12V6zM4 11h2v2H4v-2zm16 0H8v2h12v-2zM4 16h2v2H4v-2zm16 0H8v2h12v-2z\" fill=\"currentColor\"><\/path><\/svg><svg style=\"fill: #999;color:#999\" class=\"arrow-unsorted-368013\" xmlns=\"http:\/\/www.w3.org\/2000\/svg\" width=\"10px\" height=\"10px\" viewBox=\"0 0 24 24\" version=\"1.2\" baseProfile=\"tiny\"><path d=\"M18.2 9.3l-6.2-6.3-6.2 6.3c-.2.2-.3.4-.3.7s.1.5.3.7c.2.2.4.3.7.3h11c.3 0 .5-.1.7-.3.2-.2.3-.5.3-.7s-.1-.5-.3-.7zM5.8 14.7l6.2 6.3 6.2-6.3c.2-.2.3-.5.3-.7s-.1-.5-.3-.7c-.2-.2-.4-.3-.7-.3h-11c-.3 0-.5.1-.7.3-.2.2-.3.5-.3.7s.1.5.3.7z\"\/><\/svg><\/span><\/span><\/span><\/a><\/span><\/div>\n<nav><ul class='ez-toc-list ez-toc-list-level-1 ' ><li class='ez-toc-page-1 ez-toc-heading-level-3'><a class=\"ez-toc-link ez-toc-heading-1\" href=\"https:\/\/kronika-futbolu.pl\/historia\/kartka-kalendarza-3-9-kwietnia-2017\/#Pilkarska_kartka_z_kalendarza_3-9_kwietnia\" >Pi\u0142karska kartka z kalendarza 3-9 kwietnia<\/a><ul class='ez-toc-list-level-4' ><li class='ez-toc-heading-level-4'><a class=\"ez-toc-link ez-toc-heading-2\" href=\"https:\/\/kronika-futbolu.pl\/historia\/kartka-kalendarza-3-9-kwietnia-2017\/#3_kwietnia\" >3 kwietnia<\/a><\/li><li class='ez-toc-page-1 ez-toc-heading-level-4'><a class=\"ez-toc-link ez-toc-heading-3\" href=\"https:\/\/kronika-futbolu.pl\/historia\/kartka-kalendarza-3-9-kwietnia-2017\/#4_kwietnia\" >4 kwietnia<\/a><\/li><li class='ez-toc-page-1 ez-toc-heading-level-4'><a class=\"ez-toc-link ez-toc-heading-4\" href=\"https:\/\/kronika-futbolu.pl\/historia\/kartka-kalendarza-3-9-kwietnia-2017\/#5_kwietnia\" >5 kwietnia<\/a><\/li><li class='ez-toc-page-1 ez-toc-heading-level-4'><a class=\"ez-toc-link ez-toc-heading-5\" href=\"https:\/\/kronika-futbolu.pl\/historia\/kartka-kalendarza-3-9-kwietnia-2017\/#6_kwietnia\" >6 kwietnia<\/a><\/li><li class='ez-toc-page-1 ez-toc-heading-level-4'><a class=\"ez-toc-link ez-toc-heading-6\" href=\"https:\/\/kronika-futbolu.pl\/historia\/kartka-kalendarza-3-9-kwietnia-2017\/#7_kwietnia\" >7 kwietnia<\/a><\/li><li class='ez-toc-page-1 ez-toc-heading-level-4'><a class=\"ez-toc-link ez-toc-heading-7\" href=\"https:\/\/kronika-futbolu.pl\/historia\/kartka-kalendarza-3-9-kwietnia-2017\/#8_kwietnia\" >8 kwietnia<\/a><\/li><li class='ez-toc-page-1 ez-toc-heading-level-4'><a class=\"ez-toc-link ez-toc-heading-8\" href=\"https:\/\/kronika-futbolu.pl\/historia\/kartka-kalendarza-3-9-kwietnia-2017\/#9_kwietnia\" >9 kwietnia<\/a><\/li><\/ul><\/li><\/ul><\/nav><\/div>\n<h3><span class=\"ez-toc-section\" id=\"Pilkarska_kartka_z_kalendarza_3-9_kwietnia\"><\/span>Pi\u0142karska kartka z kalendarza 3-9 kwietnia<span class=\"ez-toc-section-end\"><\/span><\/h3>\n<h4><span class=\"ez-toc-section\" id=\"3_kwietnia\"><\/span><strong>3 kwietnia<\/strong><span class=\"ez-toc-section-end\"><\/span><\/h4>\n<p>1905.04.03 W <strong>Buenos Aires <\/strong>w dzielnicy La Boca zosta\u0142 za\u0142o\u017cony klub Boca Juniors. Za\u0142o\u017cycielami byli w\u0142oscy:Esteban Baglietto, Alfredo Scarpatti, Santiago Sana, oraz bracia Juan i Teodoro Farenga.<\/p>\n<p>1927.04.03 Rozpocz\u0105\u0142 si\u0119 <strong>1 sezon<\/strong> najwy\u017cszej ligi pi\u0142karskiej w Polsce. Wcze\u015bniej rozgrywki o mistrza kraju rozgrywano nieligowo.<\/p>\n<p>1938-04-03 <strong>Jugos\u0142awia &#8211; Polska<\/strong> 1-0 EM\u015a 1938 Belgrad gol: Blagoje Marjanovi\u0107 65&#8242;<\/p>\n<h4><span class=\"ez-toc-section\" id=\"4_kwietnia\"><\/span><strong>4 kwietnia<\/strong><span class=\"ez-toc-section-end\"><\/span><\/h4>\n<p>1909.04.04 Za\u0142o\u017cono brazylijski klub <strong>S.C. Internacional<\/strong> (Porto Alegre ) Klubowy Mistrz \u015awiata 2006<\/p>\n<p>1974.04.04 Urodzi\u0142 si\u0119 <strong>Tomasz Kos- <\/strong> obro\u0144ca, mistrz Polski 1998 z \u0141KS<\/p>\n<p>1976.04.04 Urodzi\u0142 si\u0119 <strong>Emerson<\/strong>, brazylijski pomocnik,wicemistrz \u015bwiata 1998<\/p>\n<p>1987.04.04 Urodzi\u0142 si\u0119 <strong>Sami Khedira<\/strong>, niemiecki pomocnik pochodzenia tunezyjskiego, mistrz \u015bwiata 2014, zdobywca Ligi Mistrz\u00f3w 2014 z Realem<\/p>\n<p>1979-04-04 <strong>Polska &#8211; W\u0119gry<\/strong> 1-1 MT Chorz\u00f3w bramki: Grzegorz Lato 58&#8242;- Tat\u00e1r Gy\u00f6rgy 72&#8242;<\/p>\n<p>1948-04-04 <strong>Bu\u0142garia &#8211; Polska <\/strong>1-1 MT Sofia bramki: Trendafil Stankov 18&#8242;- Tadeusz Parpan 23&#8242;<\/p>\n<h4><span class=\"ez-toc-section\" id=\"5_kwietnia\"><\/span><strong>5 kwietnia<\/strong><span class=\"ez-toc-section-end\"><\/span><\/h4>\n<p>1898.04.05 Za\u0142o\u017cono angielski klub pi\u0142karski <strong>Portsmouth F.C.<\/strong><\/p>\n<p>1902.04.05 Podczas meczu Szkocja &#8211; Anglia na stadionie Ibrox Park w Glasgow w wyniku zawalenia trybuny<strong> zgin\u0119\u0142o 25 os\u00f3b<\/strong>.<\/p>\n<p>1922.04.05 Urodzi\u0142 si\u0119 <strong>Tom Finney<\/strong>, angielski napastnik, zawodnik Preston North End w latach 1946-1960 (zm. 2014)<\/p>\n<p>1978-04-05 <strong>Polska &#8211; Grecja<\/strong> 5-2 MT Pozna\u0144 bramki: Grzegorz Lato 12&#8242;, Kazimierz Deyna 18&#8242;,33&#8242;, W\u0142adys\u0142aw \u017bmuda 21&#8242;, Zbigniew Boniek 48&#8242;- Petros Karavitis 55&#8242;, Thomas Mavros 77&#8242;<\/p>\n<h4><span class=\"ez-toc-section\" id=\"6_kwietnia\"><\/span><strong>6 kwietnia<\/strong><span class=\"ez-toc-section-end\"><\/span><\/h4>\n<p>1930.04.06 <strong>Dave Sexton<\/strong>, angielski napastnik, jako trener zdoby\u0142 z Chelsea Puchar Zdobywc\u00f3w Puchar\u00f3w 1971 (zm. 2012)<\/p>\n<p>1959.04.06 <strong>Pietro Vierchowod<\/strong>, w\u0142oski obro\u0144ca, mistrz \u015bwiata 1982 (jako rezerwowy)<\/p>\n<p>1965.04.06 Urodzi\u0142 si\u0119 <strong>Amedeo Carboni<\/strong>, w\u0142oski obro\u0144ca, zdobywca Pucharu UEFA 2004<\/p>\n<p>1983.04.06 <strong>Juventus Turyn- Widzew \u0141\u00f3d\u017a <\/strong>2-0 bramki: Marco Tardelli 8&#8242;, Roberto Bettega 59&#8242; Puchar Europy p\u00f3\u0142fina\u0142<\/p>\n<h4><span class=\"ez-toc-section\" id=\"7_kwietnia\"><\/span><strong>7 kwietnia<\/strong><span class=\"ez-toc-section-end\"><\/span><\/h4>\n<p>1903.04.07 Za\u0142o\u017cono norweski klub pi\u0142karski <strong>Fredrikstad FK<\/strong>.<\/p>\n<p>1919.04.07 Za\u0142o\u017cono <strong>Francusk\u0105 Federacj\u0119 Pi\u0142karsk\u0105<\/strong> (FFF). Wi\u0119cej: <a href=\"\/historia\/6637-2\/\">\/historia\/6637-2\/<\/a><\/p>\n<p>1961.04.07 Urodzi\u0142 si\u0119 <strong>Luigi de Agostini,<\/strong> w\u0142oski obro\u0144ca, zdobywca Pucharu UEFA 1990<\/p>\n<p>1967.04.07 Urodzi\u0142 si\u0119 <strong>Bodo Illgner<\/strong>, niemiecki bramkarz, mistrz \u015bwiata 1990- pierwszy bramkarz kt\u00f3ry zachowa\u0142 czyste konto w finale Mistrzostw \u015awiata, zdobywca Ligi MIstrz\u00f3w z Realem Madryt 1997 i 2000<\/p>\n<p>1983.04.07 Urodzi\u0142 si\u0119<strong> Franck Rib\u00e9ry<\/strong>, francuski pomocnik, wicemistrz \u015bwiata 2006, zdobywca Ligi Mistrz\u00f3w 2013 z Bayernem Monachium<\/p>\n<p>1965-04-07 <strong>Belgia &#8211; Polska<\/strong> 0-0 Bruksela  MT<\/p>\n<h4><span class=\"ez-toc-section\" id=\"8_kwietnia\"><\/span><strong>8 kwietnia<\/strong><span class=\"ez-toc-section-end\"><\/span><\/h4>\n<p>1926.04.08 Urodzi\u0142 si\u0119 <strong>Ladislav Pavlovi\u010d<\/strong>, s\u0142owacki pi\u0142karz, br\u0105zowy medalista Mistrzostw Europy 1960 z Czechos\u0142owacj\u0105 (zm. 2013)<\/p>\n<p>1950.04.08 Urodzi\u0142 si\u0119 <strong>Grzegorz Lato<\/strong>, polski pi\u0142karz, trener pi\u0142karski, senator RP, prezes Polskiego Zwi\u0105zku Pi\u0142ki No\u017cnej<\/p>\n<p>1972.04.08 Urodzi\u0142 si\u0119 <strong>Piotr \u015awierczewski,<\/strong> pomocnik wicemistrz olimpijski 1992, zdobywca Pucharu Polski, 1991,1993 z GKS Katowice, 2004 z Lechem, 2007 z Dyskoboli\u0105<\/p>\n<p>1975.04.08 Urodzi\u0142 si\u0119<strong> Dariusz Dudek<\/strong>, obor\u0144ca, brat Jurka Dudka, zawodnik min. Concordia Knur\u00f3w, GKS Katowice, Odra Wodzis\u0142aw \u015al\u0105ski, Legia Warszawa,<\/p>\n<h4><span class=\"ez-toc-section\" id=\"9_kwietnia\"><\/span><strong>9 kwietnia<\/strong><span class=\"ez-toc-section-end\"><\/span><\/h4>\n<p>1966.04.09 Urodzi\u0142 si\u0119<strong> Thomas Doll<\/strong>, niemiecki pomocnik, wicemistrz Europy 1992, p\u00f3\u017aniej trener<\/p>\n<p>1978.04.09 Urodzi\u0142 si\u0119 <strong>Jorge Andrade<\/strong>, portugalski obro\u0144ca, wicemistrz Europy 2004<\/p>\n<p>1981.04.09 Urodzi\u0142 si\u0119 <strong>Ireneusz Jele\u0144<\/strong>, napastnik, zdobywca Pucharu Polski 2006 z Wis\u0142\u0105 P\u0142ock<\/p>\n<p>1984.04.09 Urodzi\u0142 si\u0119 <strong>Wojciech Skaba<\/strong>, bramkarz, mistrz Polski 2013 z Legi\u0105 Warszawa<\/p>\n","protected":false},"excerpt":{"rendered":"<p>Pi\u0142karska kartka z kalendarza 3-9 kwietnia 3 kwietnia 1905.04.03 W Buenos Aires w dzielnicy La Boca zosta\u0142 za\u0142o\u017cony klub Boca Juniors. Za\u0142o\u017cycielami byli w\u0142oscy:Esteban Baglietto, Alfredo Scarpatti, Santiago Sana, oraz bracia Juan i Teodoro Farenga. 1927.04.03 Rozpocz\u0105\u0142 si\u0119 1 sezon najwy\u017cszej ligi pi\u0142karskiej w Polsce. Wcze\u015bniej rozgrywki o mistrza kraju rozgrywano nieligowo. 1938-04-03 Jugos\u0142awia &#8211; [&hellip;]<\/p>\n","protected":false},"author":3,"featured_media":0,"comment_status":"open","ping_status":"open","sticky":false,"template":"","format":"standard","meta":{"_acf_changed":false,"footnotes":""},"categories":[144],"tags":[143],"class_list":["post-6627","post","type-post","status-publish","format-standard","hentry","category-kartka-z-kalendarza","tag-kalendarium"],"acf":[],"_links":{"self":[{"href":"https:\/\/kronika-futbolu.pl\/historia\/wp-json\/wp\/v2\/posts\/6627","targetHints":{"allow":["GET"]}}],"collection":[{"href":"https:\/\/kronika-futbolu.pl\/historia\/wp-json\/wp\/v2\/posts"}],"about":[{"href":"https:\/\/kronika-futbolu.pl\/historia\/wp-json\/wp\/v2\/types\/post"}],"author":[{"embeddable":true,"href":"https:\/\/kronika-futbolu.pl\/historia\/wp-json\/wp\/v2\/users\/3"}],"replies":[{"embeddable":true,"href":"https:\/\/kronika-futbolu.pl\/historia\/wp-json\/wp\/v2\/comments?post=6627"}],"version-history":[{"count":0,"href":"https:\/\/kronika-futbolu.pl\/historia\/wp-json\/wp\/v2\/posts\/6627\/revisions"}],"wp:attachment":[{"href":"https:\/\/kronika-futbolu.pl\/historia\/wp-json\/wp\/v2\/media?parent=6627"}],"wp:term":[{"taxonomy":"category","embeddable":true,"href":"https:\/\/kronika-futbolu.pl\/historia\/wp-json\/wp\/v2\/categories?post=6627"},{"taxonomy":"post_tag","embeddable":true,"href":"https:\/\/kronika-futbolu.pl\/historia\/wp-json\/wp\/v2\/tags?post=6627"}],"curies":[{"name":"wp","href":"https:\/\/api.w.org\/{rel}","templated":true}]}}