{"id":6650,"date":"2017-04-30T09:57:35","date_gmt":"2017-04-30T07:57:35","guid":{"rendered":"https:\/\/kronika-futbolu.pl\/historia\/?p=6650"},"modified":"2017-04-30T09:57:35","modified_gmt":"2017-04-30T07:57:35","slug":"pilkarska-kartka-z-kalendarza-1-7-maja","status":"publish","type":"post","link":"https:\/\/kronika-futbolu.pl\/historia\/pilkarska-kartka-z-kalendarza-1-7-maja\/","title":{"rendered":"Pi\u0142karska kartka z kalendarza 1-7 maja"},"content":{"rendered":"<div id=\"ez-toc-container\" class=\"ez-toc-v2_0_75 counter-hierarchy ez-toc-counter ez-toc-grey ez-toc-container-direction\">\n<div class=\"ez-toc-title-container\">\n<p class=\"ez-toc-title\" style=\"cursor:inherit\">Table of Contents<\/p>\n<span class=\"ez-toc-title-toggle\"><a href=\"#\" class=\"ez-toc-pull-right ez-toc-btn ez-toc-btn-xs ez-toc-btn-default ez-toc-toggle\" aria-label=\"Toggle Table of Content\"><span class=\"ez-toc-js-icon-con\"><span class=\"\"><span class=\"eztoc-hide\" style=\"display:none;\">Toggle<\/span><span class=\"ez-toc-icon-toggle-span\"><svg style=\"fill: #999;color:#999\" xmlns=\"http:\/\/www.w3.org\/2000\/svg\" class=\"list-377408\" width=\"20px\" height=\"20px\" viewBox=\"0 0 24 24\" fill=\"none\"><path d=\"M6 6H4v2h2V6zm14 0H8v2h12V6zM4 11h2v2H4v-2zm16 0H8v2h12v-2zM4 16h2v2H4v-2zm16 0H8v2h12v-2z\" fill=\"currentColor\"><\/path><\/svg><svg style=\"fill: #999;color:#999\" class=\"arrow-unsorted-368013\" xmlns=\"http:\/\/www.w3.org\/2000\/svg\" width=\"10px\" height=\"10px\" viewBox=\"0 0 24 24\" version=\"1.2\" baseProfile=\"tiny\"><path d=\"M18.2 9.3l-6.2-6.3-6.2 6.3c-.2.2-.3.4-.3.7s.1.5.3.7c.2.2.4.3.7.3h11c.3 0 .5-.1.7-.3.2-.2.3-.5.3-.7s-.1-.5-.3-.7zM5.8 14.7l6.2 6.3 6.2-6.3c.2-.2.3-.5.3-.7s-.1-.5-.3-.7c-.2-.2-.4-.3-.7-.3h-11c-.3 0-.5.1-.7.3-.2.2-.3.5-.3.7s.1.5.3.7z\"\/><\/svg><\/span><\/span><\/span><\/a><\/span><\/div>\n<nav><ul class='ez-toc-list ez-toc-list-level-1 ' ><li class='ez-toc-page-1 ez-toc-heading-level-3'><a class=\"ez-toc-link ez-toc-heading-1\" href=\"https:\/\/kronika-futbolu.pl\/historia\/pilkarska-kartka-z-kalendarza-1-7-maja\/#Pilkarska_kartka_z_kalendarza_1-7_maja\" >Pi\u0142karska kartka z kalendarza 1-7 maja<\/a><\/li><li class='ez-toc-page-1 ez-toc-heading-level-3'><a class=\"ez-toc-link ez-toc-heading-2\" href=\"https:\/\/kronika-futbolu.pl\/historia\/pilkarska-kartka-z-kalendarza-1-7-maja\/#1_maja\" >1 maja<\/a><\/li><li class='ez-toc-page-1 ez-toc-heading-level-3'><a class=\"ez-toc-link ez-toc-heading-3\" href=\"https:\/\/kronika-futbolu.pl\/historia\/pilkarska-kartka-z-kalendarza-1-7-maja\/#2_maja\" >2 maja<\/a><\/li><li class='ez-toc-page-1 ez-toc-heading-level-3'><a class=\"ez-toc-link ez-toc-heading-4\" href=\"https:\/\/kronika-futbolu.pl\/historia\/pilkarska-kartka-z-kalendarza-1-7-maja\/#3_maja\" >3 maja<\/a><\/li><li class='ez-toc-page-1 ez-toc-heading-level-3'><a class=\"ez-toc-link ez-toc-heading-5\" href=\"https:\/\/kronika-futbolu.pl\/historia\/pilkarska-kartka-z-kalendarza-1-7-maja\/#4_maja\" >4 maja<\/a><\/li><li class='ez-toc-page-1 ez-toc-heading-level-3'><a class=\"ez-toc-link ez-toc-heading-6\" href=\"https:\/\/kronika-futbolu.pl\/historia\/pilkarska-kartka-z-kalendarza-1-7-maja\/#5_maja\" >5 maja<\/a><\/li><li class='ez-toc-page-1 ez-toc-heading-level-3'><a class=\"ez-toc-link ez-toc-heading-7\" href=\"https:\/\/kronika-futbolu.pl\/historia\/pilkarska-kartka-z-kalendarza-1-7-maja\/#6_maja\" >6 maja<\/a><\/li><li class='ez-toc-page-1 ez-toc-heading-level-3'><a class=\"ez-toc-link ez-toc-heading-8\" href=\"https:\/\/kronika-futbolu.pl\/historia\/pilkarska-kartka-z-kalendarza-1-7-maja\/#7_maja\" >7 maja<\/a><\/li><\/ul><\/nav><\/div>\n<h3><span class=\"ez-toc-section\" id=\"Pilkarska_kartka_z_kalendarza_1-7_maja\"><\/span>Pi\u0142karska kartka z kalendarza 1-7 maja<span class=\"ez-toc-section-end\"><\/span><\/h3>\n<h3><span class=\"ez-toc-section\" id=\"1_maja\"><\/span><strong>1 maja<\/strong><span class=\"ez-toc-section-end\"><\/span><\/h3>\n<p>1904.05.01 Reprezentacja <strong>Francji<\/strong><strong> <\/strong>w pi\u0142ce no\u017cnej w swym pierwszym meczu zremisowa\u0142a 3:3 w Brukseli z Belgi\u0105.<\/p>\n<p>1909.05.01 Za\u0142o\u017cono austriacki klub <strong>SK Sturm Graz<\/strong>, mistrz Austrii 1997, 1998, 2011<\/p>\n<p>1922.05.01 Urodzi\u0142 si\u0119 <strong>Jan Wiktor Wi\u015bniewski<\/strong>, napastnik uczestnik Igrzysk Olimpijskich 1952, mistrz Polski 1954 z Poloni\u0105 Bytom (zm. 2006)<\/p>\n<p>1925.05.01 Za\u0142o\u017cono ekwadorski klub <strong>Barcelona Sporting Club<\/strong>, 13-krotny mistrz Ekwadoru<\/p>\n<p>1950.05.01 Urodzi\u0142 si\u0119 <strong>Danny McGrain<\/strong>, szkocki obro\u0144ca, trener, w latach 1970-1987 gra\u0142 w Celticu, uczestnik mundialii w 1974 i w 1982<\/p>\n<p>1968.05.01 Urodzi\u0142 si\u0119 <strong>Oliver Bierhoff,<\/strong> niemiecki napastnik, mistrz Europy 1996, wicemistrz \u015bwiata 2002<\/p>\n<p>1973.05.01 Urodzi\u0142 si\u0119 <strong>Oliver Neuville<\/strong>, niemiecki napastnik, wicemistrz \u015bwiata 2002, br\u0105zowy medal Mistrzostw \u015awiata 2006, wicemistrz Europy 2008<\/p>\n<p>1975.05.01 Urodzi\u0142 si\u0119 <strong>Marc-Vivien Fo\u00e9<\/strong>, kameru\u0144ski pomocnik zdobywca Pucharu Narod\u00f3 Afryki 2000,2002 zmar\u0142 podczas meczu Pucharu Konfederacji Kamerun-Kolumbia 26.06.2003 Lyonie<\/p>\n<p>1980.05.01 Urodzi\u0142 si\u0119 <strong>Rados\u0142aw Wr\u00f3blewski<\/strong>, napastnik, mistrz Polski 2002 z Legi\u0105 Warszawa<\/p>\n<p>1981.05.01 Urodzi\u0142 sie <strong>Alaksandr Hleb<\/strong>, bia\u0142oruski pomocnik, zdobywca Ligi Mistrz\u00f3w 2009 z Barcelon\u0105<\/p>\n<p>1982.05.01 Urodzi\u0142 si\u0119 <strong>Darijo Srna<\/strong>, chorwacki obro\u0144ca\/pomocnik, zdobywca Pcuharu UEFA 2009 z Szachtarem Donieck<\/p>\n<p>1991.05.01 Urodzi\u0142 si\u0119 <strong>Bartosz Salamon<\/strong>, obro\u0144ca, reprezentant kraju<\/p>\n<p>1996-05-01 <strong>Polska &#8211; Bia\u0142oru\u015b <\/strong> 1-1 MT Mielec bramki: Wojciech Kowalczyk 8&#8242;- Pyatro Kachura 61&#8242;<\/p>\n<p>1991-05-01 <strong> <\/strong><strong>Irlandia &#8211; Polska <\/strong> 0-0 EME 1992 Dublin<\/p>\n<p>1985-05-01 <strong>Belgia &#8211; Polska<\/strong> 2-0 EM\u015a 1986 Bruksela bramki: Erwin Vandenbergh 30&#8242;, Franky Vercauteren 52&#8242;<\/p>\n<p>1977-05-01 <strong> <\/strong><strong>Dania &#8211; Polska <\/strong> 1-2 EM\u015a 1978 Kopenhaga bramki: Allan Simonsen 49&#8242;- W\u0142odzimierz Luba\u0144ski 7&#8242;,84&#8242;<\/p>\n<p>1968-05-01 <strong>Polska &#8211; Holandia<\/strong> 0-0 MT Warszawa<\/p>\n<p>1950-05-01 <strong>Albania &#8211; Polska<\/strong> 0-0 MT Tirana<\/p>\n<h3><span class=\"ez-toc-section\" id=\"2_maja\"><\/span><strong>2 maja<\/strong><span class=\"ez-toc-section-end\"><\/span><\/h3>\n<p>1920.05.02 We w\u0142oskim <strong>Viareggio <\/strong>karabinier zastrzeli\u0142 w trakcie meczu kibica miejscowej dru\u017cyny pi\u0142karskiej, co doprowadzi\u0142o do wybuchu rewolty i og\u0142oszenia \u201eRepubliki Viareggio\u201d. Po wp\u0142yni\u0119ciu do miejscowego portu okr\u0119tu wojennego rebelianci skapitulowali.<\/p>\n<p>1935.05.02 Urodzi\u0142 si\u0119 <strong>Luis Su\u00e1rez Miramontes<\/strong>, hiszpa\u0144ski pomocnik\/napastnik, mistrz Europy 1964, zdobywca Pucharu Europy 1964,1965 z Interem<\/p>\n<p>1948.05.02 Urodzi\u0142 si\u0119 <strong>Josip Katalinski<\/strong>, bo\u015bniacki obro\u0144ca, jeden z najlepszych pi\u0142karzy by\u0142ej Jugos\u0142awii(zm. 2011)<\/p>\n<p>1949.05.02 Urodzi\u0142 si\u0119 <strong>Zygmunt Kalinowski<\/strong>, bramkarz, uczestnik mistrzostw \u015bwiata 1974 (jako rezerwowy), mistrz Polski 1977 ze \u015al\u0105skiem<\/p>\n<p>1958.05.02 Urodzi\u0142 si\u0119 <strong>Giuseppe Dossena<\/strong>, w\u0142oski pomocnik,jako rezerwowy mistrz \u015bwiata 1982<\/p>\n<p>1967.05.02 Urodzi\u0142 si\u0119 <strong>Luigi Apolloni<\/strong>, w\u0142oski obro\u0144ca, wicemistrz \u015bwiata 1994, zdobywca Pucharu UEFA 1995,1999 z Parm\u0105<\/p>\n<p>1968.05.02 Urodzi\u0142 si\u0119 <strong>Jeff Agoos<\/strong>, ameryka\u0144ski obro\u0144ca, zdobywca Z\u0142otego Pucharu CONCACAF 2002<\/p>\n<p>1975.05.02 Urodzi\u0142 si\u0119 <strong>David Beckham<\/strong>, angielski pomocnik, zdobywca Ligi Mistrz\u00f3w i Pucharu Interkontynentalnego 1999 z Manchesterem United<\/p>\n<p>1979.05.02 Urodzi\u0142 si\u0119 <strong>Tomasz Ciesielski<\/strong>, obro\u0144ca, mistrz Polski 2000 z Poloni\u0105 Warszawa<\/p>\n<p>1980.05.02 Urodzi\u0142 si\u0119 <strong>Tim Borowski<\/strong>, niemiecki pomocnik, wicemistrz Europy 2008, 3 miejsce Mistrzostw \u015awiata 2006<\/p>\n<p>2006-05-02 <strong>Polska &#8211; Litwa <\/strong> 0-1 MT Be\u0142chat\u00f3w gol: Andrius Gedgaudas 14&#8242;<\/p>\n<p>1989-05-02 <strong>Norwegia &#8211; Polska<\/strong> 0-3 MT Oslo bramki: Jan Furtok 22&#8242;, 50&#8242;, Dariusz Wdowczyk 80&#8242;<\/p>\n<p>1981-05-02 <strong>Polska &#8211; NRD<\/strong> 1-0 EM\u015a 1982 Chorz\u00f3w gol: Andrzej Buncol 56&#8242;<\/p>\n<p>1979-05-02 <strong>Polska &#8211; Holandia<\/strong> 2-0 EME 1980 Chorz\u00f3w bramki: Zbigniew Boniek 20&#8242;, W\u0142odzimierz Mazur 65&#8242;-k<\/p>\n<p>1970-05-02 <strong> W\u0119gry &#8211; Polska<\/strong> 2-0 MT Budapeszt bramki: Fazekas L\u00e1szl\u00f3 57&#8242;, Karsai L\u00e1szl\u00f3 80&#8242;<\/p>\n<h3><span class=\"ez-toc-section\" id=\"3_maja\"><\/span><strong>3 maja<\/strong><span class=\"ez-toc-section-end\"><\/span><\/h3>\n<p>1891.05.03 Powsta\u0142 du\u0144ski klub pi\u0142karski <strong>Vejle BK <\/strong>5-krotny mistrz Danii<\/p>\n<p>1905.05.03 Za\u0142o\u017cono niemiecki klub pi\u0142karski <strong>Arminia Bielefeld<\/strong>.<\/p>\n<p>1942.05.03 Urodzi\u0142 si\u0119<strong> Antoni Piechniczek<\/strong>, pomocnik\/obro\u0144ca, mistrz Polski 1968 z Ruchem Chorz\u00f3w, jako trener zdobywca 3 miejsce na Mistrzostwach \u015awiata 1982 i mistrz Polski 1987 z G\u00f3rnikiem Zabrze<\/p>\n<p>1945.05.03 Urodzi\u0142 si\u0119 <strong>Zygmunt Maszczyk<\/strong>, napastnik\/pomocnik, mistrz olimpijski 1972 i wicemistrz 1976, zdobywca 3 miejsce na Mistrzostwach \u015awiata 1974<\/p>\n<p>1947.05.03 Urodzi\u0142 si\u0119 <strong>Les\u0142aw \u0106mikiewicz<\/strong>, pomocnik, trener, mistrz olimpijski 1972 i wicemistrz 1976, zdobywca 3 miejsca Mistrzostw \u015awiata 1974, zawodnik \u015al\u0105ska Wroc\u0142aw i Legii Warszawa<\/p>\n<p>1956.05.03 Urodzi\u0142 si\u0119 <strong>Bernd F\u00f6rster<\/strong>, niemiecki obro\u0144ca, mistrz Europy 1980, wicemistrz \u015bwiata 1982, zdobywca Pucharu Europy 1975,1976 z Bayernem<\/p>\n<p>1960.05.03 Urodzi\u0142 si\u0119 <strong>Kazimierz Buda<\/strong>, obro\u0144ca, br\u0105zowy medalista Euro U-18 1978<\/p>\n<p>1965.05.03 Urodzi\u0142 si\u0119 <strong>John Jensen<\/strong>, du\u0144ski pomocnik, mistrz Europy 1992<\/p>\n<p>1966-05-03 <strong>Polska &#8211; W\u0119gry<\/strong> 1-1 MT Chorz\u00f3w bramki: W\u0142odzimierz Luba\u0144ski 54&#8242;- Bene Ferenc 51&#8242;<\/p>\n<h3><span class=\"ez-toc-section\" id=\"4_maja\"><\/span><strong>4 maja<\/strong><span class=\"ez-toc-section-end\"><\/span><\/h3>\n<p>1900.05.04 Za\u0142o\u017cono niemiecki klub <strong>1. FC N\u00fcrnberg<\/strong> 8-krotny mistrz Niemiec<\/p>\n<p>1904.05.04 Za\u0142o\u017cono niemiecki klub pi\u0142karski <strong>FC Schalke 04<\/strong> (Gelsenkirchen) (jako Westfalia Schalke) zdobywca Pucharu UEFA 1997, 7-krotny mistrz Niemiec<\/p>\n<p>1925.05.04 Urodzi\u0142 si\u0119 <strong>Jen\u0151 Buz\u00e1nszky<\/strong>, w\u0119gierski obro\u0144ca, z\u0142oty medalista olimpijski 1952<\/p>\n<p>1949.05.04 Rozbi\u0142 si\u0119 samolot z pi\u0142karzami <strong>AC Torino <\/strong>na wzg\u00f3rzu ko\u0142o Turynu- zgin\u0119\u0142o 31 os\u00f3b.<\/p>\n<p>1969.05.04 Urodzi\u0142 si\u0119 <strong>Tomasz Kulawik<\/strong>, pomocnik, mistrz Polski 1999 i 2001 z Wis\u0142\u0105 Krak\u00f3w, kr\u00f3l strzelc\u00f3w Pucharu UEFA 1999<\/p>\n<p>1977.05.04 Urodzi\u0142 si\u0119 <strong>Piotr W\u0142odarczyk<\/strong>, napastnik, mistrz Polski 2006 z Legi\u0105 Warszawa<\/p>\n<p>1978.05.04 Urodzi\u0142 si\u0119 <strong>Igor Bi\u0161\u0107an<\/strong>, chorwacki obro\u0144ca, zdobywca Ligi Mistrz\u00f3w 2005 z Liverpoolem<\/p>\n<p>1987.05.04 Urodzi\u0142 si\u0119 <strong>Cesc F\u00e0bregas<\/strong>, hiszpa\u0144ski pomocnik, mistrz \u015bwiata 2010, mistrz Europy 2008,2012, Klubowy Mistrz \u015awiata 2011 i zdobywca Superpucharu Europy 2011 z Barcelon\u0105<\/p>\n<p>1994-05-04 <strong>Polska &#8211; W\u0119gry<\/strong> 3-2 MT Krak\u00f3w bramki: Marcin Ja\u0142ocha 47&#8242;, Henryk Ba\u0142uszy\u0144ski 80&#8242;, Adam Fedoruk 84&#8242; &#8211; Vincze Istv\u00e1n 12&#8242;,  Klausz L\u00e1szl\u00f3 50&#8242;<\/p>\n<p>1990-05-04 <strong>Polska &#8211; Kolumbia<\/strong> 1-2 MT Chicago bramki: Carlos Enrique Estrada 11&#8242;, Arnoldo Alberto Iguaran 16&#8242;- Roman Kosecki 36&#8242;<\/p>\n<p>1960-05-04 <strong>Szkocja &#8211; Polska<\/strong> 2-3 MT Glasgow bramki: Denis Law 24&#8242; , Ian St. John 47&#8242;- Krzysztof Baszkiewicz 12&#8242;,  Lucjan Brychczy 29&#8242;, Ernest Pohl 60&#8242;<\/p>\n<h3><span class=\"ez-toc-section\" id=\"5_maja\"><\/span><strong>5 maja<\/strong><span class=\"ez-toc-section-end\"><\/span><\/h3>\n<p>1905.05.05 Za\u0142o\u017cono argenty\u0144ski klub <strong>Col\u00f3n Santa Fe<\/strong>.<\/p>\n<p>1912.05.05 Za\u0142o\u017cono austriacki klub pi\u0142karski <strong>SV Ried<\/strong>.<\/p>\n<p>1948.05.05 Za\u0142o\u017cono klub pi\u0142karski <strong>CSKA Sofia<\/strong>-najbardziej utytu\u0142owany klub w Bu\u0142garii 31-krotny mistrz Bu\u0142garii<\/p>\n<p>1952.05.05 Urodzi\u0142 si\u0119 <strong>Lothar Huber<\/strong>, niemiecki obro\u0144ca, trener, w latach 1974-1987 zawodnik Borussi Dortmund<\/p>\n<p>1974.05.05 Urodzi\u0142 si\u0119 <strong>Grzegorz Pater<\/strong>, mistrz Polski 1999,2001,2003,2004 z Wis\u0142\u0105 Krak\u00f3w<\/p>\n<p>1979.05.05 Za\u0142o\u017cono chilijski klub <strong>Cobresal El Salvador<\/strong>, zdobywca Copa Chile 1987<\/p>\n<p>1980.05.05 Urodzi\u0142 si\u0119 <strong>Abdelkrim Kissi<\/strong>, maroka\u0144ski pomocnik, zdobywca 2 miejsca na Pucharze Narod\u00f3w Afryki 2004<\/p>\n<p>1980.05.05 Urodzi\u0142 si\u0119<strong> Yossi Benayoun<\/strong>, izraelski pomocnik, zodbywca Ligi Europy 2013 z Chelsea<\/p>\n<p>1982.05.05 Urodzi\u0142 si\u0119<strong> Przemys\u0142aw Ka\u017amierczak<\/strong>, mistrz Portugalii 2008 z FC Porto, mistrz Polski 2012 ze \u015al\u0105skiem<\/p>\n<p>1992.05.05 Na stadionie w <strong>Bastii<\/strong> na Korsyce, przed p\u00f3\u0142fina\u0142owym meczem pi\u0142karskiego Pucharu Francji pomi\u0119dzy SC Bastia a Olympique Marsylia, wskutek zawalenia jednej z trybun zgin\u0119\u0142o 18 os\u00f3b, a 2300 zosta\u0142o rannych.<\/p>\n<p>1971-05-05 <strong>Szwajcaria &#8211; Polska<\/strong> 2-4 MT Lozanna bramki: Friedrich K\u00fcnzli 22&#8242;, Jakob Kuhn 78&#8242;- Zygfryd Szo\u0142tysik 38&#8242;,  Jan Bana\u015b 53&#8242;, Kazimierz Deyna 72&#8242;, W\u0142odzimierz Luba\u0144ski 74&#8242; by\u0142 to pierwszy mecz pod wodz\u0105 Kazimierza G\u00f3rskiego.<\/p>\n<h3><span class=\"ez-toc-section\" id=\"6_maja\"><\/span><strong>6 maja<\/strong><span class=\"ez-toc-section-end\"><\/span><\/h3>\n<p>1910.05.06 Urodzi\u0142 si\u0119 <strong>Juan Valdivieso<\/strong>, peruwia\u0144ski bramkarz, uczestnik Mistrzostw \u015awiata 1930- jeden z najm\u0142odszych bramkarzy na m\u015b w historii (zm. 2007)<\/p>\n<p>1953.05.06 Urodzi\u0142 si\u0119 <strong>Graeme Souness<\/strong>, szkocki pomocnik, zdobywca Pucharu Europy z Liverpoolem 1978,1981,1984<\/p>\n<p>1980.05.06 Urodzi\u0142 si\u0119 <strong>Ricardo Oliveira<\/strong>, brazylijski napastnik, zdobywca Copa America 2004, Pucharu Konfederacji 2005, Pucharu UEFA 2004 z Valenci\u0105 i Ligi Mistrz\u00f3w 2007 z Milanem<\/p>\n<p>1983.05.06 Urodzi\u0142 si\u0119 <strong>Daniel Alves<\/strong>, brazylijski obro\u0144ca, zdobywca Pucharu Konfederacji 2009,2013, Copa America 2007, Pucharu UEFA 2006,2007 i Superpucharu Europy z Sevilli\u0105, Ligi Mistrz\u00f3w 2009,2011, Superpucharu Europy 2009,2011 i Klubowy Mistrz \u015awiata 2009,2011 z Barcelon\u0105<\/p>\n<p>1990-05-06 <strong>Polska &#8211; Kostaryka<\/strong> 2-0 MT Chicago bramki: Leszek Pisz 10&#8242;, Piotr Nowak 89&#8242;<\/p>\n<p>1976-05-06 <strong>Grecja &#8211; Polska <\/strong>1-0 MT Ateny gol: Giorgos Koudas 23&#8242;<\/p>\n<p>1970-05-06 <strong>Polska &#8211; Irlandia<\/strong> 2-1 MT Pozna\u0144 bramki: Marian Kozerski 9&#8242;, Zygfryd Szo\u0142tysik 25&#8242;- Don Givens 84&#8242;<\/p>\n<h3><span class=\"ez-toc-section\" id=\"7_maja\"><\/span><strong>7 maja<\/strong><span class=\"ez-toc-section-end\"><\/span><\/h3>\n<p>1944.05.07 Za\u0142o\u017cono meksyka\u0144ski klub <strong> Puebla F.C<\/strong>. mistrz Meksyku 1983,1990, zdobywca Pucharu Mistrz\u00f3w CONCACAF 1991<\/p>\n<p>1918.05.07 Urodzi\u0142 si\u0119 <strong>Henryk Alszer<\/strong>, napastnik, mistrz Polski z Ruchem Chorz\u00f3w 1951, 1952,1953. Olimpijczyk z 1952 roku w Helsinkach, Po wojnie gra\u0142 w RC Rens (Francja) i w Forres (Szkocja)(zm. 1959)<\/p>\n<p>1922.05.07 Urodzi\u0142 si\u0119 <strong>Ingvar Rydell<\/strong>, br\u0105zowy medalista mistrzostw \u015bwiata w 1950 roku Igrzysk Olimpijskich 1952<\/p>\n<p>1958.05.07 Urodzi\u0142 si\u0119 <strong>Tadeusz Dolny<\/strong>, uczestnik Mistrzostw \u015awiata 1982 (rezerwowy)<\/p>\n<p>1965.05.07 Urodzi\u0142 si\u0119 <strong>Henrik Andersen<\/strong>, du\u0144ski obro\u0144ca, mistrz Europy 1992,<\/p>\n<p>1977.05.07 Urodzi\u0142 si\u0119 <strong>\u0141ukasz Sosin<\/strong>, napastnik, mistrz Polski 2001 z Wis\u0142\u0105 Krak\u00f3w, mistrz Cypru 2006,2008 z Ap\u00f3llon FC kr\u00f3l strzelc\u00f3w ligi cypryjskiej 2004,2005,2006,2008<\/p>\n<p>1981.05.07 Urodzi\u0142 si\u0119<strong> Maciej Iwa\u0144ski<\/strong>, mistrz Polski 2007 z Zag\u0142\u0119biem Lubin<\/p>\n<p>1992-05-07 <strong>Szwecja &#8211; Polska <\/strong>5-0 MT Solna bramki: Kennet Andersson 9&#8242;, 25&#8242;, Klas Ingesson 44&#8242;, Martin Dahlin 62&#8242;, Stefan Pettersson 70&#8242;<\/p>\n<p>1989-05-07 <strong>Szwecja &#8211; Polska<\/strong> 2-1 EM\u015a 1990 Solna bramki: Roger Ljung 77&#8242;, Niclas Nyl\u00e9n 90&#8242;-  Ryszard Tarasiewicz 87&#8242;<\/p>\n<p>1972-05-07 <strong>Polska &#8211; Bu\u0142garia<\/strong> 3-0 EIO 1972 Warszawa bramki: Jan Bana\u015b 20&#8242;,75&#8242;, Joachim Marx 85&#8242;<\/p>\n<p>1969-05-07 <strong>Holandia &#8211; Polska<\/strong> 1-0 EM\u015a 1970 Rotterdam gol: Sjaak Roggeveen 89&#8242;<\/p>\n","protected":false},"excerpt":{"rendered":"<p>Pi\u0142karska kartka z kalendarza 1-7 maja 1 maja 1904.05.01 Reprezentacja Francji w pi\u0142ce no\u017cnej w swym pierwszym meczu zremisowa\u0142a 3:3 w Brukseli z Belgi\u0105. 1909.05.01 Za\u0142o\u017cono austriacki klub SK Sturm Graz, mistrz Austrii 1997, 1998, 2011 1922.05.01 Urodzi\u0142 si\u0119 Jan Wiktor Wi\u015bniewski, napastnik uczestnik Igrzysk Olimpijskich 1952, mistrz Polski 1954 z Poloni\u0105 Bytom (zm. 2006) [&hellip;]<\/p>\n","protected":false},"author":3,"featured_media":0,"comment_status":"open","ping_status":"open","sticky":false,"template":"","format":"standard","meta":{"_acf_changed":false,"footnotes":""},"categories":[144],"tags":[143],"class_list":["post-6650","post","type-post","status-publish","format-standard","hentry","category-kartka-z-kalendarza","tag-kalendarium"],"acf":[],"_links":{"self":[{"href":"https:\/\/kronika-futbolu.pl\/historia\/wp-json\/wp\/v2\/posts\/6650","targetHints":{"allow":["GET"]}}],"collection":[{"href":"https:\/\/kronika-futbolu.pl\/historia\/wp-json\/wp\/v2\/posts"}],"about":[{"href":"https:\/\/kronika-futbolu.pl\/historia\/wp-json\/wp\/v2\/types\/post"}],"author":[{"embeddable":true,"href":"https:\/\/kronika-futbolu.pl\/historia\/wp-json\/wp\/v2\/users\/3"}],"replies":[{"embeddable":true,"href":"https:\/\/kronika-futbolu.pl\/historia\/wp-json\/wp\/v2\/comments?post=6650"}],"version-history":[{"count":0,"href":"https:\/\/kronika-futbolu.pl\/historia\/wp-json\/wp\/v2\/posts\/6650\/revisions"}],"wp:attachment":[{"href":"https:\/\/kronika-futbolu.pl\/historia\/wp-json\/wp\/v2\/media?parent=6650"}],"wp:term":[{"taxonomy":"category","embeddable":true,"href":"https:\/\/kronika-futbolu.pl\/historia\/wp-json\/wp\/v2\/categories?post=6650"},{"taxonomy":"post_tag","embeddable":true,"href":"https:\/\/kronika-futbolu.pl\/historia\/wp-json\/wp\/v2\/tags?post=6650"}],"curies":[{"name":"wp","href":"https:\/\/api.w.org\/{rel}","templated":true}]}}