{"id":6675,"date":"2017-04-25T22:06:25","date_gmt":"2017-04-25T20:06:25","guid":{"rendered":"https:\/\/kronika-futbolu.pl\/historia\/?p=6675"},"modified":"2017-04-25T22:06:25","modified_gmt":"2017-04-25T20:06:25","slug":"komiks-o-argentynskich-kibicach","status":"publish","type":"post","link":"https:\/\/kronika-futbolu.pl\/historia\/komiks-o-argentynskich-kibicach\/","title":{"rendered":"Komiks o argenty\u0144skich kibicach Barras"},"content":{"rendered":"<h3>Komiks o argenty\u0144skich kibicach Barras<\/h3>\n<p><strong>BARRAS Emilia Utrery<\/strong> &#8211; przybyli do Polski w lutym tego roku i od razu zdobyli serca fan\u00f3w komiksu i futbolu. Rwana, szybka akcja i barwni bohaterowie-kibice &#8211; od pi\u0105toligowego Yupanqui po s\u0142ynn\u0105 na ca\u0142y \u015bwiat River Plate &#8211; intrygowali i budzili ciekawo\u015b\u0107. Druga cz\u0119\u015b\u0107 komiksu, zaczyna splata\u0107 ze sob\u0105 lu\u017ano naszkicowane w\u0105tki z pierwszego zeszytu. Wiemy ju\u017c, kto stoi za brakiem broni w barrios. Wiemy te\u017c, \u017ce ju\u017c wkr\u00f3tce dojdzie do konfrontacji\u2026 ale jaki cel przy\u015bwieca spiskowcom?<\/p>\n<p>Drugi zeszyt Barras dost\u0119pny b\u0119dzie od 11 kwietnia w dobrych sklepach i serwisach kibicowskich, komiksowych, i na stronie Wydawnictwa &#8211; Mandioca.pl. BARRAS to co\u015b wi\u0119cej ni\u017c opowie\u015b\u0107 o ultrasach z Argentyny znanych z tego, \u017ce robi\u0105 najlepsz\u0105 opraw\u0119 na \u015bwiecie. Wartka akcja, brutalny j\u0119zyk ulicy, rysunki, kt\u00f3rych czarno-bia\u0142a kreska pulsuje moc\u0105 i energi\u0105.<\/p>\n<p>Autor lubi bawi\u0107 si\u0119 konwencj\u0105 i wbi\u0107 musku\u0142y superbohater\u00f3w w stroje ultras\u00f3w, \u0142atwo\u015b\u0107 tworzenia karykaturalnych rysunk\u00f3w ma zadziwiaj\u0105c\u0105 &#8211; jak na grafficiarza i tatua\u017cyst\u0119 przysta\u0142o. Do ko\u0144ca roku na rynku pojawi si\u0119 wszystkie 6 zeszyt\u00f3w serii, a w 2018 &#8211; 7. zeszyt, w kt\u00f3rym Barras spotkaj\u0105 si\u0119 z polskimi kibicami.<\/p>\n<p>Wydawnictwo Mandioca to powsta\u0142a w 2016 roku oficyna specjalizuj\u0105ca si\u0119 Ameryce \u0141aci\u0144skiej. Jak m\u00f3wi\u0105 sami jej tw\u00f3rcy: Mandioca czyli maniok &#8211; znajdziemy go na ka\u017cdym stole w Brazylii, Argentynie, Chile, Urugwaju&#8230; Dla nas to te\u017c chleb powszedni. \u015aledzimy uwa\u017cnie to, co si\u0119 wydaje w tych krajach. Je\u015bli wpadnie nam w oko, sprowadzamy do Polski.<\/p>\n<p>Dane techniczne<\/p>\n<p>Scenariusz: Emilio Utrera<\/p>\n<p>Rysunki: Emilio Utrera<\/p>\n<p>Wydanie: I<\/p>\n<p>Data wydania: kwiecie\u0144 2017<\/p>\n<p>Seria: BARRAS<\/p>\n<p>Orygina\u0142: 2013<\/p>\n<p>T\u0142umaczenie: Marek Cichy<\/p>\n<p>Liternictwo: Robert Sienicki<\/p>\n<p>Redaktor serii: Bart\u0142omiej Rabij<\/p>\n<p>Druk: czarno-bia\u0142y<\/p>\n<p>Oprawa: mi\u0119kka<\/p>\n<p>Format: 295&#215;205 mm<\/p>\n<p>Stron: 24<\/p>\n<p>Cena: 15 z\u0142<\/p>\n<p>Wydawnictwo: Mandioca<\/p>\n<p>ISBN: 978-83- 947199-1- 3<\/p>\n<p>Wydawnictwo Mandioca<\/p>\n<p>Grochowska 258\/260 lok 21<br \/>\ntel. 696450267<\/p>\n<p>tel. 601292883<\/p>\n<p>04-398 Warszawa redakcja@mandioca.pl<\/p>\n","protected":false},"excerpt":{"rendered":"<p>Komiks o argenty\u0144skich kibicach Barras BARRAS Emilia Utrery &#8211; przybyli do Polski w lutym tego roku i od razu zdobyli serca fan\u00f3w komiksu i futbolu. Rwana, szybka akcja i barwni bohaterowie-kibice &#8211; od pi\u0105toligowego Yupanqui po s\u0142ynn\u0105 na ca\u0142y \u015bwiat River Plate &#8211; intrygowali i budzili ciekawo\u015b\u0107. Druga cz\u0119\u015b\u0107 komiksu, zaczyna splata\u0107 ze sob\u0105 lu\u017ano [&hellip;]<\/p>\n","protected":false},"author":3,"featured_media":6676,"comment_status":"open","ping_status":"open","sticky":false,"template":"","format":"standard","meta":{"_acf_changed":false,"footnotes":""},"categories":[2],"tags":[],"class_list":["post-6675","post","type-post","status-publish","format-standard","has-post-thumbnail","hentry","category-bez-kategorii"],"acf":[],"_links":{"self":[{"href":"https:\/\/kronika-futbolu.pl\/historia\/wp-json\/wp\/v2\/posts\/6675","targetHints":{"allow":["GET"]}}],"collection":[{"href":"https:\/\/kronika-futbolu.pl\/historia\/wp-json\/wp\/v2\/posts"}],"about":[{"href":"https:\/\/kronika-futbolu.pl\/historia\/wp-json\/wp\/v2\/types\/post"}],"author":[{"embeddable":true,"href":"https:\/\/kronika-futbolu.pl\/historia\/wp-json\/wp\/v2\/users\/3"}],"replies":[{"embeddable":true,"href":"https:\/\/kronika-futbolu.pl\/historia\/wp-json\/wp\/v2\/comments?post=6675"}],"version-history":[{"count":0,"href":"https:\/\/kronika-futbolu.pl\/historia\/wp-json\/wp\/v2\/posts\/6675\/revisions"}],"wp:featuredmedia":[{"embeddable":true,"href":"https:\/\/kronika-futbolu.pl\/historia\/wp-json\/wp\/v2\/media\/6676"}],"wp:attachment":[{"href":"https:\/\/kronika-futbolu.pl\/historia\/wp-json\/wp\/v2\/media?parent=6675"}],"wp:term":[{"taxonomy":"category","embeddable":true,"href":"https:\/\/kronika-futbolu.pl\/historia\/wp-json\/wp\/v2\/categories?post=6675"},{"taxonomy":"post_tag","embeddable":true,"href":"https:\/\/kronika-futbolu.pl\/historia\/wp-json\/wp\/v2\/tags?post=6675"}],"curies":[{"name":"wp","href":"https:\/\/api.w.org\/{rel}","templated":true}]}}