{"id":6698,"date":"2018-05-28T01:24:55","date_gmt":"2018-05-27T23:24:55","guid":{"rendered":"https:\/\/kronika-futbolu.pl\/historia\/?p=6698"},"modified":"2018-05-28T01:24:55","modified_gmt":"2018-05-27T23:24:55","slug":"pierwsze-zwyciestwo-pierwszy-gol-reprezentacji","status":"publish","type":"post","link":"https:\/\/kronika-futbolu.pl\/historia\/pierwsze-zwyciestwo-pierwszy-gol-reprezentacji\/","title":{"rendered":"Pierwsze zwyci\u0119stwo, pierwszy gol reprezentacji."},"content":{"rendered":"<p>95 lat temu 28 maja 1922 Reprezentacja Polski w swym 3 meczu odnios\u0142a pierwsze zwyci\u0119stwo, pokonuj\u0105c w Sztokholmie Szwecj\u0119 2:1. Pierwszego w historii gola zdoby\u0142 w 23. minucie z rzutu karnego J\u00f3zef Klotz.<\/p>\n<p>Strzelec pierwszego gola w historii naszej dru\u017cyny narodowej by\u0142 zawodnikiem Jutrzenki Krak\u00f3w i by\u0142 to Jego 2 i ostatni mecz w barwach narodowych. Zamordowany przez Niemc\u00f3w w 1941 roku.<\/p>\n","protected":false},"excerpt":{"rendered":"<p>95 lat temu 28 maja 1922 Reprezentacja Polski w swym 3 meczu odnios\u0142a pierwsze zwyci\u0119stwo, pokonuj\u0105c w Sztokholmie Szwecj\u0119 2:1. Pierwszego w historii gola zdoby\u0142 w 23. minucie z rzutu karnego J\u00f3zef Klotz. Strzelec pierwszego gola w historii naszej dru\u017cyny narodowej by\u0142 zawodnikiem Jutrzenki Krak\u00f3w i by\u0142 to Jego 2 i ostatni mecz w barwach [&hellip;]<\/p>\n","protected":false},"author":3,"featured_media":6699,"comment_status":"open","ping_status":"open","sticky":false,"template":"","format":"standard","meta":{"_acf_changed":false,"footnotes":""},"categories":[113,407],"tags":[421,37,273],"class_list":["post-6698","post","type-post","status-publish","format-standard","has-post-thumbnail","hentry","category-reprezentacja","category-tego-dnia","tag-klotz","tag-polska","tag-szwecja"],"acf":[],"_links":{"self":[{"href":"https:\/\/kronika-futbolu.pl\/historia\/wp-json\/wp\/v2\/posts\/6698","targetHints":{"allow":["GET"]}}],"collection":[{"href":"https:\/\/kronika-futbolu.pl\/historia\/wp-json\/wp\/v2\/posts"}],"about":[{"href":"https:\/\/kronika-futbolu.pl\/historia\/wp-json\/wp\/v2\/types\/post"}],"author":[{"embeddable":true,"href":"https:\/\/kronika-futbolu.pl\/historia\/wp-json\/wp\/v2\/users\/3"}],"replies":[{"embeddable":true,"href":"https:\/\/kronika-futbolu.pl\/historia\/wp-json\/wp\/v2\/comments?post=6698"}],"version-history":[{"count":0,"href":"https:\/\/kronika-futbolu.pl\/historia\/wp-json\/wp\/v2\/posts\/6698\/revisions"}],"wp:featuredmedia":[{"embeddable":true,"href":"https:\/\/kronika-futbolu.pl\/historia\/wp-json\/wp\/v2\/media\/6699"}],"wp:attachment":[{"href":"https:\/\/kronika-futbolu.pl\/historia\/wp-json\/wp\/v2\/media?parent=6698"}],"wp:term":[{"taxonomy":"category","embeddable":true,"href":"https:\/\/kronika-futbolu.pl\/historia\/wp-json\/wp\/v2\/categories?post=6698"},{"taxonomy":"post_tag","embeddable":true,"href":"https:\/\/kronika-futbolu.pl\/historia\/wp-json\/wp\/v2\/tags?post=6698"}],"curies":[{"name":"wp","href":"https:\/\/api.w.org\/{rel}","templated":true}]}}