{"id":6721,"date":"2017-06-11T10:00:45","date_gmt":"2017-06-11T08:00:45","guid":{"rendered":"https:\/\/kronika-futbolu.pl\/historia\/?p=6721"},"modified":"2017-06-11T10:00:45","modified_gmt":"2017-06-11T08:00:45","slug":"pilkarska-karta-kalendarza-12-18-czerwca","status":"publish","type":"post","link":"https:\/\/kronika-futbolu.pl\/historia\/pilkarska-karta-kalendarza-12-18-czerwca\/","title":{"rendered":"Pi\u0142karska karta z kalendarza 12-18 czerwca"},"content":{"rendered":"<div id=\"ez-toc-container\" class=\"ez-toc-v2_0_75 counter-hierarchy ez-toc-counter ez-toc-grey ez-toc-container-direction\">\n<div class=\"ez-toc-title-container\">\n<p class=\"ez-toc-title\" style=\"cursor:inherit\">Table of Contents<\/p>\n<span class=\"ez-toc-title-toggle\"><a href=\"#\" class=\"ez-toc-pull-right ez-toc-btn ez-toc-btn-xs ez-toc-btn-default ez-toc-toggle\" aria-label=\"Toggle Table of Content\"><span class=\"ez-toc-js-icon-con\"><span class=\"\"><span class=\"eztoc-hide\" style=\"display:none;\">Toggle<\/span><span class=\"ez-toc-icon-toggle-span\"><svg style=\"fill: #999;color:#999\" xmlns=\"http:\/\/www.w3.org\/2000\/svg\" class=\"list-377408\" width=\"20px\" height=\"20px\" viewBox=\"0 0 24 24\" fill=\"none\"><path d=\"M6 6H4v2h2V6zm14 0H8v2h12V6zM4 11h2v2H4v-2zm16 0H8v2h12v-2zM4 16h2v2H4v-2zm16 0H8v2h12v-2z\" fill=\"currentColor\"><\/path><\/svg><svg style=\"fill: #999;color:#999\" class=\"arrow-unsorted-368013\" xmlns=\"http:\/\/www.w3.org\/2000\/svg\" width=\"10px\" height=\"10px\" viewBox=\"0 0 24 24\" version=\"1.2\" baseProfile=\"tiny\"><path d=\"M18.2 9.3l-6.2-6.3-6.2 6.3c-.2.2-.3.4-.3.7s.1.5.3.7c.2.2.4.3.7.3h11c.3 0 .5-.1.7-.3.2-.2.3-.5.3-.7s-.1-.5-.3-.7zM5.8 14.7l6.2 6.3 6.2-6.3c.2-.2.3-.5.3-.7s-.1-.5-.3-.7c-.2-.2-.4-.3-.7-.3h-11c-.3 0-.5.1-.7.3-.2.2-.3.5-.3.7s.1.5.3.7z\"\/><\/svg><\/span><\/span><\/span><\/a><\/span><\/div>\n<nav><ul class='ez-toc-list ez-toc-list-level-1 ' ><li class='ez-toc-page-1 ez-toc-heading-level-3'><a class=\"ez-toc-link ez-toc-heading-1\" href=\"https:\/\/kronika-futbolu.pl\/historia\/pilkarska-karta-kalendarza-12-18-czerwca\/#Pilkarska_karta_z_kalendarza_12-18_czerwca\" >Pi\u0142karska karta z kalendarza 12-18 czerwca<\/a><\/li><li class='ez-toc-page-1 ez-toc-heading-level-3'><a class=\"ez-toc-link ez-toc-heading-2\" href=\"https:\/\/kronika-futbolu.pl\/historia\/pilkarska-karta-kalendarza-12-18-czerwca\/#12_czerwca\" >12 czerwca<\/a><\/li><li class='ez-toc-page-1 ez-toc-heading-level-3'><a class=\"ez-toc-link ez-toc-heading-3\" href=\"https:\/\/kronika-futbolu.pl\/historia\/pilkarska-karta-kalendarza-12-18-czerwca\/#13_czerwca\" >13 czerwca<\/a><\/li><li class='ez-toc-page-1 ez-toc-heading-level-3'><a class=\"ez-toc-link ez-toc-heading-4\" href=\"https:\/\/kronika-futbolu.pl\/historia\/pilkarska-karta-kalendarza-12-18-czerwca\/#14_czerwca\" >14 czerwca<\/a><\/li><li class='ez-toc-page-1 ez-toc-heading-level-3'><a class=\"ez-toc-link ez-toc-heading-5\" href=\"https:\/\/kronika-futbolu.pl\/historia\/pilkarska-karta-kalendarza-12-18-czerwca\/#15_czerwca\" >15 czerwca<\/a><\/li><li class='ez-toc-page-1 ez-toc-heading-level-3'><a class=\"ez-toc-link ez-toc-heading-6\" href=\"https:\/\/kronika-futbolu.pl\/historia\/pilkarska-karta-kalendarza-12-18-czerwca\/#16_czerwca\" >16 czerwca<\/a><\/li><li class='ez-toc-page-1 ez-toc-heading-level-3'><a class=\"ez-toc-link ez-toc-heading-7\" href=\"https:\/\/kronika-futbolu.pl\/historia\/pilkarska-karta-kalendarza-12-18-czerwca\/#17_czerwca\" >17 czerwca<\/a><\/li><li class='ez-toc-page-1 ez-toc-heading-level-3'><a class=\"ez-toc-link ez-toc-heading-8\" href=\"https:\/\/kronika-futbolu.pl\/historia\/pilkarska-karta-kalendarza-12-18-czerwca\/#18_czerwca\" >18 czerwca<\/a><\/li><\/ul><\/nav><\/div>\n<h3><span class=\"ez-toc-section\" id=\"Pilkarska_karta_z_kalendarza_12-18_czerwca\"><\/span>Pi\u0142karska karta z kalendarza 12-18 czerwca<span class=\"ez-toc-section-end\"><\/span><\/h3>\n<h3><span class=\"ez-toc-section\" id=\"12_czerwca\"><\/span><strong>12 czerwca<\/strong><span class=\"ez-toc-section-end\"><\/span><\/h3>\n<p>1912.06.12 Za\u0142o\u017cono honduraski klub <strong>Olimpia Tegucigalpa<\/strong>&#8211; wielokrotny mistrz kraju, zdobywca Ligi Mistrz\u00f3w CONCACAF 1972, 1988<\/p>\n<p>1926.06.12 Urodzi\u0142 si\u0119<strong> Amadeo Carrizo<\/strong>, argenty\u0144ski bramkarz, w latach 1945-1969 zawodnik River Plate<\/p>\n<p>1944.06.12 Urodzi\u0142 si\u0119 <strong> Nelson Acosta<\/strong>, urugwajski pomocnik, jako trener zdoby\u0142 br\u0105z na igrzyskach w 2000 roku z Chile<\/p>\n<p>1964.06.12 Urodzi\u0142 si\u0119 <strong>Uwe Kamps<\/strong>, niemiecki bramkarz, uczestnik Igrzysk Olimpijskich 1988<\/p>\n<p>1971.06.12 Urodzi\u0142 si\u0119 <strong>Tomasz Iwan<\/strong>, pomocnik, mistrz Holandii 2000,2001 z PSV, reprezentant Polski, obecnie dyrektor dru\u017cyny narodowej<\/p>\n<p>1973.06.12 Urodzi\u0142 si\u0119 <strong>Victor Ikpeba<\/strong>, nigeryjski napastnik, mistrz olimpijski 1996<\/p>\n<p>1976.06.12 Urodzi\u0142 si\u0119 <strong>Thomas S\u00f8rensen<\/strong>, du\u0144ski bramkarz<\/p>\n<p>1979.06.12 Urodzi\u0142 si\u0119 <strong>Diego Milito<\/strong>, argenty\u0144ski napastnik, zdobywca Ligi Mistrz\u00f3w i Klubowy Mistrz \u015awiata 2010 z Interem, finalista Copa America 2007<\/p>\n<p>1984.06.12 We Francji rozpocz\u0119\u0142y si\u0119 <strong>VII Mistrzostwa Europy<\/strong> w Pi\u0142ce No\u017cnej.<\/p>\n<p>1990.06.12 Urodzi\u0142 si\u0119 <strong>Artur Sobiech<\/strong>, napastnik<\/p>\n<p>2004.06.12 W Portugalii rozpocz\u0119\u0142y si\u0119 <strong>XII Mistrzostwa Europy<\/strong> w Pi\u0142ce No\u017cnej.<\/p>\n<p>2008.06.12 W swym drugim meczu grupowym na pi\u0142karskich mistrzostwach Europy, <strong>Polska <\/strong>zremisowa\u0142a w Wiedniu z <strong>Austri\u0105 <\/strong>1:1.- Pierwszy gol Polski na mistrzostwach Europy w historii.<\/p>\n<p>1977-06-12 <strong>Boliwia &#8211; Polska<\/strong> 1-2 MT La Paz bramki: Porfirio Jim\u00e9nez 21&#8242;- Grzegorz Lato 12&#8242;, Zdzis\u0142aw Kapka 90&#8242;<\/p>\n<p>2008-06-12 <strong>Austria &#8211; Polska<\/strong> 1-1 ME 2008 Wiede\u0144 bramki: Ivica Vasti\u0107 90&#8242;-k- Roger Guerreiro 30&#8242;<\/p>\n<p>2012-06-12 <strong>Polska-Rosja <\/strong>1-1 ME 2012 Warszawa bramki: Jakub B\u0142aszczykowski 57&#8242;- A\u0142an Dzagojew 37&#8242;<\/p>\n<p><strong> <\/strong><\/p>\n<h3><span class=\"ez-toc-section\" id=\"13_czerwca\"><\/span><strong>13 czerwca<\/strong><span class=\"ez-toc-section-end\"><\/span><\/h3>\n<p>1924.06.13 Urodzi\u0142 si\u0119 <strong>C\u00e9sar Ruminski<\/strong>, francuski bramkarz polskiego pochodzenia (zm. 2009)<\/p>\n<p>1931.06.13 Urodzi\u0142 si\u0119 <strong>Jean-Jacques Marcel<\/strong>, francuski pomocnik, zdobywca 3 miejsca na mundialu 1958<\/p>\n<p>1937.06.13 Urodzi\u0142 si\u0119 <strong> Erich Ribbeck<\/strong>, niemiecki obro\u0144ca, jako trener zdobywca Pucharu UEFA 1988<\/p>\n<p>1956.06.13 Rozegrano <strong>pierwszy fina\u0142 Pucharu Europy<\/strong>. W Pary\u017cu Real Madryt pokona\u0142 francuski Stade Reims 4 &#8211; 3.<\/p>\n<p>1974.06.13 W RFN rozpocz\u0119\u0142y si\u0119<strong> X Mistrzostwa \u015awiata<\/strong>.<\/p>\n<p>1980.06.13 Urodzi\u0142 si\u0119 <strong>Florent Malouda<\/strong>, francuski pomocnik, zdobywca Ligi Mistrz\u00f3w 2012<\/p>\n<p>1982.06.13 W Hiszpanii rozpocz\u0119\u0142y si\u0119<strong> XII Mistrzostwa \u015awiata<\/strong> w Pi\u0142ce No\u017cnej.<\/p>\n<h3><span class=\"ez-toc-section\" id=\"14_czerwca\"><\/span><strong>14 czerwca<\/strong><span class=\"ez-toc-section-end\"><\/span><\/h3>\n<p>2005.06.14 Powsta\u0142a pi\u0142karska <strong>Ekstraklasa SA<\/strong>.<\/p>\n<p>1913.06.14 Zosta\u0142 za\u0142o\u017cony hiszpa\u0144ski klub pi\u0142karski <strong>Real Racing Club de Santander<\/strong>.<\/p>\n<p>1942.06.14<strong> AS Rom<\/strong>a zdoby\u0142a po raz pierwszy tytu\u0142 mistrza W\u0142och.<\/p>\n<p>1972.06.14 W Belgii rozpocz\u0105\u0142 si\u0119 turniej fina\u0142owy <strong>IV Mistrzostw Europy<\/strong> w Pi\u0142ce No\u017cnej.<\/p>\n<p>1976.06.14 Urodzi\u0142 si\u0119 <strong>Massimo Oddo<\/strong>, w\u0142oski obro\u0144ca, zdobywca Ligi Mistrz\u00f3w, Superpucharu Europy i Klubowy Mistrz \u015awiata 2007 z Milanem<\/p>\n<p>1978.06.14 <strong>Polska <\/strong>przegra\u0142a z gospodarzami<strong> 0:2<\/strong> w rozegranym na Estadio Gigante de Arroyito w Rosario pierwszym meczu II rundy grupowej pi\u0142karskich Mistrzostw \u015awiata w Argentynie<\/p>\n<p>1981.06.14 Urodzi\u0142 si\u0119 <strong>Elano<\/strong>, brazylijski pomocnik zdobywca Copa America 2007, Pucharu Konfederacji 2009,<\/p>\n<p>1982.06.14 <strong>Polska <\/strong>zremisowa\u0142a bezbramkowo z <strong>W\u0142ochami <\/strong>w rozegranym na Estadio Bala\u00eddos w Vigo swym pierwszym meczu grupowym na pi\u0142karskich Mistrzostwach \u015awiata w Hiszpanii.<\/p>\n<p>2006.06.14 W swym drugim meczu grupowym na pi\u0142karskich Mistrzostwach \u015awiata w Niemczech, <strong>Polska <\/strong>przegra\u0142a na stadionie Signal Iduna Park w Dortmundzie<strong> z gospodarzami 0:1<\/strong>.<\/p>\n<p>1931-06-14 <strong>Polska &#8211; Czechos\u0142owacja<\/strong> 0-4 MT Warszawa bramki: Franti\u0161ek Pelcner 1&#8242;, 53&#8242;, V\u00e1clav B\u00e1ra 62&#8242;, Old\u0159ich Nejedl\u00fd 66&#8242;<\/p>\n<p>1997-06-14 <strong>Polska &#8211; Gruzja<\/strong> 4-1 EM\u015a 1998 Katowice bramki: Adam Ledwo\u0144 32&#8242;, Miros\u0142aw Trzeciak 34&#8242;, Krzysztof Bukalski 74&#8242;-k, Krzysztof Nowak 90&#8242;- Shota Arveladze 24&#8242;<\/p>\n<p>2002-06-14 <strong>Polska &#8211; USA<\/strong> 3-1 M\u015a 2002 Daejeon bramki: Landon Donovan 83&#8242;- Emmanuel Olisadebe 3&#8242;, Pawe\u0142 Krysza\u0142owicz 5&#8242;, Marcin \u017bew\u0142akow 66&#8242;<\/p>\n<h3><span class=\"ez-toc-section\" id=\"15_czerwca\"><\/span><strong>15 czerwca<\/strong><span class=\"ez-toc-section-end\"><\/span><\/h3>\n<p>1883.06.15 Urodzi\u0142 si\u0119 <strong>Henri Delaunay<\/strong>, francuski dzia\u0142acz pi\u0142karski, (zm. 1955)<\/p>\n<p>1933.06.15 Urodzi\u0142 si\u0119 <strong>Mark Jones<\/strong>, angielski obro\u0144ca, zgin\u0105\u0142 w katastrofie lotniczej w Monachium (zm. 1958)<\/p>\n<p>1954.06.15 W Bazylei za\u0142o\u017cono Uni\u0119 Europejskich Zwi\u0105zk\u00f3w Pi\u0142karskich (<strong>UEFA<\/strong>).<\/p>\n<p>1964.06.15 Urodzi\u0142 si\u0119 <strong>Michael Laudrup<\/strong>, du\u0144ski pomocnik\/napastnik,<\/p>\n<p>1969.06.15 Urodzi\u0142 si\u0119 <strong>Oliver Kahn<\/strong>, niemiecki bramkarz, mistrz Europy 1996, wicemistrz \u015bwiata 2006<\/p>\n<p>1969.06.15 Po meczu Honduras-Salwador wybuch\u0142a wojna miedzy Hondurasem a Salwadorem, nazwana<strong> &#8222;wojn\u0105 futbolow\u0105&#8221;<\/strong><\/p>\n<p>1982.06.15 Podczas pi\u0142karskich mistrzostw \u015bwiata w Hiszpanii pad\u0142 najwy\u017cszy rezultat w historii turniej\u00f3w fina\u0142owych <strong>(W\u0119gry &#8211; Salwador 10:1<\/strong>).<\/p>\n<p>1952-06-15 <strong>Polska &#8211; W\u0119gry<\/strong> 1-5 MT Warszawa Henryk Alszer 56&#8242;- Kocsis S\u00e1ndor 7&#8242;, 42&#8242;, Pusk\u00e1s Ferenc 25&#8242;, 32&#8242;, Hidegkuti N\u00e1ndor 27&#8242;<\/p>\n<p>1969-06-15 <strong>Bu\u0142garia &#8211; Polska<\/strong> 4-1 EM\u015a 1970 Sofia bramki: Hristo Bonev 23&#8242;, Dinko Dermendzhiev 24&#8242;, Dimitr Penev 73&#8242;, Georgi Asparukhov 88&#8242;- Kazimierz Deyna 27&#8242;<\/p>\n<p>1974-06-15 <strong>Polska &#8211; Argentyna<\/strong> 3-2 M\u015a 1974 Stuttgart- pierwszy mecz na turnieju bramki: Ramon Armando Heredia 61&#8242;, Carlos Alberto Babington 67&#8242;- Grzegorz Lato 7&#8242;,63&#8242;, Andrzej Szarmach 9&#8242;,<\/p>\n<h3><span class=\"ez-toc-section\" id=\"16_czerwca\"><\/span><strong>16 czerwca<\/strong><span class=\"ez-toc-section-end\"><\/span><\/h3>\n<p>1885.06.16 Za\u0142o\u017cono w\u0119gierski klub pi\u0142karski <strong>\u00dajpest FC<\/strong>&#8211; wielokrotny mistrz W\u0119gier.<\/p>\n<p>1954.06.16 W Szwajcarii rozpocz\u0119\u0142y si\u0119 <strong>V Mistrzostwa \u015awiata<\/strong><\/p>\n<p>1970.06.16 Za\u0142o\u017cono holenderski klub <strong>FC Groningen<\/strong>.<\/p>\n<p>1976.06.16 W Jugos\u0142awii rozpocz\u0105\u0142 si\u0119 turniej fina\u0142owy <strong>V Mistrzostw Europy<\/strong><\/p>\n<p>1946.06.16 Urodzi\u0142 si\u0119<strong> W\u0142adimir Astapowski<\/strong>, rosyjski bramkarz, br\u0105zowy medalista Igrzysk 1976 (zm. 2012)<\/p>\n<p>1967.06.16 Urodzi\u0142 si\u0119<strong> J\u00fcrgen Klopp<\/strong>, niemiecki pi\u0142karz, trener pi\u0142karski, przez 11 lat zawodnik FSV Mainz, p\u00f3\u017aniej trener min. Borussi Dortmund<\/p>\n<p>1968.06.16 Urodzi\u0142 si\u0119 <strong>Torben Frank<\/strong>, du\u0144ski napastnik, mistrz Europy 1992<\/p>\n<p>1970.06.16 Urodzi\u0142 si\u0119 <strong>Cobi Jones<\/strong>, ameryka\u0144ski pomocnik, zdobywca Z\u0142otego Pucharu 2002<\/p>\n<p>1972.06.16 Urodzi\u0142 si\u0119 <strong>Bo Hansen<\/strong>, du\u0144ski napastnik, zdobywca Pucharu Konfederacji 1995<\/p>\n<p>1973.06.16 Urodzi\u0142 si\u0119 <strong>Nikos Machlas<\/strong>, grecki napastnik<\/p>\n<p>1982.06.16 Urodzi\u0142 si\u0119 <strong>\u0141ukasz Za\u0142uska<\/strong>, bramkarz<\/p>\n<p><strong>1986-06-16 Polska &#8211; Brazylia 0-4 M\u015a 1986 Guadalayara bramki: <\/strong>S\u00f3crates 30&#8242;-k. Josimar 54&#8242;, Edinho 78&#8242;, Careca 82&#8242;-k<\/p>\n<p><strong>2008-06-16 Polska &#8211; Chorwacja 0-1 ME 2008 Austria gol: <\/strong>Ivan Klasni\u0107 52&#8242;<\/p>\n<p><strong>2012-06-16 Czechy-Polska 1-0 ME 2012 Wroc\u0142aw gol: <\/strong>Petr Jir\u00e1\u010dek 72&#8242;<\/p>\n<h3><span class=\"ez-toc-section\" id=\"17_czerwca\"><\/span><strong>17<\/strong> <strong>czerwca<\/strong><span class=\"ez-toc-section-end\"><\/span><\/h3>\n<h3><\/h3>\n<p>1992.06.17 <strong>Tad\u017cykistan<\/strong> zremisowa\u0142 w Duszanbe z Uzbekistanem 2:2 w pierwszym w historii oficjalnym meczu dla obu reprezentacji pi\u0142karskich.<\/p>\n<p>1994.06.17 W USA rozpocz\u0119\u0142y si\u0119<strong> XV Mistrzostwa \u015awiata<\/strong><\/p>\n<p>1967.06.17 Urodzi\u0142 si\u0119 <strong>Zinho<\/strong>, brazylijski pomocnik, mistrz \u015bwiata 1994<\/p>\n<p>2000.06.17 <strong>Zag\u0142\u0119bie Lubin &#8211; Vila\u015f Masall<\/strong>i 4-0 Puchar Intertoto bramki: Lewandowski Grzegorz 15&#8242;, Manuszewski Jacek 36&#8242;, Grzybowski Zbigniew 49&#8242;,64&#8242;<\/p>\n<p>2001.06.17 <strong> Dyskobolia Grodzisk Wlkp.-Spartak Warna<\/strong> 1-0 Puchar Intertoto gol: Maciej Nuckowski 87&#8242;<\/p>\n<p>2001.06.17 <strong>Zag\u0142\u0119bie Lubin &#8211; Hibernians Paola(Malta)<\/strong> 4-0 Puchar Intertoto bramki: Grzybowski Zbigniew 34&#8242;, 60&#8242;, Manuszewski Jacek 40&#8242;,90&#8242;<\/p>\n<h3><span class=\"ez-toc-section\" id=\"18_czerwca\"><\/span><strong>18<\/strong> <strong>czerwca<\/strong><span class=\"ez-toc-section-end\"><\/span><\/h3>\n<p>1972.06.18 Reprezentacja <strong>RFN<\/strong> pokona\u0142a ZSRR 3:0 w rozegranym na Stadionie Heysel w Brukseli finale IV Mistrzostw Europy w Pi\u0142ce No\u017cnej.<\/p>\n<p>1946.06.18 Urodzi\u0142 si\u0119 <strong>Fabio Capello<\/strong>, w\u0142oski pi\u0142karz, trener pi\u0142karski<\/p>\n<p>1968.06.18 Urodzi\u0142 si\u0119 <strong>Piotr Lech<\/strong>, bramkarz, mistrz Polski 1989 z Ruchem Chorz\u00f3w<\/p>\n<p><strong>1978-06-18 Polska &#8211; Peru 1-0 M\u015a 1978 Mendoza gol: <\/strong>Andrzej Szarmach 65&#8242;<\/p>\n<p>2005.06.18 <strong> Tiligul-Tiras Tyraspol-Pogo\u0144 Szczecin<\/strong> 0-3 Puchar Intertoto bramki: Przemys\u0142aw Ka\u017amierczak 45&#8242;, Tomasz Parzy 84&#8242;, Krzysztof Michalski 90&#8242;<\/p>\n","protected":false},"excerpt":{"rendered":"<p>Pi\u0142karska karta z kalendarza 12-18 czerwca 12 czerwca 1912.06.12 Za\u0142o\u017cono honduraski klub Olimpia Tegucigalpa&#8211; wielokrotny mistrz kraju, zdobywca Ligi Mistrz\u00f3w CONCACAF 1972, 1988 1926.06.12 Urodzi\u0142 si\u0119 Amadeo Carrizo, argenty\u0144ski bramkarz, w latach 1945-1969 zawodnik River Plate 1944.06.12 Urodzi\u0142 si\u0119 Nelson Acosta, urugwajski pomocnik, jako trener zdoby\u0142 br\u0105z na igrzyskach w 2000 roku z Chile 1964.06.12 [&hellip;]<\/p>\n","protected":false},"author":3,"featured_media":0,"comment_status":"open","ping_status":"open","sticky":false,"template":"","format":"standard","meta":{"_acf_changed":false,"footnotes":""},"categories":[144],"tags":[143],"class_list":["post-6721","post","type-post","status-publish","format-standard","hentry","category-kartka-z-kalendarza","tag-kalendarium"],"acf":[],"_links":{"self":[{"href":"https:\/\/kronika-futbolu.pl\/historia\/wp-json\/wp\/v2\/posts\/6721","targetHints":{"allow":["GET"]}}],"collection":[{"href":"https:\/\/kronika-futbolu.pl\/historia\/wp-json\/wp\/v2\/posts"}],"about":[{"href":"https:\/\/kronika-futbolu.pl\/historia\/wp-json\/wp\/v2\/types\/post"}],"author":[{"embeddable":true,"href":"https:\/\/kronika-futbolu.pl\/historia\/wp-json\/wp\/v2\/users\/3"}],"replies":[{"embeddable":true,"href":"https:\/\/kronika-futbolu.pl\/historia\/wp-json\/wp\/v2\/comments?post=6721"}],"version-history":[{"count":0,"href":"https:\/\/kronika-futbolu.pl\/historia\/wp-json\/wp\/v2\/posts\/6721\/revisions"}],"wp:attachment":[{"href":"https:\/\/kronika-futbolu.pl\/historia\/wp-json\/wp\/v2\/media?parent=6721"}],"wp:term":[{"taxonomy":"category","embeddable":true,"href":"https:\/\/kronika-futbolu.pl\/historia\/wp-json\/wp\/v2\/categories?post=6721"},{"taxonomy":"post_tag","embeddable":true,"href":"https:\/\/kronika-futbolu.pl\/historia\/wp-json\/wp\/v2\/tags?post=6721"}],"curies":[{"name":"wp","href":"https:\/\/api.w.org\/{rel}","templated":true}]}}