{"id":6725,"date":"2017-06-25T10:06:19","date_gmt":"2017-06-25T08:06:19","guid":{"rendered":"https:\/\/kronika-futbolu.pl\/historia\/?p=6725"},"modified":"2017-06-25T10:06:19","modified_gmt":"2017-06-25T08:06:19","slug":"pilkarska-kartka-z-kalendarza-26-czerwca-2-lipca","status":"publish","type":"post","link":"https:\/\/kronika-futbolu.pl\/historia\/pilkarska-kartka-z-kalendarza-26-czerwca-2-lipca\/","title":{"rendered":"Pi\u0142karska kartka z kalendarza 26 czerwca &#8211; 2 lipca"},"content":{"rendered":"<div id=\"ez-toc-container\" class=\"ez-toc-v2_0_75 counter-hierarchy ez-toc-counter ez-toc-grey ez-toc-container-direction\">\n<div class=\"ez-toc-title-container\">\n<p class=\"ez-toc-title\" style=\"cursor:inherit\">Table of Contents<\/p>\n<span class=\"ez-toc-title-toggle\"><a href=\"#\" class=\"ez-toc-pull-right ez-toc-btn ez-toc-btn-xs ez-toc-btn-default ez-toc-toggle\" aria-label=\"Toggle Table of Content\"><span class=\"ez-toc-js-icon-con\"><span class=\"\"><span class=\"eztoc-hide\" style=\"display:none;\">Toggle<\/span><span class=\"ez-toc-icon-toggle-span\"><svg style=\"fill: #999;color:#999\" xmlns=\"http:\/\/www.w3.org\/2000\/svg\" class=\"list-377408\" width=\"20px\" height=\"20px\" viewBox=\"0 0 24 24\" fill=\"none\"><path d=\"M6 6H4v2h2V6zm14 0H8v2h12V6zM4 11h2v2H4v-2zm16 0H8v2h12v-2zM4 16h2v2H4v-2zm16 0H8v2h12v-2z\" fill=\"currentColor\"><\/path><\/svg><svg style=\"fill: #999;color:#999\" class=\"arrow-unsorted-368013\" xmlns=\"http:\/\/www.w3.org\/2000\/svg\" width=\"10px\" height=\"10px\" viewBox=\"0 0 24 24\" version=\"1.2\" baseProfile=\"tiny\"><path d=\"M18.2 9.3l-6.2-6.3-6.2 6.3c-.2.2-.3.4-.3.7s.1.5.3.7c.2.2.4.3.7.3h11c.3 0 .5-.1.7-.3.2-.2.3-.5.3-.7s-.1-.5-.3-.7zM5.8 14.7l6.2 6.3 6.2-6.3c.2-.2.3-.5.3-.7s-.1-.5-.3-.7c-.2-.2-.4-.3-.7-.3h-11c-.3 0-.5.1-.7.3-.2.2-.3.5-.3.7s.1.5.3.7z\"\/><\/svg><\/span><\/span><\/span><\/a><\/span><\/div>\n<nav><ul class='ez-toc-list ez-toc-list-level-1 ' ><li class='ez-toc-page-1 ez-toc-heading-level-3'><a class=\"ez-toc-link ez-toc-heading-1\" href=\"https:\/\/kronika-futbolu.pl\/historia\/pilkarska-kartka-z-kalendarza-26-czerwca-2-lipca\/#Pilkarska_kartka_z_kalendarza_26_czerwca_%E2%80%93_2_lipca\" >Pi\u0142karska kartka z kalendarza 26 czerwca &#8211; 2 lipca<\/a><\/li><li class='ez-toc-page-1 ez-toc-heading-level-3'><a class=\"ez-toc-link ez-toc-heading-2\" href=\"https:\/\/kronika-futbolu.pl\/historia\/pilkarska-kartka-z-kalendarza-26-czerwca-2-lipca\/#26_czerwca\" >26 czerwca<\/a><\/li><li class='ez-toc-page-1 ez-toc-heading-level-3'><a class=\"ez-toc-link ez-toc-heading-3\" href=\"https:\/\/kronika-futbolu.pl\/historia\/pilkarska-kartka-z-kalendarza-26-czerwca-2-lipca\/#27_czerwca\" >27 czerwca<\/a><\/li><li class='ez-toc-page-1 ez-toc-heading-level-3'><a class=\"ez-toc-link ez-toc-heading-4\" href=\"https:\/\/kronika-futbolu.pl\/historia\/pilkarska-kartka-z-kalendarza-26-czerwca-2-lipca\/#28_czerwca\" >28 czerwca<\/a><\/li><li class='ez-toc-page-1 ez-toc-heading-level-3'><a class=\"ez-toc-link ez-toc-heading-5\" href=\"https:\/\/kronika-futbolu.pl\/historia\/pilkarska-kartka-z-kalendarza-26-czerwca-2-lipca\/#29_czerwca\" >29 czerwca<\/a><\/li><li class='ez-toc-page-1 ez-toc-heading-level-3'><a class=\"ez-toc-link ez-toc-heading-6\" href=\"https:\/\/kronika-futbolu.pl\/historia\/pilkarska-kartka-z-kalendarza-26-czerwca-2-lipca\/#30_czerwca\" >30 czerwca<\/a><\/li><li class='ez-toc-page-1 ez-toc-heading-level-3'><a class=\"ez-toc-link ez-toc-heading-7\" href=\"https:\/\/kronika-futbolu.pl\/historia\/pilkarska-kartka-z-kalendarza-26-czerwca-2-lipca\/#1_lipca\" >1 lipca<\/a><\/li><li class='ez-toc-page-1 ez-toc-heading-level-3'><a class=\"ez-toc-link ez-toc-heading-8\" href=\"https:\/\/kronika-futbolu.pl\/historia\/pilkarska-kartka-z-kalendarza-26-czerwca-2-lipca\/#2_lipca\" >2 lipca<\/a><\/li><\/ul><\/nav><\/div>\n<h3><span class=\"ez-toc-section\" id=\"Pilkarska_kartka_z_kalendarza_26_czerwca_%E2%80%93_2_lipca\"><\/span>Pi\u0142karska kartka z kalendarza 26 czerwca &#8211; 2 lipca<span class=\"ez-toc-section-end\"><\/span><\/h3>\n<h3><span class=\"ez-toc-section\" id=\"26_czerwca\"><\/span><strong>26 czerwca<\/strong><span class=\"ez-toc-section-end\"><\/span><\/h3>\n<p>1904.06.26 Za\u0142o\u017cono szwedzki klub pi\u0142karski <strong>IF Elfsborg<\/strong>, kilkukrotny mistrz Szwecji<\/p>\n<p>1954.06.26 Urodzi\u0142 si\u0119 <strong>Luis Arconada<\/strong>, hiszpa\u0144ski bramkarz, wicemistrz Europy 1984<\/p>\n<p>1968.06.26 Urodzi\u0142 si\u0119 <strong>Paolo Maldini<\/strong>, w\u0142oski obro\u0144ca, zdobywca Pucharu Europy 1989,1990, 1994, 2003, 2007 z Milanem, wicemistrz \u015bwiata 1994, wicemistrz Europy 2000<\/p>\n<p>1992.06.26 W <strong>finale <\/strong>rozgrywanych w Szwecji <strong>Mistrzostw Europy<\/strong> Dania pokona\u0142a na stadionie Ullevi w G\u00f6teborgu Niemcy 2:0.<\/p>\n<p>1948.06.26 Reprezentacja <strong>Polski <\/strong>ponios\u0142a najwy\u017csz\u0105 pora\u017ck\u0119 w swej historii <strong>0- 8<\/strong> z <strong>Dani\u0105 <\/strong>w Kopenhadzie. W meczu tym sw\u00f3j jedyny reprezentacyjny wyst\u0119p zaliczy\u0142 Kazimierz G\u00f3rski, gra\u0142 do 34 minuty. Bramki: Karl Hansen 26&#8242;,87&#8242; Carl Pr\u00e6st 39&#8242;,73&#8242;, 88&#8242;, John Hansen 44&#8242;,45&#8242;, Johannes Pl\u00f8ger 78&#8242;<\/p>\n<p>1955-06-26 <strong>Bu\u0142garia &#8211; Polska<\/strong> 1-1 MT Sofia bramki: Stefan Bozhkov 71&#8242;-k- Lucjan Brychczy 28&#8242;<\/p>\n<p>1960-06-26 <strong>Polska &#8211; Bu\u0142garia<\/strong> 4-0 MT Chorz\u00f3w bramki: Roman Lentner 8&#8242;, Manol Manolov 31&#8242;-sam. Stanis\u0142aw Hachorek 76&#8242;, 79&#8242;<\/p>\n<p>1974-06-26<strong> Polska &#8211; Szwecja<\/strong> 1-0 M\u015a 1974 Stuttgart gol: Grzegorz Lato 44&#8242;<\/p>\n<p>1999.06.26 <strong>Tiligul Tiraspol -Polonia Warszawa<\/strong> 0-0 Puchar Intertoto<\/p>\n<h3><span class=\"ez-toc-section\" id=\"27_czerwca\"><\/span><strong>27 czerwca<\/strong><span class=\"ez-toc-section-end\"><\/span><\/h3>\n<p>1920.06.27 Urodzi\u0142 si\u0119<strong> Fernando Riera<\/strong>, chilijski napastnik, zdobywca 3 miejsca na mundialu 1962 (zm. 2010)<\/p>\n<p>1954.06.27 W meczu \u00bc fina\u0142u Mistrzostw \u015awiata rozgrywanych w Szwajcarii W\u0119gry pokona\u0142y Brazyli\u0119 4-2 a mecz nazwano &#8222;bitw\u0105 pod Bernem&#8221; poniewa\u017c gra by\u0142a bardzo brutalna a po meczu dosz\u0142o nawet do b\u00f3jek mi\u0119dzy pi\u0142karzami.<\/p>\n<p>Wi\u0119cej o tym meczu przeczytacie tutaj: http:\/\/rfbl.pl\/bitwa-o-berno\/<br \/>\n1962.06.27 Za\u0142o\u017cono holenderski klub pi\u0142karski <strong>Roda JC Kerkrade<\/strong>.<\/p>\n<p>1977.06.27 Urodzi\u0142 si\u0119 <strong> Ra\u00fal Gonz\u00e1lez Blanco<\/strong>, hiszpa\u0144ski napastnik, zdobywca Ligi Mistrz\u00f3w 1998,2000,2002<\/p>\n<p>1977.06.27 Urodzi\u0142 si\u0119<strong> Arkadiusz Radomski<\/strong>, pomocnik, mistrz Europy 1993 U-16, mistrz Austrii 2006 z Austri\u0105 Wiede\u0144<\/p>\n<p>1981.06.27 Reprezentacja Polski kobiet w pi\u0142ce no\u017cnej rozegra\u0142a pierwszy oficjalny mecz. Na stadionie miejskim w Katanii Polski prowadzone przez Tadeusza Ma\u015blaka uleg\u0142y W\u0142oszkom 0:3<br \/>\nw meczu towarzyskim.<\/p>\n<p>1984.06.27 W <strong>finale <\/strong>rozgrywanych we Francji pi\u0142karskich <strong>Mistrzostw Europy <\/strong>reprezentacja gospodarzy pokona\u0142a Hiszpani\u0119 2:0.<\/p>\n<p>1998.06.27 <strong>Ruch Chorz\u00f3w-Austria Wiede\u0144 <\/strong>2-2 Puchar Intertoto bramki dla Ruchu: Mariusz \u015arutwa 58&#8242;-k, Krzysztof Bizacki 74&#8242;<\/p>\n<p>2004.06.27 <strong>Dynamo Mi\u0144sk-Odra Wodzis\u0142aw<\/strong> 2-0 Puchar Intertoto bramki: Maksim Cyga\u0142ko 43&#8242;, Witalij Wo\u0142odienkow 75&#8242;<\/p>\n<h3><span class=\"ez-toc-section\" id=\"28_czerwca\"><\/span><strong>28 czerwca<\/strong><span class=\"ez-toc-section-end\"><\/span><\/h3>\n<p>1945.06.28 Za\u0142o\u017cono meksyka\u0144ski klub pi\u0142karski <strong>CF Monterrey<\/strong>, zdobywca Ligi Mistrz\u00f3w CONCACAF 2011, 2012, 2013<\/p>\n<p>1971.06.28 Urodzi\u0142 si\u0119 <strong>Fabien Barthez<\/strong>, francuski bramkarz, mistrz \u015bwiata 1998, mistrz Europy 2000, zdobywca Ligi Mistrz\u00f3w 1993 z Ol.Marsylia<\/p>\n<p>1965.06.28 Urodzi\u0142 si\u0119 <strong>Maciej Szcz\u0119sny,<\/strong> polski pi\u0142karz, bramkarz, mistrz Polski 1994,1995 z Legi\u0105, 1997 z Widzewem, 2000 z Poloni\u0105 W-wakomentator pi\u0142karski<\/p>\n<p>1977.06.28 Urodzi\u0142 si\u0119 <strong>\u0141ukasz Surma<\/strong>, pomocnik, mistrz Polski 2006 z Legi\u0105<\/p>\n<p>1958-06-28 <strong>NRD &#8211; Polska <\/strong>1-1 MT Rostock bramki: Wilfried Klingbiel 32&#8242;- Henryk Kempny 88&#8242;<\/p>\n<p>1959-06-28 <strong>Polska &#8211; Hiszpania<\/strong> 2-4 EME 1960 Chorz\u00f3w bramki: Ernest Pohl 34&#8242;, Lucjan Brychczy 62&#8242;- Luis Su\u00e1rez 41&#8242;,51&#8242;, Di St\u00e9fano 43&#8242;, 55&#8242;<\/p>\n<p>1982-06-28 W II rundzie Mistrzostw \u015awiata 1982 rozgrywanych w Hiszpanii Polska reprezentacja pokona\u0142a w Barcelonie Belgi\u0119 3-0- wszystkie gole zdoby\u0142 Zbigniew Boniek w 3, 25, i 54 minucie.<\/p>\n<p>J\u00f3zef M\u0142ynarczyk Pawe\u0142 Janas Marek Dziuba W\u0142adys\u0142aw \u017bmuda Stefan Majewski Waldemar Matysik Janusz Kupcewicz (82&#8242; W\u0142odzimierz Cio\u0142ek) Andrzej Buncol Grzegorz Lato Zbigniew Boniek W\u0142odzimierz Smolarek<\/p>\n<p>Polska zagra\u0142a w sk\u0142adzie: J\u00f3zef M\u0142ynarczyk Pawe\u0142 Janas Marek Dziuba W\u0142adys\u0142aw \u017bmuda Stefan Majewski Waldemar Matysik Janusz Kupcewicz (82&#8242; W\u0142odzimierz Cio\u0142ek) Andrzej Buncol Grzegorz Lato Zbigniew Boniek W\u0142odzimierz Smolarek<\/p>\n<p>1997.06.28 <strong>Olympique Lyon-Odra Wodzis\u0142aw<\/strong> 5-2 Puchar Intertoto<\/p>\n<h3><span class=\"ez-toc-section\" id=\"29_czerwca\"><\/span><strong>29 czerwca<\/strong><span class=\"ez-toc-section-end\"><\/span><\/h3>\n<p>1950.06.29 <strong>Anglia<\/strong> sensacyjnie przegra\u0142a 0-1 z <strong>USA<\/strong> na Est\u00e1dio Independencia w Belo Horizonte podczas Mistrzostw \u015awiata. Mecz nazwano \u201ecudem na trawie\u201d. Zwyci\u0119skiego gola zdoby\u0142 Joe Gaetjens w 38 minucie. By\u0142 to mecz II kolejki fazy grupowej, w pierwszej Anglia pokona\u0142a Chile 2:0 a USA przegra\u0142a 1-3 z Hiszpani\u0105. Na \u0142awce rezerwowych dru\u017cyny USA siedzia\u0142 urodzony we Lwowie <strong>Adam Wolanin<\/strong>.<\/p>\n<p>1958.06.29 Reprezentacja <strong>Brazylii <\/strong>zosta\u0142a po raz pierwszy pi\u0142karskim mistrzem \u015bwiata, pokonuj\u0105c w finale turnieju rozgrywanego w Szwecji reprezentacj\u0119 gospodarzy 5:2.<\/p>\n<p>1984.06.29 Urodzi\u0142 si\u0119<strong> Tom\u00e1\u0161 Jirs\u00e1k<\/strong>, czeski pomocnik, mistrz Polski 2008,2009,2011 z Wis\u0142\u0105 Krak\u00f3w<\/p>\n<p>1988.06.29 Urodzi\u0142 si\u0119 <strong>\u00c9ver Banega<\/strong>, argenty\u0144ski pomocnik, mistrz \u015bwiata 2007 U-20, z\u0142oty medalista olimpijski 2008<\/p>\n<p>2008.06.29 W<strong> finale XIII Mistrzostw Europy<\/strong> w Pi\u0142ce No\u017cnej Hiszpania pokona\u0142a w Wiedniu Niemcy 1:0.<\/p>\n<p>1924-06-29 <strong>Polska &#8211; Turcja<\/strong> 2-0 MT \u0141\u00f3d\u017a bramki: Mieczys\u0142aw Balcer 42&#8242;, Henryk Reyman 43&#8242;<\/p>\n<p>1980-06-29 <strong>Brazylia &#8211; Polska<\/strong> 1-1 MT Sao Paulo bramki: Zico 52&#8242;- Grzegorz Lato 7&#8242;<\/p>\n<p>1995-06-29 <strong>Brazylia &#8211; Polska<\/strong> 2-1 MT Recife bramki: T\u00falio Costa 2&#8242;, 56&#8242;- Andrzej Juskowiak 72&#8242;<\/p>\n<p>1997.06.29 <strong>Polonia W-wa- Dynamo Mi\u0144sk <\/strong>1-4 Puchar Intertoto<\/p>\n<p>2003.06.29 <strong>Shamrock Rovers-Odra Wodzis\u0142aw <\/strong> 1-0 Puchar Intertoto gol: Glen Fitzpatrick 66<\/p>\n<p>2003.06.29 <strong>Tobo\u0142 Kostanaj-Polonia Warszawa<\/strong> 2-1 Puchar Intertoto bramki: Danijar Mukanow 75&#8242;, Nurbo\u0142 \u017bumaskalijew 90&#8242;- \u0141ukasz Jarosiewicz 20&#8242;<\/p>\n<p>2008.06.29 <strong>Szachcior Soligorsk(Bia\u0142oru\u015b)-Cracovia <\/strong>3-0 Puchar Intertoto<\/p>\n<h3><span class=\"ez-toc-section\" id=\"30_czerwca\"><\/span><strong>30 czerwca<\/strong><span class=\"ez-toc-section-end\"><\/span><\/h3>\n<p>1974.06.30 Na pi\u0142karskich Mistrzostwach \u015awiata w RFN, Polska pokona\u0142a Jugos\u0142awi\u0119 2:1.<\/p>\n<p>2002.06.30 Rozegrano fina\u0142 XVII Mistrzostw \u015awiata, kt\u00f3re odbywa\u0142y si\u0119 w Korei Po\u0142udniowej i Japonii. W Jokohamie Brazylia pokona\u0142a Niemcy 2:0, bramki zdoby\u0142 Ronaldo w 67, i 79 minucie. By\u0142 to 5 tytu\u0142 mistrzowski dla Brazylijczyk\u00f3w w historii. Ronaldo z 8 bramkami zosta\u0142 kr\u00f3lem strzelc\u00f3w turnieju.<\/p>\n<p>1974-06-30 Polska &#8211; Serbia (dawna Jugos\u0142awia) 2-1 Frankfurt M\u015a 1974 bramki: Stanislav Karasi 43&#8242;- Kazimierz Deyna 24&#8242;-k, Grzegorz Lato 63&#8242;<\/p>\n<p>1996.06.30 Silkeborg IF- Zag\u0142\u0119bie Lubin 0-0 Puchar Intertoto<\/p>\n<p>1996.06.30 \u0141KS \u0141\u00f3d\u017a- Spartak Warna 1-1 Puchar Intertoto<\/p>\n<p>2002.06.30 Dinaburg FC (\u0141otwa)- Zag\u0142\u0119bie Lubin 1-0 Puchar Intertoto gol: \u017dans Derjugins 9&#8242;<\/p>\n<p>2011.06.30 Jagiellonia Bia\u0142ystok-Irtysz Paw\u0142odar(Kazachstan) 1-0 Liga Europy-I runda kw. gol: Tomasz Frankowski 80&#8242;<\/p>\n<p><strong> <\/strong><\/p>\n<h3><span class=\"ez-toc-section\" id=\"1_lipca\"><\/span><strong>1 lipca<\/strong><span class=\"ez-toc-section-end\"><\/span><\/h3>\n<p>1968.07.01 Za\u0142o\u017cono holenderski klub pi\u0142karski Fortuna Sittard.<\/p>\n<p>1970.07.01 Za\u0142o\u017cono holenderski klub pi\u0142karski FC Utrecht.<\/p>\n<p>1920.07.01 Urodzi\u0142 si\u0119 Jaroslav Vejvoda, czeski pi\u0142karz, trener pi\u0142karski (zm. 1996)<\/p>\n<p>1940.07.01 Urodzi\u0142 si\u0119 Craig Brown, szkocki pi\u0142karz, trener pi\u0142karski<\/p>\n<p>1961.07.01 Urodzi\u0142 si\u0119 Zenon Burzawa, napastnik, graj\u0105c w Sokole Pniewy zosta\u0142 kr\u00f3lem strzelc\u00f3w 1993\/1994 &#8211; 21 goli w 33 meczach.<\/p>\n<p>Wi\u0119cej przeczytacie tutaj: http:\/\/rfbl.pl\/krol-na-stare-lata-zenon-burzawa\/<\/p>\n<p>1974.07.01 Urodzi\u0142 si\u0119 Edward Cecot, polski pi\u0142karz<\/p>\n<p>1976.07.01 Urodzi\u0142 si\u0119 Patrick Kluivert, holenderski pi\u0142karz<\/p>\n<p>1976.07.01 Urodzi\u0142 si\u0119 Ruud van Nistelrooy, holenderski pi\u0142karz<\/p>\n<p>1976.07.01 Urodzi\u0142 si\u0119 Rigobert Song, kameru\u0144ski pi\u0142karz<\/p>\n<p>1977.07.01 Urodzi\u0142 si\u0119 Bal\u00e1zs Moln\u00e1r, w\u0119gierski pi\u0142karz<\/p>\n<p>1928-07-01 Polska &#8211; Szwecja 2-1 MT Katowice bramki: Wawrzyniec Stali\u0144ski 25&#8242;, Wac\u0142aw Kuchar 70&#8242;- Einar Persson 10&#8242;<\/p>\n<p>2000.07.01 Zag\u0142\u0119bie Lubin-Slaven Belupo Koprivnica 1-1 Puchar Intertoto<\/p>\n<p>2001.07.01 Zag\u0142\u0119bie Lubin-KSC Lokeren 2-2 Puchar Intertoto bramki: Grzybowski 44&#8242;, \u017buraw 68&#8242; &#8211; De Beule 77&#8242;, Kimoto 86&#8242;<\/p>\n<p>2006.07.01 FC Tyraspol-Lech Pozna\u0144 1-0 Puchar Intertoto gol: Igor Picu\u015fiac 18&#8242;<\/p>\n<p>2010.07.01 Szachtior Karaganda-Ruch Chorz\u00f3w 1-2 el. Ligi Europy bramki: Aldin \u0110idi\u0107 7&#8242; &#8211; \u0141ukasz Janoszka 45&#8242;, Wojciech Grzyb 48&#8242;-k<\/p>\n<h3><span class=\"ez-toc-section\" id=\"2_lipca\"><\/span><strong>2 lipca<\/strong><span class=\"ez-toc-section-end\"><\/span><\/h3>\n<h3><\/h3>\n<p>2000.07.02 W finale XI Mistrzostw Europy Francja pokona\u0142a W\u0142ochy po dogrywce 2:1. Pierwsz\u0105 bramk\u0119 zdoby\u0142 Marco Delvecchio w 54 minucie. Tu\u017c przed ko\u0144cem meczu w 94 minucie wyr\u00f3wna\u0142 Sylvain Wiltord a tryumf Francji da\u0142 David Tr\u00e9z\u00e9guet kt\u00f3ry w 104 minucie strzeli\u0142 z\u0142otego gola.<\/p>\n<p>1919.07.02 Urodzi\u0142 si\u0119 Albert Batteux, francuski pi\u0142karz, trener pi\u0142karski (zm. 2003)<\/p>\n<p>1975.07.02 Urodzi\u0142 si\u0119 Rafa\u0142 Lasocki, polski pi\u0142karz<\/p>\n<p>1980-07-02 Boliwia &#8211; Polska 0-1 MT Santa Cruz gol: Andrzej Iwan 79&#8242;<\/p>\n<p>1995.07.02 G\u00f3rnik Zabrze-FC Basel 1-2 Puchar Intertoto<\/p>\n<p>1995.07.02 Farul Konstanca-Pogo\u0144 Szczecin 2-1 Puchar Intertoto<\/p>\n<p>2009.07.02 Budu\u0107nost Podgorica-Polonia Warszawa 2-0 el. Ligi Europy bramki: Igor Kozio\u0142 54&#8242;, Tomasz Jod\u0142owiec 65&#8242;<\/p>\n<p><strong> <\/strong><\/p>\n","protected":false},"excerpt":{"rendered":"<p>Pi\u0142karska kartka z kalendarza 26 czerwca &#8211; 2 lipca 26 czerwca 1904.06.26 Za\u0142o\u017cono szwedzki klub pi\u0142karski IF Elfsborg, kilkukrotny mistrz Szwecji 1954.06.26 Urodzi\u0142 si\u0119 Luis Arconada, hiszpa\u0144ski bramkarz, wicemistrz Europy 1984 1968.06.26 Urodzi\u0142 si\u0119 Paolo Maldini, w\u0142oski obro\u0144ca, zdobywca Pucharu Europy 1989,1990, 1994, 2003, 2007 z Milanem, wicemistrz \u015bwiata 1994, wicemistrz Europy 2000 1992.06.26 W [&hellip;]<\/p>\n","protected":false},"author":3,"featured_media":0,"comment_status":"open","ping_status":"open","sticky":false,"template":"","format":"standard","meta":{"_acf_changed":false,"footnotes":""},"categories":[144],"tags":[143],"class_list":["post-6725","post","type-post","status-publish","format-standard","hentry","category-kartka-z-kalendarza","tag-kalendarium"],"acf":[],"_links":{"self":[{"href":"https:\/\/kronika-futbolu.pl\/historia\/wp-json\/wp\/v2\/posts\/6725","targetHints":{"allow":["GET"]}}],"collection":[{"href":"https:\/\/kronika-futbolu.pl\/historia\/wp-json\/wp\/v2\/posts"}],"about":[{"href":"https:\/\/kronika-futbolu.pl\/historia\/wp-json\/wp\/v2\/types\/post"}],"author":[{"embeddable":true,"href":"https:\/\/kronika-futbolu.pl\/historia\/wp-json\/wp\/v2\/users\/3"}],"replies":[{"embeddable":true,"href":"https:\/\/kronika-futbolu.pl\/historia\/wp-json\/wp\/v2\/comments?post=6725"}],"version-history":[{"count":0,"href":"https:\/\/kronika-futbolu.pl\/historia\/wp-json\/wp\/v2\/posts\/6725\/revisions"}],"wp:attachment":[{"href":"https:\/\/kronika-futbolu.pl\/historia\/wp-json\/wp\/v2\/media?parent=6725"}],"wp:term":[{"taxonomy":"category","embeddable":true,"href":"https:\/\/kronika-futbolu.pl\/historia\/wp-json\/wp\/v2\/categories?post=6725"},{"taxonomy":"post_tag","embeddable":true,"href":"https:\/\/kronika-futbolu.pl\/historia\/wp-json\/wp\/v2\/tags?post=6725"}],"curies":[{"name":"wp","href":"https:\/\/api.w.org\/{rel}","templated":true}]}}