{"id":6877,"date":"2017-08-01T10:19:44","date_gmt":"2017-08-01T08:19:44","guid":{"rendered":"https:\/\/kronika-futbolu.pl\/historia\/?p=6877"},"modified":"2022-10-14T12:11:19","modified_gmt":"2022-10-14T10:11:19","slug":"pilkarski-sierpien-3","status":"publish","type":"post","link":"https:\/\/kronika-futbolu.pl\/historia\/pilkarski-sierpien-3\/","title":{"rendered":"Pi\u0142karski sierpie\u0144 2017"},"content":{"rendered":"<p>Wybrane pi\u0142karskie wydarzenia kt\u00f3re czekaj\u0105 nas w sierpniu:<\/p>\n<div id=\"ez-toc-container\" class=\"ez-toc-v2_0_75 counter-hierarchy ez-toc-counter ez-toc-grey ez-toc-container-direction\">\n<div class=\"ez-toc-title-container\">\n<p class=\"ez-toc-title\" style=\"cursor:inherit\">Table of Contents<\/p>\n<span class=\"ez-toc-title-toggle\"><a href=\"#\" class=\"ez-toc-pull-right ez-toc-btn ez-toc-btn-xs ez-toc-btn-default ez-toc-toggle\" aria-label=\"Toggle Table of Content\"><span class=\"ez-toc-js-icon-con\"><span class=\"\"><span class=\"eztoc-hide\" style=\"display:none;\">Toggle<\/span><span class=\"ez-toc-icon-toggle-span\"><svg style=\"fill: #999;color:#999\" xmlns=\"http:\/\/www.w3.org\/2000\/svg\" class=\"list-377408\" width=\"20px\" height=\"20px\" viewBox=\"0 0 24 24\" fill=\"none\"><path d=\"M6 6H4v2h2V6zm14 0H8v2h12V6zM4 11h2v2H4v-2zm16 0H8v2h12v-2zM4 16h2v2H4v-2zm16 0H8v2h12v-2z\" fill=\"currentColor\"><\/path><\/svg><svg style=\"fill: #999;color:#999\" class=\"arrow-unsorted-368013\" xmlns=\"http:\/\/www.w3.org\/2000\/svg\" width=\"10px\" height=\"10px\" viewBox=\"0 0 24 24\" version=\"1.2\" baseProfile=\"tiny\"><path d=\"M18.2 9.3l-6.2-6.3-6.2 6.3c-.2.2-.3.4-.3.7s.1.5.3.7c.2.2.4.3.7.3h11c.3 0 .5-.1.7-.3.2-.2.3-.5.3-.7s-.1-.5-.3-.7zM5.8 14.7l6.2 6.3 6.2-6.3c.2-.2.3-.5.3-.7s-.1-.5-.3-.7c-.2-.2-.4-.3-.7-.3h-11c-.3 0-.5.1-.7.3-.2.2-.3.5-.3.7s.1.5.3.7z\"\/><\/svg><\/span><\/span><\/span><\/a><\/span><\/div>\n<nav><ul class='ez-toc-list ez-toc-list-level-1 ' ><li class='ez-toc-page-1 ez-toc-heading-level-4'><a class=\"ez-toc-link ez-toc-heading-1\" href=\"https:\/\/kronika-futbolu.pl\/historia\/pilkarski-sierpien-3\/#Europejskie_puchary\" >Europejskie puchary<\/a><\/li><li class='ez-toc-page-1 ez-toc-heading-level-4'><a class=\"ez-toc-link ez-toc-heading-2\" href=\"https:\/\/kronika-futbolu.pl\/historia\/pilkarski-sierpien-3\/#Pilka_w_Polsce\" >Pi\u0142ka w Polsce<\/a><\/li><li class='ez-toc-page-1 ez-toc-heading-level-4'><a class=\"ez-toc-link ez-toc-heading-3\" href=\"https:\/\/kronika-futbolu.pl\/historia\/pilkarski-sierpien-3\/#Pilka_reprezentacyjna\" >Pi\u0142ka reprezentacyjna<\/a><\/li><\/ul><\/nav><\/div>\n<h4><span class=\"ez-toc-section\" id=\"Europejskie_puchary\"><\/span>Europejskie puchary<span class=\"ez-toc-section-end\"><\/span><\/h4>\n<p>1-2 sierpnia III runda eliminacji Ligi Mistrz\u00f3w- rewan\u017ce (2.08 mecz Legia &#8211; Astana)<br \/>\n3 sierpnia III runda eliminacji Ligi Europy &#8211; rewan\u017ce (FC Midtjylland-Arka Gdynia, Lech Pozna\u0144- FC Utrecht)<br \/>\n4 sierpnia losowanie IV rundy eliminacji Ligi Mistrz\u00f3w i Ligi Europy<br \/>\n8 sierpnia Superpuchar Europy Real Madryt- Manchester United w Skopje 20:45<br \/>\n15-16 i 22-23 sierpnia IV runda eliminacji Ligi Mistrz\u00f3w<br \/>\n17 i 24 sierpnia IV runda eliminacji Ligi Europy<br \/>\n24 sierpnia losowanie fazy grupowej Ligi Mistrz\u00f3w<br \/>\n25 sierpnia losowanie fazy grupowej Ligi Europy<\/p>\n<h4><span class=\"ez-toc-section\" id=\"Pilka_w_Polsce\"><\/span>Pi\u0142ka w Polsce<span class=\"ez-toc-section-end\"><\/span><\/h4>\n<p>4-7 sierpnia 4 kolejka Ekstraklasy<br \/>\n11-14 sierpnia 5 kolejka Ekstraklasy<br \/>\n18-21 sierpnia 6 kolejka Ekstraklasy<br \/>\n25-27 sierpnia 7 kolejka Ekstraklasy<\/p>\n<p>8-10 sierpnia 1\/16 fina\u0142u Pucharu Polski<\/p>\n<h4><span class=\"ez-toc-section\" id=\"Pilka_reprezentacyjna\"><\/span>Pi\u0142ka reprezentacyjna<span class=\"ez-toc-section-end\"><\/span><\/h4>\n<p>10 sierpnia Ranking FIFA<\/p>\n<p>29-31 sierpnia mecze eliminacyjne Mistrzostw \u015awiata 2018 w strefach : Azja, Europa, Afryka, Ameryka Po\u0142udniowa (kolejne mecze na pocz\u0105tku wrze\u015bnia)<\/p>\n","protected":false},"excerpt":{"rendered":"<p>Wybrane pi\u0142karskie wydarzenia kt\u00f3re czekaj\u0105 nas w sierpniu: Europejskie puchary 1-2 sierpnia III runda eliminacji Ligi Mistrz\u00f3w- rewan\u017ce (2.08 mecz Legia &#8211; Astana) 3 sierpnia III runda eliminacji Ligi Europy &#8211; rewan\u017ce (FC Midtjylland-Arka Gdynia, Lech Pozna\u0144- FC Utrecht) 4 sierpnia losowanie IV rundy eliminacji Ligi Mistrz\u00f3w i Ligi Europy 8 sierpnia Superpuchar Europy Real [&hellip;]<\/p>\n","protected":false},"author":3,"featured_media":12860,"comment_status":"open","ping_status":"open","sticky":false,"template":"","format":"standard","meta":{"_acf_changed":false,"footnotes":""},"categories":[2],"tags":[408],"class_list":["post-6877","post","type-post","status-publish","format-standard","has-post-thumbnail","hentry","category-bez-kategorii","tag-sierpien"],"acf":[],"_links":{"self":[{"href":"https:\/\/kronika-futbolu.pl\/historia\/wp-json\/wp\/v2\/posts\/6877","targetHints":{"allow":["GET"]}}],"collection":[{"href":"https:\/\/kronika-futbolu.pl\/historia\/wp-json\/wp\/v2\/posts"}],"about":[{"href":"https:\/\/kronika-futbolu.pl\/historia\/wp-json\/wp\/v2\/types\/post"}],"author":[{"embeddable":true,"href":"https:\/\/kronika-futbolu.pl\/historia\/wp-json\/wp\/v2\/users\/3"}],"replies":[{"embeddable":true,"href":"https:\/\/kronika-futbolu.pl\/historia\/wp-json\/wp\/v2\/comments?post=6877"}],"version-history":[{"count":1,"href":"https:\/\/kronika-futbolu.pl\/historia\/wp-json\/wp\/v2\/posts\/6877\/revisions"}],"predecessor-version":[{"id":12974,"href":"https:\/\/kronika-futbolu.pl\/historia\/wp-json\/wp\/v2\/posts\/6877\/revisions\/12974"}],"wp:featuredmedia":[{"embeddable":true,"href":"https:\/\/kronika-futbolu.pl\/historia\/wp-json\/wp\/v2\/media\/12860"}],"wp:attachment":[{"href":"https:\/\/kronika-futbolu.pl\/historia\/wp-json\/wp\/v2\/media?parent=6877"}],"wp:term":[{"taxonomy":"category","embeddable":true,"href":"https:\/\/kronika-futbolu.pl\/historia\/wp-json\/wp\/v2\/categories?post=6877"},{"taxonomy":"post_tag","embeddable":true,"href":"https:\/\/kronika-futbolu.pl\/historia\/wp-json\/wp\/v2\/tags?post=6877"}],"curies":[{"name":"wp","href":"https:\/\/api.w.org\/{rel}","templated":true}]}}