{"id":705,"date":"2013-01-01T16:02:18","date_gmt":"2013-01-01T15:02:18","guid":{"rendered":"https:\/\/kronika-futbolu.pl\/wordpress\/?p=705"},"modified":"2013-01-01T16:02:18","modified_gmt":"2013-01-01T15:02:18","slug":"28-burkina-faso-na-pna","status":"publish","type":"post","link":"https:\/\/kronika-futbolu.pl\/historia\/28-burkina-faso-na-pna\/","title":{"rendered":"28 Burkina Faso na PNA"},"content":{"rendered":"<p>Paul Put og\u0142osi\u0142 28 zawodnik\u00f3w powo\u0142anych na Puchar Narod\u00f3 Afryki. Jest to szeroka kadra z kt\u00f3rej ostatecznie wybranych zostanie 23. W\u015br\u00f3d powo\u0142anych s\u0105 pi\u0142karze z polskich klub\u00f3w: Pr\u00e9juce Nakoulma-G\u00f3rnik i Abdoul Razack Traor\u00e9 kt\u00f3ry ju\u017c rozwi\u0105za\u0142 kontrakt z Lechi\u0105 i pozostaje bez klubu.<br \/>\nPowo\u0142ani:<\/p>\n<div><strong>Bramkarze: <\/strong>Abdoulaye Soulama (Ashanti Kotoko\/ Ghana),<\/div>\n<div>Germain Sanou (St Etienne\/Francja),<\/div>\n<div>Daouda Diakit\u00e9 (Lierse\/Belgia),<\/div>\n<div>Abdoul Ouattara (Jeunesse Club Abidjan Treichville\/WKS)<\/div>\n<div><strong>Obro\u0144cy : <\/strong>Mohamed Koffi (Petrojet \/Egipt),<\/div>\n<div>Henry Traor\u00e9 (AshantiGoldfield\/Ghana),<\/div>\n<div>Bakary Kon\u00e9 (Lyon\/Francja),<\/div>\n<div>Bakary Soro (Arles-Avignon\/Francja),<\/div>\n<div>Paul Koulibaly (Dynamo Bucarest \/Rumunia),<\/div>\n<div>Souma\u00efla Belem (Africa Sports\/WKS),<\/div>\n<div>Madi Panandetiguiri (Antwerp\/Belgia),<\/div>\n<div>Aboubacar Zerbo (Etoile Filante Ouagadougou)<\/div>\n<div><strong>Pomocnicy : <\/strong>Pr\u00e9juce Nakoulma (G\u00f3rnik Zabrze),<\/div>\n<div>Wilfried Sanou (Kyoto Sanga\/Japonia),<\/div>\n<div>Florent Rouamba (Sheriff Tiraspol\/Mo\u0142dawia),<\/div>\n<div>Ali Rabo (El Shorta\/Egipt),<\/div>\n<div>Charles Kabor\u00e9 (Marseille\/ Francja),<\/div>\n<div>Djakaridja Kon\u00e9 (Evian-Thonon\/Francja),<\/div>\n<div>Jonathan Pitro\u00efpa (Rennes\/Francja),<\/div>\n<div>Issouf Ouattara (Chernomorets Bougas\/Bu\u0142garia),<\/div>\n<div>Alain Traor\u00e9 (Lorient\/Francja),<\/div>\n<div>Abdoul Razack Traor\u00e9 (Lechia Gda\u0144sk),<\/div>\n<div>Salif Dianda (Ternana Calcio\/W\u0142ochy)<\/div>\n<div><strong>Attackers : <\/strong>Aristide Banc\u00e9 (Augsburg\/Niemcy),<\/div>\n<div>Moumouni Dagano (Al Sailiya\/Katar)\/<\/div>\n<div>Pierre Koulibaly (Al Dhaid Sharjah\/ZEA),<\/div>\n<div>Wilfried Balima (Sheriff Tiraspol\/Mo\u0142dawia),<\/div>\n<div>Hughes Wilfried Dah (Al Dhaid Sharjah\/ ZEA)<\/div>\n","protected":false},"excerpt":{"rendered":"<p>Paul Put og\u0142osi\u0142 28 zawodnik\u00f3w powo\u0142anych na Puchar Narod\u00f3 Afryki. Jest to szeroka kadra z kt\u00f3rej ostatecznie wybranych zostanie 23. W\u015br\u00f3d powo\u0142anych s\u0105 pi\u0142karze z polskich klub\u00f3w: Pr\u00e9juce Nakoulma-G\u00f3rnik i Abdoul Razack Traor\u00e9 kt\u00f3ry ju\u017c rozwi\u0105za\u0142 kontrakt z Lechi\u0105 i pozostaje bez klubu. Powo\u0142ani: Bramkarze: Abdoulaye Soulama (Ashanti Kotoko\/ Ghana), Germain Sanou (St Etienne\/Francja), Daouda [&hellip;]<\/p>\n","protected":false},"author":3,"featured_media":392,"comment_status":"open","ping_status":"open","sticky":false,"template":"","format":"standard","meta":{"_acf_changed":false,"footnotes":""},"categories":[2],"tags":[],"class_list":["post-705","post","type-post","status-publish","format-standard","has-post-thumbnail","hentry","category-bez-kategorii"],"acf":[],"_links":{"self":[{"href":"https:\/\/kronika-futbolu.pl\/historia\/wp-json\/wp\/v2\/posts\/705","targetHints":{"allow":["GET"]}}],"collection":[{"href":"https:\/\/kronika-futbolu.pl\/historia\/wp-json\/wp\/v2\/posts"}],"about":[{"href":"https:\/\/kronika-futbolu.pl\/historia\/wp-json\/wp\/v2\/types\/post"}],"author":[{"embeddable":true,"href":"https:\/\/kronika-futbolu.pl\/historia\/wp-json\/wp\/v2\/users\/3"}],"replies":[{"embeddable":true,"href":"https:\/\/kronika-futbolu.pl\/historia\/wp-json\/wp\/v2\/comments?post=705"}],"version-history":[{"count":0,"href":"https:\/\/kronika-futbolu.pl\/historia\/wp-json\/wp\/v2\/posts\/705\/revisions"}],"wp:featuredmedia":[{"embeddable":true,"href":"https:\/\/kronika-futbolu.pl\/historia\/wp-json\/wp\/v2\/media\/392"}],"wp:attachment":[{"href":"https:\/\/kronika-futbolu.pl\/historia\/wp-json\/wp\/v2\/media?parent=705"}],"wp:term":[{"taxonomy":"category","embeddable":true,"href":"https:\/\/kronika-futbolu.pl\/historia\/wp-json\/wp\/v2\/categories?post=705"},{"taxonomy":"post_tag","embeddable":true,"href":"https:\/\/kronika-futbolu.pl\/historia\/wp-json\/wp\/v2\/tags?post=705"}],"curies":[{"name":"wp","href":"https:\/\/api.w.org\/{rel}","templated":true}]}}