{"id":7056,"date":"2017-12-03T09:59:56","date_gmt":"2017-12-03T08:59:56","guid":{"rendered":"https:\/\/kronika-futbolu.pl\/historia\/?p=7056"},"modified":"2017-12-03T09:59:56","modified_gmt":"2017-12-03T08:59:56","slug":"kartka-kalendarza-4-grudnia-10-grudnia","status":"publish","type":"post","link":"https:\/\/kronika-futbolu.pl\/historia\/kartka-kalendarza-4-grudnia-10-grudnia\/","title":{"rendered":"Kartka z kalendarza 4 grudnia &#8211; 10 grudnia"},"content":{"rendered":"<div id=\"ez-toc-container\" class=\"ez-toc-v2_0_75 counter-hierarchy ez-toc-counter ez-toc-grey ez-toc-container-direction\">\n<div class=\"ez-toc-title-container\">\n<p class=\"ez-toc-title\" style=\"cursor:inherit\">Table of Contents<\/p>\n<span class=\"ez-toc-title-toggle\"><a href=\"#\" class=\"ez-toc-pull-right ez-toc-btn ez-toc-btn-xs ez-toc-btn-default ez-toc-toggle\" aria-label=\"Toggle Table of Content\"><span class=\"ez-toc-js-icon-con\"><span class=\"\"><span class=\"eztoc-hide\" style=\"display:none;\">Toggle<\/span><span class=\"ez-toc-icon-toggle-span\"><svg style=\"fill: #999;color:#999\" xmlns=\"http:\/\/www.w3.org\/2000\/svg\" class=\"list-377408\" width=\"20px\" height=\"20px\" viewBox=\"0 0 24 24\" fill=\"none\"><path d=\"M6 6H4v2h2V6zm14 0H8v2h12V6zM4 11h2v2H4v-2zm16 0H8v2h12v-2zM4 16h2v2H4v-2zm16 0H8v2h12v-2z\" fill=\"currentColor\"><\/path><\/svg><svg style=\"fill: #999;color:#999\" class=\"arrow-unsorted-368013\" xmlns=\"http:\/\/www.w3.org\/2000\/svg\" width=\"10px\" height=\"10px\" viewBox=\"0 0 24 24\" version=\"1.2\" baseProfile=\"tiny\"><path d=\"M18.2 9.3l-6.2-6.3-6.2 6.3c-.2.2-.3.4-.3.7s.1.5.3.7c.2.2.4.3.7.3h11c.3 0 .5-.1.7-.3.2-.2.3-.5.3-.7s-.1-.5-.3-.7zM5.8 14.7l6.2 6.3 6.2-6.3c.2-.2.3-.5.3-.7s-.1-.5-.3-.7c-.2-.2-.4-.3-.7-.3h-11c-.3 0-.5.1-.7.3-.2.2-.3.5-.3.7s.1.5.3.7z\"\/><\/svg><\/span><\/span><\/span><\/a><\/span><\/div>\n<nav><ul class='ez-toc-list ez-toc-list-level-1 ' ><li class='ez-toc-page-1 ez-toc-heading-level-4'><a class=\"ez-toc-link ez-toc-heading-1\" href=\"https:\/\/kronika-futbolu.pl\/historia\/kartka-kalendarza-4-grudnia-10-grudnia\/#Kartka_z_kalendarza_4_grudnia_%E2%80%93_10_grudnia\" >Kartka z kalendarza 4 grudnia &#8211; 10 grudnia<\/a><\/li><li class='ez-toc-page-1 ez-toc-heading-level-4'><a class=\"ez-toc-link ez-toc-heading-2\" href=\"https:\/\/kronika-futbolu.pl\/historia\/kartka-kalendarza-4-grudnia-10-grudnia\/#4_grudnia\" >4 grudnia<\/a><\/li><li class='ez-toc-page-1 ez-toc-heading-level-4'><a class=\"ez-toc-link ez-toc-heading-3\" href=\"https:\/\/kronika-futbolu.pl\/historia\/kartka-kalendarza-4-grudnia-10-grudnia\/#5_grudnia\" >5  grudnia<\/a><\/li><li class='ez-toc-page-1 ez-toc-heading-level-4'><a class=\"ez-toc-link ez-toc-heading-4\" href=\"https:\/\/kronika-futbolu.pl\/historia\/kartka-kalendarza-4-grudnia-10-grudnia\/#6_grudnia\" >6 grudnia<\/a><\/li><li class='ez-toc-page-1 ez-toc-heading-level-4'><a class=\"ez-toc-link ez-toc-heading-5\" href=\"https:\/\/kronika-futbolu.pl\/historia\/kartka-kalendarza-4-grudnia-10-grudnia\/#7_grudnia\" >7  grudnia<\/a><\/li><li class='ez-toc-page-1 ez-toc-heading-level-4'><a class=\"ez-toc-link ez-toc-heading-6\" href=\"https:\/\/kronika-futbolu.pl\/historia\/kartka-kalendarza-4-grudnia-10-grudnia\/#9_grudnia\" >9 grudnia<\/a><\/li><li class='ez-toc-page-1 ez-toc-heading-level-4'><a class=\"ez-toc-link ez-toc-heading-7\" href=\"https:\/\/kronika-futbolu.pl\/historia\/kartka-kalendarza-4-grudnia-10-grudnia\/#a\" >a<\/a><\/li><\/ul><\/nav><\/div>\n<h4><span class=\"ez-toc-section\" id=\"Kartka_z_kalendarza_4_grudnia_%E2%80%93_10_grudnia\"><\/span>Kartka z kalendarza 4 grudnia &#8211; 10 grudnia<span class=\"ez-toc-section-end\"><\/span><\/h4>\n<h4><span class=\"ez-toc-section\" id=\"4_grudnia\"><\/span><strong>4 grudnia<\/strong><span class=\"ez-toc-section-end\"><\/span><\/h4>\n<p>1926.12.04 Na zebraniu za\u0142o\u017cycielskim w Warszawie utworzono Polsk\u0105 Lig\u0119 Pi\u0142ki No\u017cnej.<\/p>\n<p>1996.12.04 <strong>Atletico Madryt-Widzew \u0141\u00f3d\u017a<\/strong> 1-0 Liga Mistrz\u00f3w faza grupowa gol: Milinko Panti\u0107 83&#8242;<\/p>\n<p>2008.12.04 <strong>Lech Pozna\u0144- Deportivo La Coruna<\/strong> 1-1 Puchar UEFA faza grupowa bramki: Hern\u00e1n Rengifo Trigoso 41&#8242; &#8211; Diego Daniel Colotto 2&#8242;<\/p>\n<h4><span class=\"ez-toc-section\" id=\"5_grudnia\"><\/span><strong>5<\/strong> <strong> grudnia<\/strong><span class=\"ez-toc-section-end\"><\/span><\/h4>\n<p>1930.12.05 Urodzi\u0142 si\u0119 Ginter Gawlik, pomocnik\/obro\u0144ca 5-krotny mistrz Polski z G\u00f3rnikiem Zabrze 1957,1959,1961,1963,1964.Siedem mecz\u00f3w w reprezentacji Polski i jeden gol. W G\u00f3rniku Zabrze gra\u0142 od 1950 do 1964 roku (zm. 2005) .<\/p>\n<p>1956.12.05 Urodzi\u0142 si\u0119<strong> Klaus Allofs<\/strong>, niemiecki pi\u0142karz, zdobywca puchar\u00f3w Niemiec i Francji , Mistrz Francji 1989, Mistrz Niemiec 1993, zawodnik min. Fortuna D\u00fcsseldorf,1. FC K\u00f6ln, Olympique Marsylia Girondins Bordeaux, Werder Brema<\/p>\n<p>1971.12.05 <strong>Turcja &#8211; Polska<\/strong> 1-0 Izmir EME 1972 gol: Cemil Turan 52&#8242;<\/p>\n<p>1991-12-05 <strong>Egipt &#8211; Polska<\/strong> 0-0 Kair MT<\/p>\n<h4><span class=\"ez-toc-section\" id=\"6_grudnia\"><\/span><strong>6 grudnia<\/strong><span class=\"ez-toc-section-end\"><\/span><\/h4>\n<p>1922.12.06 Urodzi\u0142 si\u0119 <strong>Guy Thys<\/strong>, belgijski pi\u0142karz, trener, prowadzi\u0142 reprezentacj\u0119 Belgii w latach 1976-1989 i 1990-1991, wicemistrz Europu 1980 jak trener Belgii (zm. 2003)<\/p>\n<p>1959.12.06 Urodzi\u0142 si\u0119 <strong>Marek Chojnacki<\/strong> obro\u0144ca, zdobywca 3 miejsca w Mistrzostwach Europy U-18 1978. W Ekstraklasie rozegra\u0142 452 mecze- wszystkie w \u0141KS \u0141\u00f3d\u017a i na li\u015bcie z najwi\u0119ksz\u0105 liczb\u0105 wyst\u0119p\u00f3w w Ekstraklasie zajmuje 3 miejsce. W \u0142\u00f3dzkim klubie gra\u0142 w latach 1978-1996 z przerw\u0105 na gr\u0119 w greckim \u00d3FPF Ethnik\u00f3s (Pireus).<\/p>\n<p>1978.12.06 <strong>\u015al\u0105sk Wroc\u0142aw-Borussua M<\/strong>. 2-4 1\/8 fina\u0142u Pucharu UEFA bramki: Tadeusz Paw\u0142owski 25&#8242;-k, 49&#8242;- Allan Simonsen 37&#8242;,85&#8242;,89&#8242;- Carsten Nielsen 48&#8242;<\/p>\n<p>1994.12.06 <strong>Bayer Leverkusen-GKS Katowice<\/strong> 4-0 1\/8 fina\u0142u Pucharu UEFA bramki: Bernd Schuster 11&#8242;-k, Andreas Thom 13&#8242;, Heiko Scholz 15&#8242;, Pavel Hapal 28&#8242;<\/p>\n<p>1995.12.06 <strong>Legia Warszawa &#8211; Spartak Moskwa<\/strong> 0-1 Liga Mistrz\u00f3w faza grupowa gol: Ramiz Mamedov 42&#8242;<\/p>\n<p>2006.12.06 <strong>Zjednoczone Emiraty Emiraty Arabskie &#8211; Polska<\/strong> 2-5 MT Abu Dhabi bramki: Subait Khater Fayel Al-Mekhaini 26&#8242;, Mohammed Rashid Salem Srour 86&#8242;-k Bart\u0142omiej Grzelak 8&#8242;,50&#8242;, Marcin Wasilewski17&#8242;, Pawe\u0142 Magdo\u0144 87&#8242;, Rados\u0142aw Matusiak 90&#8242;<\/p>\n<h4><span class=\"ez-toc-section\" id=\"7_grudnia\"><\/span><strong>7<\/strong> <strong> grudnia<\/strong><span class=\"ez-toc-section-end\"><\/span><\/h4>\n<p>1954.12.07 &#8211; Urodzi\u0142 si\u0119 <strong>Zdzis\u0142aw Kapka<\/strong>, napastnik, zdobywca 3 miejsca Mistrzostw \u015awiata 1978, poza tym: mistrz Polski 1978 z Wis\u0142\u0105, kr\u00f3l strzelc\u00f3w 1974, 3. miejsce mistrzostwa Europy U-18: 1972<\/p>\n<p>1973.12.07 &#8211; Urodzi\u0142 si\u0119 <strong>Octavio Valdez<\/strong>, meksyka\u0144ski pomocnik, zdobywca Z\u0142otego Pucharu CONCACAF 2003<\/p>\n<p>1979.12.07 &#8211; Urodzi\u0142 si\u0119 <strong>Mari\u00e1n Kelemen<\/strong>, s\u0142owacki bramkarz, mistrz Polski 2012 ze \u015al\u0105skiem<\/p>\n<p>1980.12.07 &#8211; Urodzi\u0142 si\u0119<strong> John Terry<\/strong> angielski obro\u0144ca, zawodnik Chelsea Londyn od 1998 roku<\/p>\n<p>1966-12-07 <strong>G\u00f3rnik Zabrze &#8211; CSKA Sofia<\/strong> 3-0 Puchar Europy II runda rewan\u017c bramki: Zygfryd Szo\u0142tysik 1&#8242;, Ernest Pol 26&#8242;,44&#8242;<\/p>\n<p>1980-12-07 <strong>Malta &#8211; Polska<\/strong> 0-2 La Valetta EM\u015a 1982<\/p>\n<p><strong>8 grudnia<\/strong><\/p>\n<h4><\/h4>\n<p>1929.12.08 Rozegrano pierwsze pi\u0142karskie derby Rzymu <strong>Derby della Capitale<\/strong> , w kt\u00f3rych AS Roma pokona\u0142a S. S. Lazio 1-0.<\/p>\n<p>1987.12.08 U wybrze\u017cy Peru rozbi\u0142 si\u0119 samolot wojskowy Fokker F27 z dru\u017cyn\u0105 pi\u0142karsk\u0105 <strong>Alianza Lima<\/strong>. Ocala\u0142 jedynie pilot.<\/p>\n<p>1948.12.08 &#8211; Urodzi\u0142 si\u0119 <strong>Stefan Bia\u0142as<\/strong>, polski pi\u0142karz, trener pi\u0142karski, pracowa\u0142 z klubami tunezyjskimi<\/p>\n<p>1985.12.08 <strong>Tunezja &#8211; Polska<\/strong> 1-0 Tunis MT gol: Bassam Jeridi 55&#8242;<\/p>\n<p>1984.12.08 <strong>W\u0142ochy &#8211; Polska<\/strong> 2-0 Pescara MT bramki: Alessandro Altobelli 77&#8242;, Antonio Di Gennaro 90&#8242;<\/p>\n<h4><span class=\"ez-toc-section\" id=\"9_grudnia\"><\/span><strong>9 grudnia<\/strong><span class=\"ez-toc-section-end\"><\/span><\/h4>\n<p>2006.12.09 W charytatywnym meczu na rzecz rodzin ofiar tragedii w kopalni Halemba Reprezentacja \u015al\u0105ska zremisowa\u0142a z Reprezentacj\u0105 Polski 1-1 bramki: Adam Kompa\u0142a 11&#8242;- \u0141ukasz Gargu\u0142a 57&#8242;. Mecz rozegrano na stadionie Ruchu Chorz\u00f3w. By\u0142o to pierwsze od 53 lat spotkanie obu reprezentacji.<\/p>\n<p>1906.12.09 &#8211; Za\u0142o\u017cono luksemburski klub pi\u0142karski <strong>Fola Esch <\/strong>wielokrotny mistrz Luksemburga.<\/p>\n<p>1955.12.09 Urodzi\u0142 si\u0119 <strong>Janusz Kupcewicz<\/strong>, pomocnik, zdobywca 3 miejsca na Mistrzostwach \u015awiata 1982<\/p>\n<p>1969.12.09 Urodzi\u0142 si\u0119 <strong>Bixente Lizarazu<\/strong>, francuski obro\u0144ca, mistrz \u015bwiata 1998 i Europy 2000<br \/>\n1983.12.09 Urodzi\u0142 si\u0119 <strong>Dariusz Dudka, <\/strong>mistrz Polski 2008 z Wis\u0142\u0105 Krak\u00f3w i zodbywca Superpucharu Polski 2000 z Amic\u0105 i 2016 z Lechem Pozna\u01441991-12-09 <strong> Kuwejt &#8211; Polska<\/strong> 0-2 MT Kuwejt bramki: Zdzis\u0142aw Janik 2&#8242;, Marek Rzepka 67&#8242;<\/p>\n<p><strong>10 grudnia<\/strong><\/p>\n<p><strong> <\/strong><\/p>\n<p>1907.12.10 W Saint-Maur-des-Foss\u00e9s urodzi\u0142 si\u0119 Lucien Laurent francuski napastnik, strzelec pierwszego gola w historii mistrzostw \u015bwiata. 13 lipca 1930 roku w meczuFrancja -Meksyk (4-1) wpisa\u0142 si\u0119 na list\u0119 strzelc\u00f3w w 19 minucie, by\u0142 to jego jeden z dw\u00f3ch goli strzelonych dla reprezentacji. Karier\u0119 pi\u0142karsk\u0105 rozpocz\u0105\u0142 w CA Paris, nast\u0119pnie rozpocz\u0105\u0142 prac\u0119 w fabryce Peugeota i gra\u0142 w dru\u017cynie firmy Peugeot Sochaux, w lutym 1930 zagra\u0142 I mecz w barwach Tr\u00f3jkolorowych- pora\u017cka 0-2 z Portugali\u0105. Na czas Mundialu otrzyma\u0142 wolne od pracy za kt\u00f3re nie otrzyma\u0142 wynagrodzenia, za gr\u0119 dosta\u0142 od krajowego zwi\u0105zku pi\u0142karskiego ma\u0142e wynagrodzenie na op\u0142at\u0119 wydatk\u00f3w. Po powrocie z mistrzostw gra\u0142 w wielu klubach, w 1940 roku zosta\u0142 aresztowany przez nazist\u00f3w i uwi\u0119ziony do 1943. By\u0142 jednym francuskim pi\u0142karzem z Mundialu z 1930 roku kt\u00f3ry doczeka\u0142 sukcesu Francji w 1998. Zmar\u0142 w 2005 roku w wieku 97 lat.<\/p>\n<h4><span class=\"ez-toc-section\" id=\"a\"><\/span>a<span class=\"ez-toc-section-end\"><\/span><\/h4>\n<p>1962.12.10- Urodzi\u0142 si\u0119 <strong>John de Wolf, <\/strong>holenderski obro\u0144ca, zdobywca wielu tytu\u0142\u00f3w z klubami holenderskimi<br \/>\n1987.12.10 <strong>Gonzalo Higua\u00edn<\/strong>, argenty\u0144ski napastnik, wicemistrz \u015bwiata 2014<\/p>\n<p>1964-12-010 <strong>Legia Warszawa- Galatasaray Stambu\u0142<\/strong> 1-0 PZP 1\/8 fina\u0142u gol: Henryk Apostel 14&#8242;- w Bukareszcie mecz dodatkowy: pierwszy mecz 2-1 dla Legii, rewan\u017c 1-0 dla Galatasaray, awans Legii<br \/>\n1975-12-10 <strong>Liverpool FC-\u015al\u0105sk Wroc\u0142aw<\/strong> 3-0 1\/8 fina\u0142u Pucharu UEFA bramki: Jimmy Case 22&#8242;,29&#8242;,46&#8242;<\/p>\n<p>1975-12-10 <strong>Stal Mielec-Inter Bratys\u0142awa<\/strong> 2-0 1\/8 fina\u0142u Pucharu UEFA bramki: Ryszard Sekulski 75&#8242;, Witold Kara\u015b 85&#8242;<\/p>\n<p>1980-12-10 <strong>Widzew \u0141\u00f3d\u017a-Ipswich Town<\/strong> 1-0 1\/8 fina\u0142u Pucharu UEFA gol: Marek Pi\u0119ta 55&#8242;<\/p>\n<p>2002.12.10 <strong>Schalke 04 Gelsenkirchen-Wis\u0142a Krak\u00f3w<\/strong> 1-4 bramki: Tomasz Hajto 42&#8242;- Maciej \u017burawski 40&#8242;, Kalu Uche 51&#8242;, Maciej \u017burawski 85&#8242;, Kamil Kosowski 89&#8242;. Puchar UEFA II runda, I mecz 1-1.<\/p>\n<p>Schalke: Frank Rost, Tomasz Hajto, Marco van Hoogdalem, An\u00edbal Matell\u00e1n, Nico Van Kerckhoven (65&#8242; Victor Agali), Gerald Asamoah (77&#8242; Marc Wilmots), Christian Poulsen, Andreas M\u00f6ller, J\u00f6rg B\u00f6hme (83&#8242; Mike Hanke), Ebbe Sand, \u00c9mile Mpenza<\/p>\n<p>Wis\u0142a: Angelo Hugues, Marcin Baszczy\u0144ski, Arkadiusz G\u0142owacki, Mariusz Jop, Maciej Stolarczyk, Kalu Uche (90&#8242; Jacek Paszulewicz), Pawe\u0142 Str\u0105k, Miros\u0142aw Szymkowiak, Kamil Kosowski, Marcin Ku\u017aba (78&#8242; Grzegorz Pater), Maciej \u017burawski<\/p>\n<p>1994-12-10 <strong>Arabia Saudyjska &#8211; Polska<\/strong> 1-2 MT Rijad bramki: Sami Al Jaber 44&#8242;- Henryk Ba\u0142uszy\u0144ski 11&#8242;-k, Tomasz Rz\u0105sa 57&#8242;<\/p>\n<p>2010-12-10  <strong>Polska-Bo\u015bnia i Herc.<\/strong> 2-2 MT Kundu (Turcja) bramki: Muhamed Suba\u0161i\u0107 23&#8242;, Zvjezdan Misimovi\u0107 55&#8242;-k- Pawe\u0142 Bro\u017cek 7&#8242;,52&#8242;<\/p>\n","protected":false},"excerpt":{"rendered":"<p>Kartka z kalendarza 4 grudnia &#8211; 10 grudnia 4 grudnia 1926.12.04 Na zebraniu za\u0142o\u017cycielskim w Warszawie utworzono Polsk\u0105 Lig\u0119 Pi\u0142ki No\u017cnej. 1996.12.04 Atletico Madryt-Widzew \u0141\u00f3d\u017a 1-0 Liga Mistrz\u00f3w faza grupowa gol: Milinko Panti\u0107 83&#8242; 2008.12.04 Lech Pozna\u0144- Deportivo La Coruna 1-1 Puchar UEFA faza grupowa bramki: Hern\u00e1n Rengifo Trigoso 41&#8242; &#8211; Diego Daniel Colotto 2&#8242; [&hellip;]<\/p>\n","protected":false},"author":3,"featured_media":0,"comment_status":"closed","ping_status":"open","sticky":false,"template":"","format":"standard","meta":{"_acf_changed":false,"footnotes":""},"categories":[144],"tags":[143],"class_list":["post-7056","post","type-post","status-publish","format-standard","hentry","category-kartka-z-kalendarza","tag-kalendarium"],"acf":[],"_links":{"self":[{"href":"https:\/\/kronika-futbolu.pl\/historia\/wp-json\/wp\/v2\/posts\/7056","targetHints":{"allow":["GET"]}}],"collection":[{"href":"https:\/\/kronika-futbolu.pl\/historia\/wp-json\/wp\/v2\/posts"}],"about":[{"href":"https:\/\/kronika-futbolu.pl\/historia\/wp-json\/wp\/v2\/types\/post"}],"author":[{"embeddable":true,"href":"https:\/\/kronika-futbolu.pl\/historia\/wp-json\/wp\/v2\/users\/3"}],"replies":[{"embeddable":true,"href":"https:\/\/kronika-futbolu.pl\/historia\/wp-json\/wp\/v2\/comments?post=7056"}],"version-history":[{"count":0,"href":"https:\/\/kronika-futbolu.pl\/historia\/wp-json\/wp\/v2\/posts\/7056\/revisions"}],"wp:attachment":[{"href":"https:\/\/kronika-futbolu.pl\/historia\/wp-json\/wp\/v2\/media?parent=7056"}],"wp:term":[{"taxonomy":"category","embeddable":true,"href":"https:\/\/kronika-futbolu.pl\/historia\/wp-json\/wp\/v2\/categories?post=7056"},{"taxonomy":"post_tag","embeddable":true,"href":"https:\/\/kronika-futbolu.pl\/historia\/wp-json\/wp\/v2\/tags?post=7056"}],"curies":[{"name":"wp","href":"https:\/\/api.w.org\/{rel}","templated":true}]}}