{"id":7094,"date":"2020-01-08T00:01:15","date_gmt":"2020-01-07T23:01:15","guid":{"rendered":"https:\/\/kronika-futbolu.pl\/historia\/?p=7094"},"modified":"2022-10-17T09:34:02","modified_gmt":"2022-10-17T07:34:02","slug":"pilkarska-kartka-kalendarza-8-stycznia","status":"publish","type":"post","link":"https:\/\/kronika-futbolu.pl\/historia\/pilkarska-kartka-kalendarza-8-stycznia\/","title":{"rendered":"Pi\u0142karska kartka z kalendarza: 8 stycznia"},"content":{"rendered":"<h4>Pi\u0142karska kartka z kalendarza: 8 stycznia<\/h4>\n<p>1958.01.08 Urodzi\u0142 si\u0119 <strong>Roman W\u00f3jcick<\/strong>i, polski obro\u0144ca, br\u0105zowy medalista mistrzostw \u015bwiata 1982<\/p>\n<p>1972.01.08 Urodzi\u0142 si\u0119 Giuseppe Favalli, w\u0142oski obro\u0144ca,<\/p>\n<p>2010.01.08 Na granicy mi\u0119dzy Kongo a Angol\u0105 zosta\u0142 ostrzelany autokar, kt\u00f3rym pi\u0142karska reprezentacja Togo jecha\u0142a na rozgrywany w Angoli turniej o <strong>Puchar Narod\u00f3w Afryki<\/strong>. W wyniku ataku zgin\u0119\u0142y 3 osoby, a 8 zosta\u0142o rannych<\/p>\n","protected":false},"excerpt":{"rendered":"<p>Pi\u0142karska kartka z kalendarza: 8 stycznia 1958.01.08 Urodzi\u0142 si\u0119 Roman W\u00f3jcicki, polski obro\u0144ca, br\u0105zowy medalista mistrzostw \u015bwiata 1982 1972.01.08 Urodzi\u0142 si\u0119 Giuseppe Favalli, w\u0142oski obro\u0144ca, 2010.01.08 Na granicy mi\u0119dzy Kongo a Angol\u0105 zosta\u0142 ostrzelany autokar, kt\u00f3rym pi\u0142karska reprezentacja Togo jecha\u0142a na rozgrywany w Angoli turniej o Puchar Narod\u00f3w Afryki. W wyniku ataku zgin\u0119\u0142y 3 osoby, [&hellip;]<\/p>\n","protected":false},"author":3,"featured_media":12991,"comment_status":"closed","ping_status":"open","sticky":false,"template":"","format":"standard","meta":{"_acf_changed":false,"footnotes":""},"categories":[144],"tags":[143],"class_list":["post-7094","post","type-post","status-publish","format-standard","has-post-thumbnail","hentry","category-kartka-z-kalendarza","tag-kalendarium"],"acf":[],"_links":{"self":[{"href":"https:\/\/kronika-futbolu.pl\/historia\/wp-json\/wp\/v2\/posts\/7094","targetHints":{"allow":["GET"]}}],"collection":[{"href":"https:\/\/kronika-futbolu.pl\/historia\/wp-json\/wp\/v2\/posts"}],"about":[{"href":"https:\/\/kronika-futbolu.pl\/historia\/wp-json\/wp\/v2\/types\/post"}],"author":[{"embeddable":true,"href":"https:\/\/kronika-futbolu.pl\/historia\/wp-json\/wp\/v2\/users\/3"}],"replies":[{"embeddable":true,"href":"https:\/\/kronika-futbolu.pl\/historia\/wp-json\/wp\/v2\/comments?post=7094"}],"version-history":[{"count":1,"href":"https:\/\/kronika-futbolu.pl\/historia\/wp-json\/wp\/v2\/posts\/7094\/revisions"}],"predecessor-version":[{"id":13276,"href":"https:\/\/kronika-futbolu.pl\/historia\/wp-json\/wp\/v2\/posts\/7094\/revisions\/13276"}],"wp:featuredmedia":[{"embeddable":true,"href":"https:\/\/kronika-futbolu.pl\/historia\/wp-json\/wp\/v2\/media\/12991"}],"wp:attachment":[{"href":"https:\/\/kronika-futbolu.pl\/historia\/wp-json\/wp\/v2\/media?parent=7094"}],"wp:term":[{"taxonomy":"category","embeddable":true,"href":"https:\/\/kronika-futbolu.pl\/historia\/wp-json\/wp\/v2\/categories?post=7094"},{"taxonomy":"post_tag","embeddable":true,"href":"https:\/\/kronika-futbolu.pl\/historia\/wp-json\/wp\/v2\/tags?post=7094"}],"curies":[{"name":"wp","href":"https:\/\/api.w.org\/{rel}","templated":true}]}}