{"id":7122,"date":"2020-01-19T00:01:31","date_gmt":"2020-01-18T23:01:31","guid":{"rendered":"https:\/\/kronika-futbolu.pl\/historia\/?p=7122"},"modified":"2022-10-17T09:30:10","modified_gmt":"2022-10-17T07:30:10","slug":"pilkarska-kartka-kalendarza-19-stycznia","status":"publish","type":"post","link":"https:\/\/kronika-futbolu.pl\/historia\/pilkarska-kartka-kalendarza-19-stycznia\/","title":{"rendered":"Pi\u0142karska kartka z kalendarza: 19 stycznia"},"content":{"rendered":"<h4>Pi\u0142karska kartka z kalendarza: 19 stycznia<\/h4>\n<p>1955.01.19 Urodzi\u0142 si\u0119 <strong>Uwe Reinders<\/strong>, niemiecki napastnik, zawodnik min w latach 1977-1985 Werderu Brema<\/p>\n<p>1960.01.19 Urodzi\u0142 si\u0119 <strong>Mauro Tassotti<\/strong>, w\u0142oski obro\u0144ca, trener, zdobywca Pucharu Europy 1989,1990,1994 z AC Milan<\/p>\n<p>1969.01.19 Urodzi\u0142 si\u0119 <strong>Steve Staunto<\/strong>, irlandzki obro\u0144ca, zawodnik min. Liverpoolu, Aston Villi, Coventry<\/p>\n<p>1972.01.19 Urodzi\u0142 si\u0119 <strong>Mariusz Pawlak<\/strong>, polski obro\u0144ca, mistrz Polski 2000 z Poloni\u0105 W-wa<\/p>\n<p>2010.01.19 <strong>Olympiacos<\/strong> zwolni\u0142 z funkcji trenera brazylijsk\u0105 legend\u0119- Zico, po 8 miesi\u0105cach pracy (2 letni kontrakt). Brazylijczyk swoj\u0105 trenersk\u0105 karier\u0119 zacz\u0105\u0142 w japo\u0144skim Kashima Antlers a nastepnie pracowa\u0142 z reprezentacj\u0105 Japonii z kt\u00f3r\u0105 zdoby\u0142 Puchar Azji 2004, p\u00f3\u017aniej trenowa\u0142 Fenerbah\u00e7e, Bunyadkor, CSKA Moskwa. W 2011 obj\u0105\u0142 stanowisko selekcjonera reprezentacji Iraku (do 2012).<\/p>\n","protected":false},"excerpt":{"rendered":"<p>Pi\u0142karska kartka z kalendarza: 19 stycznia 1955.01.19 Urodzi\u0142 si\u0119 Uwe Reinders, niemiecki napastnik, zawodnik min w latach 1977-1985 Werderu Brema 1960.01.19 Urodzi\u0142 si\u0119 Mauro Tassotti, w\u0142oski obro\u0144ca, trener, zdobywca Pucharu Europy 1989,1990,1994 z AC Milan 1969.01.19 Urodzi\u0142 si\u0119 Steve Staunto, irlandzki obro\u0144ca, zawodnik min. Liverpoolu, Aston Villi, Coventry 1972.01.19 Urodzi\u0142 si\u0119 Mariusz Pawlak, polski obro\u0144ca, [&hellip;]<\/p>\n","protected":false},"author":3,"featured_media":12991,"comment_status":"closed","ping_status":"open","sticky":false,"template":"","format":"standard","meta":{"_acf_changed":false,"footnotes":""},"categories":[144],"tags":[143],"class_list":["post-7122","post","type-post","status-publish","format-standard","has-post-thumbnail","hentry","category-kartka-z-kalendarza","tag-kalendarium"],"acf":[],"_links":{"self":[{"href":"https:\/\/kronika-futbolu.pl\/historia\/wp-json\/wp\/v2\/posts\/7122","targetHints":{"allow":["GET"]}}],"collection":[{"href":"https:\/\/kronika-futbolu.pl\/historia\/wp-json\/wp\/v2\/posts"}],"about":[{"href":"https:\/\/kronika-futbolu.pl\/historia\/wp-json\/wp\/v2\/types\/post"}],"author":[{"embeddable":true,"href":"https:\/\/kronika-futbolu.pl\/historia\/wp-json\/wp\/v2\/users\/3"}],"replies":[{"embeddable":true,"href":"https:\/\/kronika-futbolu.pl\/historia\/wp-json\/wp\/v2\/comments?post=7122"}],"version-history":[{"count":1,"href":"https:\/\/kronika-futbolu.pl\/historia\/wp-json\/wp\/v2\/posts\/7122\/revisions"}],"predecessor-version":[{"id":13268,"href":"https:\/\/kronika-futbolu.pl\/historia\/wp-json\/wp\/v2\/posts\/7122\/revisions\/13268"}],"wp:featuredmedia":[{"embeddable":true,"href":"https:\/\/kronika-futbolu.pl\/historia\/wp-json\/wp\/v2\/media\/12991"}],"wp:attachment":[{"href":"https:\/\/kronika-futbolu.pl\/historia\/wp-json\/wp\/v2\/media?parent=7122"}],"wp:term":[{"taxonomy":"category","embeddable":true,"href":"https:\/\/kronika-futbolu.pl\/historia\/wp-json\/wp\/v2\/categories?post=7122"},{"taxonomy":"post_tag","embeddable":true,"href":"https:\/\/kronika-futbolu.pl\/historia\/wp-json\/wp\/v2\/tags?post=7122"}],"curies":[{"name":"wp","href":"https:\/\/api.w.org\/{rel}","templated":true}]}}