{"id":7125,"date":"2020-01-20T00:01:56","date_gmt":"2020-01-19T23:01:56","guid":{"rendered":"https:\/\/kronika-futbolu.pl\/historia\/?p=7125"},"modified":"2022-10-17T09:29:57","modified_gmt":"2022-10-17T07:29:57","slug":"pilkarska-kartka-kalendarza-20-stycznia","status":"publish","type":"post","link":"https:\/\/kronika-futbolu.pl\/historia\/pilkarska-kartka-kalendarza-20-stycznia\/","title":{"rendered":"Pi\u0142karska kartka z kalendarza: 20 stycznia"},"content":{"rendered":"<h4>Pi\u0142karska kartka z kalendarza: 20 stycznia<\/h4>\n<p>20.01.1921 Urodzi\u0142 si\u0119<strong> Telmo Zarra<\/strong> hispza\u0144ski napastnik, do niedawna rekordzista pod wzgl\u0119dem liczby strzelonych goli w lidze hiszpa\u0144skiej, w 277 meczach Athletico Bilbao zdoby\u0142 251 bramek<\/p>\n<p>20.01.1956 Urodzi\u0142 si\u0119 <strong>Rodolfo Rodr\u00edguez<\/strong>, urugwajski bramkarz, zdobywca Copa America 1983, zdobywca Pucharu Interkontynentalnego 1980 i Copa Libertadores 1980 z Nacional Montevideo. W reprezentacji Urugwaju zagra\u0142 78 mecz\u00f3w co jest jednym z lepszych wynik\u00f3w w historii<\/p>\n<p>20.01.1958 Urodzi\u0142 si\u0119<strong> Luis Fernando Tena<\/strong>, meksyka\u0144ski obro\u0144ca, jako trener w 2012 zdoby\u0142 z reprezentacj\u0105 Meksyku U-23 z\u0142oto na IO w Londynie<\/p>\n<p>20.01.1964 Urodzi\u0142 si\u0119 <strong>Lubo\u0161 Kub\u00edk<\/strong>, czeski obro\u0144ca, pomocnik, wicemistrz Europy 1996. W 2006 trenowa\u0142 \u015al\u0105sk Wroc\u0142aw<\/p>\n<p>20.01.1981 Urodzi\u0142 si\u0119 <strong>Owen Hargreaves<\/strong>, angielski pomocnik, zdobywca Ligi Mistrz\u00f3w i Pucharu Interkontynentalnego 2001 z Bayernem Monachium oraz Ligi Mistrz\u00f3w 2008 z Manchesterem United<\/p>\n<p>1982.01.20 Urodzi\u0142 si\u0119 <strong>Tomasz Wisio<\/strong>, obro\u0144ca, wicemistrz Europy U-16 1999, gra\u0142 w Zag\u0142\u0119biu Lubin (jako junior), Wi\u015ble Krak\u00f3w, austriackim ASK\u00d6 Pasching, SV Pasching, Linzer ASK, a tak\u017ce: Arminia Bielefeld, RB Leipzig, A\u00d3 X\u00e1nthi, GS Ergot\u00e9lis.<\/p>\n<p>20.01.1988 Urodzi\u0142 si\u0119 <strong>Jeffr\u00e9n Su\u00e1rez<\/strong>, napastnik, mistrz Europy U-21 2011, zdobywca Ligi Mistrz\u00f3w 2011 Klubowy Mistrz \u015awiata 2011 z Barcelon\u0105<\/p>\n<p>20.01.1983 Zmar\u0142 <strong>Garrincha<\/strong>, mistrz \u015bwiata 1958,1962. Jeden z najwi\u0119kszych pi\u0142karzy w historii pi\u0142ki no\u017cnej.<\/p>\n<p>20.01.1994 Zmar\u0142 <strong>Matt Busby<\/strong>, pi\u0142karz Manchesteru City w latach 28-36 oraz Liverpoolu 36-39, w latach 1945-1969 i 70-71 trener Manchesteru United<\/p>\n<p>2006-01.20 W Egipcie rozpocz\u0105\u0142 si\u0119 25 <strong>Puchar Narod\u00f3w Afryki<\/strong><\/p>\n<p>2008-01.20 W Ghanie rozpocz\u0105\u0142 si\u0119 26 <strong>Puchar Narod\u00f3w Afryki<\/strong><\/p>\n<p>2010-01-20 <strong>Tajlandia-Polska<\/strong> 1-3 Nakhon Ratczasima(Tajlandia) mecz towarzyski,turniej: Puchar Kr\u00f3la bramki: Therdsak Chaiman 90&#8242;-k- Kamil Glik 43&#8242;, Patryk Ma\u0142ecki 52&#8242;, Marcin Robak 87&#8242;<\/p>\n<p>2014-01-20 <strong>Mo\u0142dawia-Polska<\/strong> 0-1 Abu Zabi (ZEA) mecz towarzyski gol: Pawe\u0142 Bro\u017cek 9&#8242;<\/p>\n","protected":false},"excerpt":{"rendered":"<p>Pi\u0142karska kartka z kalendarza: 20 stycznia 20.01.1921 Urodzi\u0142 si\u0119 Telmo Zarra hispza\u0144ski napastnik, do niedawna rekordzista pod wzgl\u0119dem liczby strzelonych goli w lidze hiszpa\u0144skiej, w 277 meczach Athletico Bilbao zdoby\u0142 251 bramek 20.01.1956 Urodzi\u0142 si\u0119 Rodolfo Rodr\u00edguez, urugwajski bramkarz, zdobywca Copa America 1983, zdobywca Pucharu Interkontynentalnego 1980 i Copa Libertadores 1980 z Nacional Montevideo. W [&hellip;]<\/p>\n","protected":false},"author":3,"featured_media":12991,"comment_status":"closed","ping_status":"open","sticky":false,"template":"","format":"standard","meta":{"_acf_changed":false,"footnotes":""},"categories":[144],"tags":[143],"class_list":["post-7125","post","type-post","status-publish","format-standard","has-post-thumbnail","hentry","category-kartka-z-kalendarza","tag-kalendarium"],"acf":[],"_links":{"self":[{"href":"https:\/\/kronika-futbolu.pl\/historia\/wp-json\/wp\/v2\/posts\/7125","targetHints":{"allow":["GET"]}}],"collection":[{"href":"https:\/\/kronika-futbolu.pl\/historia\/wp-json\/wp\/v2\/posts"}],"about":[{"href":"https:\/\/kronika-futbolu.pl\/historia\/wp-json\/wp\/v2\/types\/post"}],"author":[{"embeddable":true,"href":"https:\/\/kronika-futbolu.pl\/historia\/wp-json\/wp\/v2\/users\/3"}],"replies":[{"embeddable":true,"href":"https:\/\/kronika-futbolu.pl\/historia\/wp-json\/wp\/v2\/comments?post=7125"}],"version-history":[{"count":1,"href":"https:\/\/kronika-futbolu.pl\/historia\/wp-json\/wp\/v2\/posts\/7125\/revisions"}],"predecessor-version":[{"id":13267,"href":"https:\/\/kronika-futbolu.pl\/historia\/wp-json\/wp\/v2\/posts\/7125\/revisions\/13267"}],"wp:featuredmedia":[{"embeddable":true,"href":"https:\/\/kronika-futbolu.pl\/historia\/wp-json\/wp\/v2\/media\/12991"}],"wp:attachment":[{"href":"https:\/\/kronika-futbolu.pl\/historia\/wp-json\/wp\/v2\/media?parent=7125"}],"wp:term":[{"taxonomy":"category","embeddable":true,"href":"https:\/\/kronika-futbolu.pl\/historia\/wp-json\/wp\/v2\/categories?post=7125"},{"taxonomy":"post_tag","embeddable":true,"href":"https:\/\/kronika-futbolu.pl\/historia\/wp-json\/wp\/v2\/tags?post=7125"}],"curies":[{"name":"wp","href":"https:\/\/api.w.org\/{rel}","templated":true}]}}