{"id":7158,"date":"2020-02-03T00:01:20","date_gmt":"2020-02-02T23:01:20","guid":{"rendered":"https:\/\/kronika-futbolu.pl\/historia\/?p=7158"},"modified":"2020-02-03T00:01:20","modified_gmt":"2020-02-02T23:01:20","slug":"pilkarska-kartka-kalendarza-3-lutego","status":"publish","type":"post","link":"https:\/\/kronika-futbolu.pl\/historia\/pilkarska-kartka-kalendarza-3-lutego\/","title":{"rendered":"Pi\u0142karska kartka z kalendarza 3 lutego"},"content":{"rendered":"<h4>Pi\u0142karska kartka z kalendarza 3 lutego<\/h4>\n<p>1947.02.03 Urodzi\u0142 si\u0119 <strong>Christo Bonew<\/strong>, bu\u0142garski napastnik, jeden z najlepszych bu\u0142garskich pi\u0142karzy<br \/>\nw historii, najwi\u0119ksze sukcesy odnosi\u0142 z Lokomotiwem P\u0142odiw, jako trener awansowa\u0142 z reprezentacj\u0105 Bu\u0142garii<br \/>\ndo mistrzostw \u015bwiata 1998<\/p>\n<p>1960.02.03 Urodzi\u0142 si\u0119 <strong>Joachim L\u00f6w<\/strong> (na zdj\u0119ciu)<strong>,<\/strong> niemiecki pi\u0142karz, trener, obecny szkoleniowiec reprezentacji Niemiec z kt\u00f3r\u0105 w 2008 zdoby\u0142 wicemistrzostwo Europy a w 2010 zaj\u0105\u0142 3 miejsce na mistrzostwach \u015bwiata<\/p>\n<p>1972.02.03 Urodzi\u0142 si\u0119 <strong>Mart Poom<\/strong> esto\u0144ski bramkarz, 120 mecz\u00f3w w reprezentacji, kilkukrotnie wybierany pi\u0142karzem roku w Estonii<\/p>\n<p>1993-02-03 <strong>Izrael &#8211; Polska<\/strong> 0-0 MT Tel Awiw<\/p>\n<p>1999-02-03 <strong>Malta &#8211; Polska<\/strong> 0-1 MT Ta&#8217; Qali, gol: Tomasz K\u0142os 90&#8242;<\/p>\n<p>2007-02-03 <strong>Polska &#8211; Estonia<\/strong> 4-0 MT Hiszpania bramki: Dariusz Dudka 25&#8242;, Adam Kokoszka 32&#8242;, Maciej Iwa\u0144ski 70&#8242;, Pawe\u0142 Gola\u0144ski 76&#8242;<\/p>\n","protected":false},"excerpt":{"rendered":"<p>Pi\u0142karska kartka z kalendarza 3 lutego 1947.02.03 Urodzi\u0142 si\u0119 Christo Bonew, bu\u0142garski napastnik, jeden z najlepszych bu\u0142garskich pi\u0142karzy w historii, najwi\u0119ksze sukcesy odnosi\u0142 z Lokomotiwem P\u0142odiw, jako trener awansowa\u0142 z reprezentacj\u0105 Bu\u0142garii do mistrzostw \u015bwiata 1998 1960.02.03 Urodzi\u0142 si\u0119 Joachim L\u00f6w (na zdj\u0119ciu), niemiecki pi\u0142karz, trener, obecny szkoleniowiec reprezentacji Niemiec z kt\u00f3r\u0105 w 2008 zdoby\u0142 [&hellip;]<\/p>\n","protected":false},"author":3,"featured_media":0,"comment_status":"closed","ping_status":"open","sticky":false,"template":"","format":"standard","meta":{"_acf_changed":false,"footnotes":""},"categories":[144],"tags":[143],"class_list":["post-7158","post","type-post","status-publish","format-standard","hentry","category-kartka-z-kalendarza","tag-kalendarium"],"acf":[],"_links":{"self":[{"href":"https:\/\/kronika-futbolu.pl\/historia\/wp-json\/wp\/v2\/posts\/7158","targetHints":{"allow":["GET"]}}],"collection":[{"href":"https:\/\/kronika-futbolu.pl\/historia\/wp-json\/wp\/v2\/posts"}],"about":[{"href":"https:\/\/kronika-futbolu.pl\/historia\/wp-json\/wp\/v2\/types\/post"}],"author":[{"embeddable":true,"href":"https:\/\/kronika-futbolu.pl\/historia\/wp-json\/wp\/v2\/users\/3"}],"replies":[{"embeddable":true,"href":"https:\/\/kronika-futbolu.pl\/historia\/wp-json\/wp\/v2\/comments?post=7158"}],"version-history":[{"count":0,"href":"https:\/\/kronika-futbolu.pl\/historia\/wp-json\/wp\/v2\/posts\/7158\/revisions"}],"wp:attachment":[{"href":"https:\/\/kronika-futbolu.pl\/historia\/wp-json\/wp\/v2\/media?parent=7158"}],"wp:term":[{"taxonomy":"category","embeddable":true,"href":"https:\/\/kronika-futbolu.pl\/historia\/wp-json\/wp\/v2\/categories?post=7158"},{"taxonomy":"post_tag","embeddable":true,"href":"https:\/\/kronika-futbolu.pl\/historia\/wp-json\/wp\/v2\/tags?post=7158"}],"curies":[{"name":"wp","href":"https:\/\/api.w.org\/{rel}","templated":true}]}}